{"id":5945940,"date":"2026-09-03T15:24:54","date_gmt":"2026-09-03T13:24:54","guid":{"rendered":"https:\/\/zewo.ch\/?p=5945940"},"modified":"2026-09-03T16:01:35","modified_gmt":"2026-09-03T14:01:35","slug":"news-congres-zewo-2026-repenser-les-ong","status":"publish","type":"post","link":"https:\/\/zewo.ch\/fr\/news-congres-zewo-2026-repenser-les-ong\/","title":{"rendered":"Congr\u00e8s Zewo 2026 : Repenser les ONG"},"content":{"rendered":"\n<p>Au programme du Congr\u00e8s Zewo 2026 figuraient notamment la mutation du monde du travail et les exigences en mati\u00e8re de ressources humaines, l\u2019impact fond\u00e9 sur des donn\u00e9es probantes avec la laur\u00e9ate du prix Nobel Esther Duflo, l\u2019utilisation de l\u2019IA et la gestion des agents d\u2019IA, le contr\u00f4le bas\u00e9 sur les risques des partenaires, des b\u00e9n\u00e9ficiaires et des flux financiers, ainsi que la pens\u00e9e syst\u00e9mique au service du changement et de la conception de l\u2019avenir.<\/p>\n\n\n\n<p>Sous la devise <strong>\u00ab Repenser les organisations \u00e0 but non lucratif \u00bb<\/strong>, la journ\u00e9e a \u00e9t\u00e9 marqu\u00e9e par des interventions, des d\u00e9bats et de nombreux espaces d\u2019\u00e9change sur la mani\u00e8re dont ces organisations peuvent fa\u00e7onner le changement, partager les responsabilit\u00e9s et garantir la confiance.<\/p>\n\n\n\n<p>D\u00e8s le d\u00e9but, <strong>l\u2019expert en RH Thomas B\u00f6sch<\/strong> a soulign\u00e9 que la mutation du monde du travail s\u2019accompagnait d\u2019opportunit\u00e9s, mais aussi d\u2019inconv\u00e9nients. Les mod\u00e8les de travail participatifs en sont un exemple : ils r\u00e9pondent au besoin de nombreux collaborateurs de s\u2019exprimer et de s\u2019impliquer. Mais utilis\u00e9s \u00e0 outrance et sans accords clairs, ils peuvent d\u00e9boucher sur une irresponsabilit\u00e9 collective. Il incombe donc aux dirigeants d\u2019organiser la collaboration de mani\u00e8re \u00e0 trouver un bon \u00e9quilibre entre les besoins des collaborateurs et ceux de l\u2019organisation.<\/p>\n\n\n\n<p><strong>Markus Gm\u00fcr<\/strong> a pr\u00e9sent\u00e9 les r\u00e9sultats de la nouvelle \u00e9tude de la Zewo sur les r\u00e9mun\u00e9rations 2026. Celle-ci montre que les r\u00e9mun\u00e9rations au sein des organisations d&rsquo;entraide suisses restent mod\u00e9r\u00e9es et s\u2019expliquent en grande partie<strong>.<\/strong><\/p>\n\n\n\n<p>La <strong>laur\u00e9ate du prix Nobel<\/strong> <strong>Esther Duflo<\/strong> a encourag\u00e9 les organisations \u00e0 but non lucratif \u00e0 utiliser leurs ressources de plus en plus limit\u00e9es l\u00e0 o\u00f9 elles ont le plus d\u2019impact \u2013 et \u00e0 s\u2019appuyer pour cela sur les conclusions de la recherche fond\u00e9e sur des donn\u00e9es probantes. Ce qui fonctionne de mani\u00e8re av\u00e9r\u00e9e doit \u00eatre d\u00e9ploy\u00e9 \u00e0 plus grande \u00e9chelle. Parall\u00e8lement, de nouvelles id\u00e9es doivent \u00eatre test\u00e9es et \u00e9valu\u00e9es rigoureusement. Il arrive souvent que certaines initiatives ne fonctionnent pas. L\u2019essentiel est de le d\u00e9tecter t\u00f4t, d\u2019agir et d\u2019en tirer des enseignements. Au c\u0153ur de la recherche fond\u00e9e sur des donn\u00e9es probantes, il s\u2019agit de se demander non pas ce qu\u2019elle nous apporte, mais ce qu\u2019elle apporte aux personnes concern\u00e9es.<\/p>\n\n\n\n<p>Cinq groupes de discussion ont port\u00e9 sur des questions concr\u00e8tes issues de la pratique des OBNL : l\u2019utilisation de l\u2019IA dans la gestion financi\u00e8re et des ressources humaines, le d\u00e9fi de rester visible en tant qu\u2019organisation \u00e0 l\u2019\u00e8re des agents IA, la mani\u00e8re dont les OSBL peuvent exploiter les enseignements tir\u00e9s de la mesure d\u2019impact pour l\u2019apprentissage et le d\u00e9veloppement, ainsi que la diligence raisonnable fond\u00e9e sur les risques concernant les partenaires, les b\u00e9n\u00e9ficiaires et les flux financiers afin de pr\u00e9venir les risques d\u2019abus.<\/p>\n\n\n\n<p>Lors de la table ronde, <strong>la mod\u00e9ratrice Ladina Spiess<\/strong> a discut\u00e9 avec <strong>Nora Kronig<\/strong>, directrice de la Croix-Rouge suisse, <strong>Melchior Lengsfeld<\/strong>, directeur d\u2019Helvetas, et <strong>Florian Steinbacher<\/strong>, vice-directeur de l\u2019Office f\u00e9d\u00e9ral des assurances sociales (OFAS), des d\u00e9fis actuels auxquels sont confront\u00e9es les organisations \u00e0 but non lucratif et de la mani\u00e8re dont le secteur \u00e0 but non lucratif peut continuer \u00e0 se d\u00e9velopper dans un contexte en mutation.<\/p>\n\n\n\n<p><strong>Martina Ziegerer<\/strong> a donn\u00e9 un premier aper\u00e7u des donn\u00e9es les plus r\u00e9centes issues des statistiques de recettes de la Zewo. Elle a montr\u00e9 que les moyens de paiement num\u00e9riques et le remplacement annonc\u00e9 du pr\u00e9l\u00e8vement automatique constituent des enjeux d\u2019actualit\u00e9 pour le secteur des OBNL, pour lesquels la Zewo s\u2019engage aux c\u00f4t\u00e9s d\u2019autres acteurs du secteur. Gr\u00e2ce \u00e0 de nouveaux outils sur les normes Zewo et \u00e0 des dispositifs visant \u00e0 stimuler les dons en faveur des organisations \u00e0 but non lucratif, la Zewo aide en outre les organisations certifi\u00e9es \u00e0 rendre la confiance visible et \u00e0 la renforcer.<\/p>\n\n\n\n<p>Pour conclure, <strong>Nora Wilhelm<\/strong> a donn\u00e9 aux participants des pistes de r\u00e9flexion sur la pens\u00e9e syst\u00e9mique. Son appel : \u00ab Pour fa\u00e7onner l\u2019avenir, il faut identifier les liens, remettre en question les sch\u00e9mas de pens\u00e9e familiers et \u00eatre pr\u00eat \u00e0 repenser les choses. \u00bb En \u00e9cho \u00e0 la devise du Congr\u00e8s Zewo, elle a cit\u00e9 : <strong>\u00ab Nous ne pouvons pas r\u00e9soudre nos probl\u00e8mes avec la m\u00eame pens\u00e9e que celle que nous avons utilis\u00e9e pour les cr\u00e9er. \u00bb<\/strong><\/p>\n\n\n\n<p>Et comme apr\u00e8s le Congr\u00e8s, c\u2019est d\u00e9j\u00e0 avant le prochain : nous nous r\u00e9jouissons de vous revoir lors du prochain Congr\u00e8s Zewo, le <strong>7 septembre 2027 au Casino de Berne<\/strong>. N\u2019h\u00e9sitez pas \u00e0 noter cette date d\u00e8s aujourd\u2019hui !<\/p>\n\n\n\n<div style=\"height:30px\" aria-hidden=\"true\" class=\"wp-block-spacer\"><\/div>\n\n\n\n<p><strong>Impressions du Congr\u00e8s Zewo 2026<\/strong><\/p>\n\n\n\n<p>Voici quelques impressions d\u2019une journ\u00e9e riche en id\u00e9es, en rencontres et en discussions stimulantes.<\/p>\n\n\n\n<div class=\"wp-block-columns is-layout-flex wp-container-core-columns-is-layout-9d6595d7 wp-block-columns-is-layout-flex\">\n<div class=\"wp-block-column is-layout-flow wp-block-column-is-layout-flow\">\n<figure class=\"wp-block-gallery has-nested-images columns-default is-cropped wp-block-gallery-2 is-layout-flex wp-block-gallery-is-layout-flex\">\n<figure class=\"wp-block-image size-large\"><img loading=\"lazy\" decoding=\"async\" width=\"1024\" height=\"683\" data-id=\"5945981\" src=\"https:\/\/zewo.ch\/wp-content\/uploads\/2026\/09\/01-ZewoTagung_2026_Web_Referenten-1024x683.jpg\" alt=\"\" class=\"wp-image-5945981\" srcset=\"https:\/\/zewo.ch\/wp-content\/uploads\/2026\/09\/01-ZewoTagung_2026_Web_Referenten-1024x683.jpg 1024w, https:\/\/zewo.ch\/wp-content\/uploads\/2026\/09\/01-ZewoTagung_2026_Web_Referenten-300x200.jpg 300w, https:\/\/zewo.ch\/wp-content\/uploads\/2026\/09\/01-ZewoTagung_2026_Web_Referenten-768x512.jpg 768w, https:\/\/zewo.ch\/wp-content\/uploads\/2026\/09\/01-ZewoTagung_2026_Web_Referenten-1536x1024.jpg 1536w, https:\/\/zewo.ch\/wp-content\/uploads\/2026\/09\/01-ZewoTagung_2026_Web_Referenten.jpg 1800w\" sizes=\"auto, (min-width: 960px) 75vw, 100vw\" \/><figcaption class=\"wp-element-caption\">Kurt Gr\u00fcter<\/figcaption><\/figure>\n<\/figure>\n<\/div>\n\n\n\n<div class=\"wp-block-column is-layout-flow wp-block-column-is-layout-flow\">\n<figure class=\"wp-block-gallery has-nested-images columns-default is-cropped wp-block-gallery-3 is-layout-flex wp-block-gallery-is-layout-flex\">\n<figure class=\"wp-block-image size-large\"><img loading=\"lazy\" decoding=\"async\" width=\"1024\" height=\"683\" data-id=\"5945860\" src=\"https:\/\/zewo.ch\/wp-content\/uploads\/2026\/09\/05-ZewoTagung_2026_Web_Referenten-1024x683.jpg\" alt=\"\" class=\"wp-image-5945860\" srcset=\"https:\/\/zewo.ch\/wp-content\/uploads\/2026\/09\/05-ZewoTagung_2026_Web_Referenten-1024x683.jpg 1024w, https:\/\/zewo.ch\/wp-content\/uploads\/2026\/09\/05-ZewoTagung_2026_Web_Referenten-300x200.jpg 300w, https:\/\/zewo.ch\/wp-content\/uploads\/2026\/09\/05-ZewoTagung_2026_Web_Referenten-768x512.jpg 768w, https:\/\/zewo.ch\/wp-content\/uploads\/2026\/09\/05-ZewoTagung_2026_Web_Referenten-1536x1024.jpg 1536w, https:\/\/zewo.ch\/wp-content\/uploads\/2026\/09\/05-ZewoTagung_2026_Web_Referenten.jpg 1800w\" sizes=\"auto, (min-width: 960px) 75vw, 100vw\" \/><figcaption class=\"wp-element-caption\">Thomas B\u00f6sch<\/figcaption><\/figure>\n<\/figure>\n<\/div>\n<\/div>\n\n\n\n<div style=\"height:28px\" aria-hidden=\"true\" class=\"wp-block-spacer\"><\/div>\n\n\n\n<figure class=\"wp-block-gallery has-nested-images columns-default is-cropped wp-block-gallery-4 is-layout-flex wp-block-gallery-is-layout-flex\">\n<figure class=\"wp-block-image size-large\"><img loading=\"lazy\" decoding=\"async\" width=\"1024\" height=\"683\" data-id=\"5945864\" src=\"https:\/\/zewo.ch\/wp-content\/uploads\/2026\/09\/14-ZewoTagung_2026_Web_Referenten-1024x683.jpg\" alt=\"\" class=\"wp-image-5945864\" srcset=\"https:\/\/zewo.ch\/wp-content\/uploads\/2026\/09\/14-ZewoTagung_2026_Web_Referenten-1024x683.jpg 1024w, https:\/\/zewo.ch\/wp-content\/uploads\/2026\/09\/14-ZewoTagung_2026_Web_Referenten-300x200.jpg 300w, https:\/\/zewo.ch\/wp-content\/uploads\/2026\/09\/14-ZewoTagung_2026_Web_Referenten-768x512.jpg 768w, https:\/\/zewo.ch\/wp-content\/uploads\/2026\/09\/14-ZewoTagung_2026_Web_Referenten-1536x1024.jpg 1536w, https:\/\/zewo.ch\/wp-content\/uploads\/2026\/09\/14-ZewoTagung_2026_Web_Referenten.jpg 1800w\" sizes=\"auto, (min-width: 960px) 75vw, 100vw\" \/><figcaption class=\"wp-element-caption\">Esther Duflo<\/figcaption><\/figure>\n<\/figure>\n\n\n\n<div style=\"height:28px\" aria-hidden=\"true\" class=\"wp-block-spacer\"><\/div>\n\n\n\n<div class=\"wp-block-group is-nowrap is-layout-flex wp-container-core-group-is-layout-ad2f72ca wp-block-group-is-layout-flex\">\n<figure class=\"wp-block-gallery has-nested-images columns-2 is-cropped wp-block-gallery-5 is-layout-flex wp-block-gallery-is-layout-flex\">\n<figure class=\"wp-block-image size-large\"><img loading=\"lazy\" decoding=\"async\" width=\"1024\" height=\"683\" data-id=\"5946020\" src=\"https:\/\/zewo.ch\/wp-content\/uploads\/2026\/09\/09-ZewoTagung_2026_Web_Referenten-1024x683.jpg\" alt=\"\" class=\"wp-image-5946020\" style=\"aspect-ratio:4\/3\" srcset=\"https:\/\/zewo.ch\/wp-content\/uploads\/2026\/09\/09-ZewoTagung_2026_Web_Referenten-1024x683.jpg 1024w, https:\/\/zewo.ch\/wp-content\/uploads\/2026\/09\/09-ZewoTagung_2026_Web_Referenten-300x200.jpg 300w, https:\/\/zewo.ch\/wp-content\/uploads\/2026\/09\/09-ZewoTagung_2026_Web_Referenten-768x512.jpg 768w, https:\/\/zewo.ch\/wp-content\/uploads\/2026\/09\/09-ZewoTagung_2026_Web_Referenten-1536x1024.jpg 1536w, https:\/\/zewo.ch\/wp-content\/uploads\/2026\/09\/09-ZewoTagung_2026_Web_Referenten.jpg 1800w\" sizes=\"auto, (min-width: 960px) 75vw, 100vw\" \/><figcaption class=\"wp-element-caption\">Markus Gm\u00fcr<\/figcaption><\/figure>\n\n\n\n<figure class=\"wp-block-image size-large\"><img loading=\"lazy\" decoding=\"async\" width=\"1567\" height=\"1200\" data-id=\"5945872\" src=\"https:\/\/zewo.ch\/wp-content\/uploads\/2026\/09\/24-ZewoTagung_2026_Web_Referenten.jpg\" alt=\"\" class=\"wp-image-5945872\" style=\"aspect-ratio:4\/3\" srcset=\"https:\/\/zewo.ch\/wp-content\/uploads\/2026\/09\/24-ZewoTagung_2026_Web_Referenten.jpg 1567w, https:\/\/zewo.ch\/wp-content\/uploads\/2026\/09\/24-ZewoTagung_2026_Web_Referenten-300x230.jpg 300w, https:\/\/zewo.ch\/wp-content\/uploads\/2026\/09\/24-ZewoTagung_2026_Web_Referenten-1024x784.jpg 1024w, https:\/\/zewo.ch\/wp-content\/uploads\/2026\/09\/24-ZewoTagung_2026_Web_Referenten-768x588.jpg 768w, https:\/\/zewo.ch\/wp-content\/uploads\/2026\/09\/24-ZewoTagung_2026_Web_Referenten-1536x1176.jpg 1536w\" sizes=\"auto, (min-width: 960px) 75vw, 100vw\" \/><figcaption class=\"wp-element-caption\">Nicolas Germiquet<\/figcaption><\/figure>\n\n\n\n<figure class=\"wp-block-image size-large\"><img loading=\"lazy\" decoding=\"async\" width=\"1024\" height=\"683\" data-id=\"5945867\" src=\"https:\/\/zewo.ch\/wp-content\/uploads\/2026\/09\/23-ZewoTagung_2026_Web_Referenten-1024x683.jpg\" alt=\"\" class=\"wp-image-5945867\" style=\"aspect-ratio:4\/3\" srcset=\"https:\/\/zewo.ch\/wp-content\/uploads\/2026\/09\/23-ZewoTagung_2026_Web_Referenten-1024x683.jpg 1024w, https:\/\/zewo.ch\/wp-content\/uploads\/2026\/09\/23-ZewoTagung_2026_Web_Referenten-300x200.jpg 300w, https:\/\/zewo.ch\/wp-content\/uploads\/2026\/09\/23-ZewoTagung_2026_Web_Referenten-768x512.jpg 768w, https:\/\/zewo.ch\/wp-content\/uploads\/2026\/09\/23-ZewoTagung_2026_Web_Referenten-1536x1024.jpg 1536w, https:\/\/zewo.ch\/wp-content\/uploads\/2026\/09\/23-ZewoTagung_2026_Web_Referenten.jpg 1800w\" sizes=\"auto, (min-width: 960px) 75vw, 100vw\" \/><figcaption class=\"wp-element-caption\">Roger Zimmermann<\/figcaption><\/figure>\n\n\n\n<figure class=\"wp-block-image size-large\"><img loading=\"lazy\" decoding=\"async\" width=\"1024\" height=\"683\" data-id=\"5945990\" src=\"https:\/\/zewo.ch\/wp-content\/uploads\/2026\/09\/28-ZewoTagung_2026_Web_Referenten-1024x683.jpg\" alt=\"\" class=\"wp-image-5945990\" style=\"aspect-ratio:4\/3\" srcset=\"https:\/\/zewo.ch\/wp-content\/uploads\/2026\/09\/28-ZewoTagung_2026_Web_Referenten-1024x683.jpg 1024w, https:\/\/zewo.ch\/wp-content\/uploads\/2026\/09\/28-ZewoTagung_2026_Web_Referenten-300x200.jpg 300w, https:\/\/zewo.ch\/wp-content\/uploads\/2026\/09\/28-ZewoTagung_2026_Web_Referenten-768x512.jpg 768w, https:\/\/zewo.ch\/wp-content\/uploads\/2026\/09\/28-ZewoTagung_2026_Web_Referenten-1536x1024.jpg 1536w, https:\/\/zewo.ch\/wp-content\/uploads\/2026\/09\/28-ZewoTagung_2026_Web_Referenten.jpg 1800w\" sizes=\"auto, (min-width: 960px) 75vw, 100vw\" \/><figcaption class=\"wp-element-caption\">Lukas Regli<\/figcaption><\/figure>\n\n\n\n<figure class=\"wp-block-image size-large\"><img loading=\"lazy\" decoding=\"async\" width=\"1024\" height=\"683\" data-id=\"5945879\" src=\"https:\/\/zewo.ch\/wp-content\/uploads\/2026\/09\/31-ZewoTagung_2026_Web_Referenten-1024x683.jpg\" alt=\"\" class=\"wp-image-5945879\" style=\"aspect-ratio:4\/3\" srcset=\"https:\/\/zewo.ch\/wp-content\/uploads\/2026\/09\/31-ZewoTagung_2026_Web_Referenten-1024x683.jpg 1024w, https:\/\/zewo.ch\/wp-content\/uploads\/2026\/09\/31-ZewoTagung_2026_Web_Referenten-300x200.jpg 300w, https:\/\/zewo.ch\/wp-content\/uploads\/2026\/09\/31-ZewoTagung_2026_Web_Referenten-768x512.jpg 768w, https:\/\/zewo.ch\/wp-content\/uploads\/2026\/09\/31-ZewoTagung_2026_Web_Referenten-1536x1024.jpg 1536w, https:\/\/zewo.ch\/wp-content\/uploads\/2026\/09\/31-ZewoTagung_2026_Web_Referenten.jpg 1800w\" sizes=\"auto, (min-width: 960px) 75vw, 100vw\" \/><figcaption class=\"wp-element-caption\">Ateliers de g. \u00e0 dr. : Markus Gasser et St\u00e9phanie Aepli<\/figcaption><\/figure>\n<\/figure>\n<\/div>\n\n\n\n<div style=\"height:28px\" aria-hidden=\"true\" class=\"wp-block-spacer\"><\/div>\n\n\n\n<figure class=\"wp-block-gallery has-nested-images columns-2 is-cropped wp-block-gallery-6 is-layout-flex wp-block-gallery-is-layout-flex\">\n<figure class=\"wp-block-image size-large\"><img loading=\"lazy\" decoding=\"async\" width=\"1024\" height=\"683\" data-id=\"5945873\" src=\"https:\/\/zewo.ch\/wp-content\/uploads\/2026\/09\/27-ZewoTagung_2026_Web_Referenten-1024x683.jpg\" alt=\"\" class=\"wp-image-5945873\" style=\"aspect-ratio:4\/3\" srcset=\"https:\/\/zewo.ch\/wp-content\/uploads\/2026\/09\/27-ZewoTagung_2026_Web_Referenten-1024x683.jpg 1024w, https:\/\/zewo.ch\/wp-content\/uploads\/2026\/09\/27-ZewoTagung_2026_Web_Referenten-300x200.jpg 300w, https:\/\/zewo.ch\/wp-content\/uploads\/2026\/09\/27-ZewoTagung_2026_Web_Referenten-768x512.jpg 768w, https:\/\/zewo.ch\/wp-content\/uploads\/2026\/09\/27-ZewoTagung_2026_Web_Referenten-1536x1024.jpg 1536w, https:\/\/zewo.ch\/wp-content\/uploads\/2026\/09\/27-ZewoTagung_2026_Web_Referenten.jpg 1800w\" sizes=\"auto, (min-width: 960px) 75vw, 100vw\" \/><figcaption class=\"wp-element-caption\">Kimon Schneider<\/figcaption><\/figure>\n\n\n\n<figure class=\"wp-block-image size-large\"><img loading=\"lazy\" decoding=\"async\" width=\"1024\" height=\"683\" data-id=\"5946035\" src=\"https:\/\/zewo.ch\/wp-content\/uploads\/2026\/09\/47-ZewoTagung_2026_Web_Referenten-1024x683.jpg\" alt=\"\" class=\"wp-image-5946035\" style=\"aspect-ratio:4\/3\" srcset=\"https:\/\/zewo.ch\/wp-content\/uploads\/2026\/09\/47-ZewoTagung_2026_Web_Referenten-1024x683.jpg 1024w, https:\/\/zewo.ch\/wp-content\/uploads\/2026\/09\/47-ZewoTagung_2026_Web_Referenten-300x200.jpg 300w, https:\/\/zewo.ch\/wp-content\/uploads\/2026\/09\/47-ZewoTagung_2026_Web_Referenten-768x512.jpg 768w, https:\/\/zewo.ch\/wp-content\/uploads\/2026\/09\/47-ZewoTagung_2026_Web_Referenten-1536x1024.jpg 1536w, https:\/\/zewo.ch\/wp-content\/uploads\/2026\/09\/47-ZewoTagung_2026_Web_Referenten.jpg 1800w\" sizes=\"auto, (min-width: 960px) 75vw, 100vw\" \/><figcaption class=\"wp-element-caption\">Nora Kronig<\/figcaption><\/figure>\n\n\n\n<figure class=\"wp-block-image size-large\"><img loading=\"lazy\" decoding=\"async\" width=\"1024\" height=\"683\" data-id=\"5945985\" src=\"https:\/\/zewo.ch\/wp-content\/uploads\/2026\/09\/20-ZewoTagung_2026_Web_Referenten-1024x683.jpg\" alt=\"\" class=\"wp-image-5945985\" style=\"aspect-ratio:4\/3\" srcset=\"https:\/\/zewo.ch\/wp-content\/uploads\/2026\/09\/20-ZewoTagung_2026_Web_Referenten-1024x683.jpg 1024w, https:\/\/zewo.ch\/wp-content\/uploads\/2026\/09\/20-ZewoTagung_2026_Web_Referenten-300x200.jpg 300w, https:\/\/zewo.ch\/wp-content\/uploads\/2026\/09\/20-ZewoTagung_2026_Web_Referenten-768x512.jpg 768w, https:\/\/zewo.ch\/wp-content\/uploads\/2026\/09\/20-ZewoTagung_2026_Web_Referenten-1536x1024.jpg 1536w, https:\/\/zewo.ch\/wp-content\/uploads\/2026\/09\/20-ZewoTagung_2026_Web_Referenten.jpg 1800w\" sizes=\"auto, (min-width: 960px) 75vw, 100vw\" \/><figcaption class=\"wp-element-caption\">Adriano D\u00e4ppen<\/figcaption><\/figure>\n\n\n\n<figure class=\"wp-block-image size-large\"><img loading=\"lazy\" decoding=\"async\" width=\"1024\" height=\"683\" data-id=\"5945888\" src=\"https:\/\/zewo.ch\/wp-content\/uploads\/2026\/09\/36-ZewoTagung_2026_Web_Referenten-1024x683.jpg\" alt=\"\" class=\"wp-image-5945888\" style=\"aspect-ratio:4\/3\" srcset=\"https:\/\/zewo.ch\/wp-content\/uploads\/2026\/09\/36-ZewoTagung_2026_Web_Referenten-1024x683.jpg 1024w, https:\/\/zewo.ch\/wp-content\/uploads\/2026\/09\/36-ZewoTagung_2026_Web_Referenten-300x200.jpg 300w, https:\/\/zewo.ch\/wp-content\/uploads\/2026\/09\/36-ZewoTagung_2026_Web_Referenten-768x512.jpg 768w, https:\/\/zewo.ch\/wp-content\/uploads\/2026\/09\/36-ZewoTagung_2026_Web_Referenten-1536x1024.jpg 1536w, https:\/\/zewo.ch\/wp-content\/uploads\/2026\/09\/36-ZewoTagung_2026_Web_Referenten.jpg 1800w\" sizes=\"auto, (min-width: 960px) 75vw, 100vw\" \/><figcaption class=\"wp-element-caption\">Nora Willhelm<\/figcaption><\/figure>\n\n\n\n<figure class=\"wp-block-image size-large\"><img loading=\"lazy\" decoding=\"async\" width=\"1024\" height=\"683\" data-id=\"5946032\" src=\"https:\/\/zewo.ch\/wp-content\/uploads\/2026\/09\/45-ZewoTagung_2026_Web_Referenten-1024x683.jpg\" alt=\"\" class=\"wp-image-5946032\" style=\"aspect-ratio:4\/3\" srcset=\"https:\/\/zewo.ch\/wp-content\/uploads\/2026\/09\/45-ZewoTagung_2026_Web_Referenten-1024x683.jpg 1024w, https:\/\/zewo.ch\/wp-content\/uploads\/2026\/09\/45-ZewoTagung_2026_Web_Referenten-300x200.jpg 300w, https:\/\/zewo.ch\/wp-content\/uploads\/2026\/09\/45-ZewoTagung_2026_Web_Referenten-768x512.jpg 768w, https:\/\/zewo.ch\/wp-content\/uploads\/2026\/09\/45-ZewoTagung_2026_Web_Referenten-1536x1024.jpg 1536w, https:\/\/zewo.ch\/wp-content\/uploads\/2026\/09\/45-ZewoTagung_2026_Web_Referenten.jpg 1800w\" sizes=\"auto, (min-width: 960px) 75vw, 100vw\" \/><figcaption class=\"wp-element-caption\">Melchior Lengsfeld<\/figcaption><\/figure>\n\n\n\n<figure class=\"wp-block-image size-large\"><img loading=\"lazy\" decoding=\"async\" width=\"1024\" height=\"683\" data-id=\"5946029\" src=\"https:\/\/zewo.ch\/wp-content\/uploads\/2026\/09\/44-ZewoTagung_2026_Web_Referenten-1024x683.jpg\" alt=\"\" class=\"wp-image-5946029\" style=\"aspect-ratio:4\/3\" srcset=\"https:\/\/zewo.ch\/wp-content\/uploads\/2026\/09\/44-ZewoTagung_2026_Web_Referenten-1024x683.jpg 1024w, https:\/\/zewo.ch\/wp-content\/uploads\/2026\/09\/44-ZewoTagung_2026_Web_Referenten-300x200.jpg 300w, https:\/\/zewo.ch\/wp-content\/uploads\/2026\/09\/44-ZewoTagung_2026_Web_Referenten-768x512.jpg 768w, https:\/\/zewo.ch\/wp-content\/uploads\/2026\/09\/44-ZewoTagung_2026_Web_Referenten-1536x1024.jpg 1536w, https:\/\/zewo.ch\/wp-content\/uploads\/2026\/09\/44-ZewoTagung_2026_Web_Referenten.jpg 1800w\" sizes=\"auto, (min-width: 960px) 75vw, 100vw\" \/><figcaption class=\"wp-element-caption\">Florian Steinbacher<\/figcaption><\/figure>\n<\/figure>\n\n\n\n<div style=\"height:16px\" aria-hidden=\"true\" class=\"wp-block-spacer\"><\/div>\n\n\n\n<figure class=\"wp-block-gallery has-nested-images columns-default is-cropped wp-block-gallery-7 is-layout-flex wp-block-gallery-is-layout-flex\">\n<figure class=\"wp-block-image size-large\"><img loading=\"lazy\" decoding=\"async\" width=\"1024\" height=\"683\" data-id=\"5945902\" src=\"https:\/\/zewo.ch\/wp-content\/uploads\/2026\/09\/42-ZewoTagung_2026_Web_Referenten-1024x683.jpg\" alt=\"\" class=\"wp-image-5945902\" srcset=\"https:\/\/zewo.ch\/wp-content\/uploads\/2026\/09\/42-ZewoTagung_2026_Web_Referenten-1024x683.jpg 1024w, https:\/\/zewo.ch\/wp-content\/uploads\/2026\/09\/42-ZewoTagung_2026_Web_Referenten-300x200.jpg 300w, https:\/\/zewo.ch\/wp-content\/uploads\/2026\/09\/42-ZewoTagung_2026_Web_Referenten-768x512.jpg 768w, https:\/\/zewo.ch\/wp-content\/uploads\/2026\/09\/42-ZewoTagung_2026_Web_Referenten-1536x1024.jpg 1536w, https:\/\/zewo.ch\/wp-content\/uploads\/2026\/09\/42-ZewoTagung_2026_Web_Referenten.jpg 1800w\" sizes=\"auto, (min-width: 960px) 75vw, 100vw\" \/><\/figure>\n\n\n\n<figure class=\"wp-block-image size-large\"><img loading=\"lazy\" decoding=\"async\" width=\"1024\" height=\"683\" data-id=\"5945993\" src=\"https:\/\/zewo.ch\/wp-content\/uploads\/2026\/09\/40-ZewoTagung_2026_Web_Referenten-1024x683.jpg\" alt=\"\" class=\"wp-image-5945993\" srcset=\"https:\/\/zewo.ch\/wp-content\/uploads\/2026\/09\/40-ZewoTagung_2026_Web_Referenten-1024x683.jpg 1024w, https:\/\/zewo.ch\/wp-content\/uploads\/2026\/09\/40-ZewoTagung_2026_Web_Referenten-300x200.jpg 300w, https:\/\/zewo.ch\/wp-content\/uploads\/2026\/09\/40-ZewoTagung_2026_Web_Referenten-768x512.jpg 768w, https:\/\/zewo.ch\/wp-content\/uploads\/2026\/09\/40-ZewoTagung_2026_Web_Referenten-1536x1024.jpg 1536w, https:\/\/zewo.ch\/wp-content\/uploads\/2026\/09\/40-ZewoTagung_2026_Web_Referenten.jpg 1800w\" sizes=\"auto, (min-width: 960px) 75vw, 100vw\" \/><\/figure>\n<\/figure>\n\n\n\n<div style=\"height:28px\" aria-hidden=\"true\" class=\"wp-block-spacer\"><\/div>\n\n\n\n<figure class=\"wp-block-gallery has-nested-images columns-default is-cropped wp-block-gallery-8 is-layout-flex wp-block-gallery-is-layout-flex\">\n<figure class=\"wp-block-image size-large\"><img loading=\"lazy\" decoding=\"async\" width=\"1024\" height=\"683\" data-id=\"5945891\" src=\"https:\/\/zewo.ch\/wp-content\/uploads\/2026\/09\/51-ZewoTagung_2026_Web_Referenten-1024x683.jpg\" alt=\"\" class=\"wp-image-5945891\" srcset=\"https:\/\/zewo.ch\/wp-content\/uploads\/2026\/09\/51-ZewoTagung_2026_Web_Referenten-1024x683.jpg 1024w, https:\/\/zewo.ch\/wp-content\/uploads\/2026\/09\/51-ZewoTagung_2026_Web_Referenten-300x200.jpg 300w, https:\/\/zewo.ch\/wp-content\/uploads\/2026\/09\/51-ZewoTagung_2026_Web_Referenten-768x512.jpg 768w, https:\/\/zewo.ch\/wp-content\/uploads\/2026\/09\/51-ZewoTagung_2026_Web_Referenten-1536x1024.jpg 1536w, https:\/\/zewo.ch\/wp-content\/uploads\/2026\/09\/51-ZewoTagung_2026_Web_Referenten.jpg 1800w\" sizes=\"auto, (min-width: 960px) 75vw, 100vw\" \/><figcaption class=\"wp-element-caption\">Table ronde de g. \u00e0 dr. : Ladina Spiess (pr\u00e9sentatrice), Florian Steinbacher, Nora Kronig, Melchior Lengsfeld<\/figcaption><\/figure>\n<\/figure>\n\n\n\n<div style=\"height:19px\" aria-hidden=\"true\" class=\"wp-block-spacer\"><\/div>\n\n\n\n<figure class=\"wp-block-image size-large is-resized\"><img loading=\"lazy\" decoding=\"async\" width=\"683\" height=\"1024\" src=\"https:\/\/zewo.ch\/wp-content\/uploads\/2026\/09\/41-ZewoTagung_2026_Web_Referenten-683x1024.jpg\" alt=\"\" class=\"wp-image-5945994\" style=\"aspect-ratio:0.6670074618894297;width:837px;height:auto\" srcset=\"https:\/\/zewo.ch\/wp-content\/uploads\/2026\/09\/41-ZewoTagung_2026_Web_Referenten-683x1024.jpg 683w, https:\/\/zewo.ch\/wp-content\/uploads\/2026\/09\/41-ZewoTagung_2026_Web_Referenten-200x300.jpg 200w, https:\/\/zewo.ch\/wp-content\/uploads\/2026\/09\/41-ZewoTagung_2026_Web_Referenten-768x1152.jpg 768w, https:\/\/zewo.ch\/wp-content\/uploads\/2026\/09\/41-ZewoTagung_2026_Web_Referenten-1024x1536.jpg 1024w, https:\/\/zewo.ch\/wp-content\/uploads\/2026\/09\/41-ZewoTagung_2026_Web_Referenten.jpg 1200w\" sizes=\"auto, (min-width: 960px) 75vw, 100vw\" \/><\/figure>\n\n\n\n<p><em>Photos : Jairo N\u2019tango<\/em><\/p>\n\n\n\n<div style=\"height:19px\" aria-hidden=\"true\" class=\"wp-block-spacer\"><\/div>\n\n\n\n<div class=\"wp-block-cgb-block-zewo-block-button ab-block-button\"><a href=\"https:\/\/zewo.ch\/fr\/congres-zewo\/\" class=\"button primary\"><span class=\"button-arrow\"><\/span>Congr\u00e8s Zewo<\/a><\/div>\n\n\n\n<div style=\"height:19px\" aria-hidden=\"true\" class=\"wp-block-spacer\"><\/div>\n","protected":false},"excerpt":{"rendered":"<p>Environ 250 experts et dirigeants d\u2019organisations \u00e0 but non lucratif de toute la Suisse se sont r\u00e9unis au Congr\u00e8s Zewo le 1er septembre 2026 au Volkshaus de Zurich \u00e0 l\u2019occasion du Congr\u00e8s Zewo. <\/p>\n","protected":false},"author":38,"featured_media":5945984,"comment_status":"closed","ping_status":"closed","sticky":false,"template":"","format":"standard","meta":{"_acf_changed":false,"footnotes":""},"categories":[8768,8769,11],"tags":[],"class_list":["post-5945940","post","type-post","status-publish","format-standard","has-post-thumbnail","hentry","category-fundraising","category-news-2","category-non-classifiee"],"acf":[],"yoast_head":"<!-- This site is optimized with the Yoast SEO Premium plugin v27.5 (Yoast SEO v27.5) - https:\/\/yoast.com\/product\/yoast-seo-premium-wordpress\/ -->\n<title>Zewo<\/title>\n<meta name=\"description\" content=\"Environ 250 experts et dirigeants d\u2019OBNL ont \u00e9chang\u00e9 au Congr\u00e8s Zewo 2026 sur l\u2019impact, l\u2019IA, le leadership et l\u2019avenir du secteur \u00e0 but non lucratif.\" \/>\n<meta name=\"robots\" content=\"index, follow, max-snippet:-1, max-image-preview:large, max-video-preview:-1\" \/>\n<link rel=\"canonical\" href=\"https:\/\/zewo.ch\/fr\/news-congres-zewo-2026-repenser-les-ong\/\" \/>\n<meta property=\"og:locale\" content=\"fr_FR\" \/>\n<meta property=\"og:type\" content=\"article\" \/>\n<meta property=\"og:description\" content=\"Environ 250 experts et dirigeants d\u2019OBNL ont \u00e9chang\u00e9 au Congr\u00e8s Zewo 2026 sur l\u2019impact, l\u2019IA, le leadership et l\u2019avenir du secteur \u00e0 but non lucratif.\" \/>\n<meta property=\"og:url\" content=\"https:\/\/zewo.ch\/fr\/news-congres-zewo-2026-repenser-les-ong\/\" \/>\n<meta property=\"og:site_name\" content=\"Zewo\" \/>\n<meta property=\"article:publisher\" content=\"https:\/\/www.facebook.com\/Stiftung.ZEWO\/\" \/>\n<meta property=\"article:published_time\" content=\"2026-09-03T13:24:54+00:00\" \/>\n<meta property=\"article:modified_time\" content=\"2026-09-03T14:01:35+00:00\" \/>\n<meta property=\"og:image\" content=\"https:\/\/zewo.ch\/wp-content\/uploads\/2026\/09\/13-ZewoTagung_2026_Web_Referenten.jpg\" \/>\n\t<meta property=\"og:image:width\" content=\"1800\" \/>\n\t<meta property=\"og:image:height\" content=\"1200\" \/>\n\t<meta property=\"og:image:type\" content=\"image\/jpeg\" \/>\n<meta name=\"author\" content=\"Maja Gloor\" \/>\n<meta name=\"twitter:card\" content=\"summary_large_image\" \/>\n<meta name=\"twitter:creator\" content=\"@stiftung_zewo\" \/>\n<meta name=\"twitter:site\" content=\"@stiftung_zewo\" \/>\n<meta name=\"twitter:label1\" content=\"\u00c9crit par\" \/>\n\t<meta name=\"twitter:data1\" content=\"Maja Gloor\" \/>\n\t<meta name=\"twitter:label2\" content=\"Dur\u00e9e de lecture estim\u00e9e\" \/>\n\t<meta name=\"twitter:data2\" content=\"9 minutes\" \/>\n<script type=\"application\/ld+json\" class=\"yoast-schema-graph\">{\"@context\":\"https:\\\/\\\/schema.org\",\"@graph\":[{\"@type\":\"Article\",\"@id\":\"https:\\\/\\\/zewo.ch\\\/fr\\\/news-congres-zewo-2026-repenser-les-ong\\\/#article\",\"isPartOf\":{\"@id\":\"https:\\\/\\\/zewo.ch\\\/fr\\\/news-congres-zewo-2026-repenser-les-ong\\\/\"},\"author\":{\"name\":\"Maja Gloor\",\"@id\":\"https:\\\/\\\/zewo.ch\\\/fr\\\/#\\\/schema\\\/person\\\/5cf31137a255c852ba66f794541c3f8f\"},\"headline\":\"Congr\u00e8s Zewo 2026 : Repenser les ONG\",\"datePublished\":\"2026-09-03T13:24:54+00:00\",\"dateModified\":\"2026-09-03T14:01:35+00:00\",\"mainEntityOfPage\":{\"@id\":\"https:\\\/\\\/zewo.ch\\\/fr\\\/news-congres-zewo-2026-repenser-les-ong\\\/\"},\"wordCount\":916,\"publisher\":{\"@id\":\"https:\\\/\\\/zewo.ch\\\/fr\\\/#organization\"},\"image\":{\"@id\":\"https:\\\/\\\/zewo.ch\\\/fr\\\/news-congres-zewo-2026-repenser-les-ong\\\/#primaryimage\"},\"thumbnailUrl\":\"https:\\\/\\\/zewo.ch\\\/wp-content\\\/uploads\\\/2026\\\/09\\\/13-ZewoTagung_2026_Web_Referenten.jpg\",\"articleSection\":[\"Fundraising\",\"News\",\"Non classifi\u00e9(e)\"],\"inLanguage\":\"fr-FR\"},{\"@type\":\"WebPage\",\"@id\":\"https:\\\/\\\/zewo.ch\\\/fr\\\/news-congres-zewo-2026-repenser-les-ong\\\/#webpage\",\"url\":\"https:\\\/\\\/zewo.ch\\\/fr\\\/news-congres-zewo-2026-repenser-les-ong\\\/#webpage\",\"name\":\"\",\"isPartOf\":{\"@id\":\"https:\\\/\\\/zewo.ch\\\/fr\\\/#website\"},\"primaryImageOfPage\":{\"@id\":\"https:\\\/\\\/zewo.ch\\\/fr\\\/news-congres-zewo-2026-repenser-les-ong\\\/#primaryimage\"},\"image\":{\"@id\":\"https:\\\/\\\/zewo.ch\\\/fr\\\/news-congres-zewo-2026-repenser-les-ong\\\/#primaryimage\"},\"thumbnailUrl\":\"https:\\\/\\\/zewo.ch\\\/wp-content\\\/uploads\\\/2026\\\/09\\\/13-ZewoTagung_2026_Web_Referenten.jpg\",\"datePublished\":\"2026-09-03T13:24:54+00:00\",\"dateModified\":\"2026-09-03T14:01:35+00:00\",\"description\":\"Environ 250 experts et dirigeants d\u2019OBNL ont \u00e9chang\u00e9 au Congr\u00e8s Zewo 2026 sur l\u2019impact, l\u2019IA, le leadership et l\u2019avenir du secteur \u00e0 but non lucratif.\",\"breadcrumb\":{\"@id\":\"https:\\\/\\\/zewo.ch\\\/fr\\\/news-congres-zewo-2026-repenser-les-ong\\\/#breadcrumb\"},\"inLanguage\":\"fr-FR\",\"potentialAction\":[{\"@type\":\"ReadAction\",\"target\":[\"https:\\\/\\\/zewo.ch\\\/fr\\\/news-congres-zewo-2026-repenser-les-ong\\\/\"]}]},{\"@type\":\"ImageObject\",\"inLanguage\":\"fr-FR\",\"@id\":\"https:\\\/\\\/zewo.ch\\\/fr\\\/news-congres-zewo-2026-repenser-les-ong\\\/#primaryimage\",\"url\":\"https:\\\/\\\/zewo.ch\\\/wp-content\\\/uploads\\\/2026\\\/09\\\/13-ZewoTagung_2026_Web_Referenten.jpg\",\"contentUrl\":\"https:\\\/\\\/zewo.ch\\\/wp-content\\\/uploads\\\/2026\\\/09\\\/13-ZewoTagung_2026_Web_Referenten.jpg\",\"width\":1800,\"height\":1200},{\"@type\":\"BreadcrumbList\",\"@id\":\"https:\\\/\\\/zewo.ch\\\/fr\\\/news-congres-zewo-2026-repenser-les-ong\\\/#breadcrumb\",\"itemListElement\":[{\"@type\":\"ListItem\",\"position\":1,\"name\":\"Home\",\"item\":\"https:\\\/\\\/zewo.ch\\\/fr\\\/\"},{\"@type\":\"ListItem\",\"position\":2,\"name\":\"Congr\u00e8s Zewo 2026 : Repenser les ONG\"}]},{\"@type\":\"WebSite\",\"@id\":\"https:\\\/\\\/zewo.ch\\\/fr\\\/#website\",\"url\":\"https:\\\/\\\/zewo.ch\\\/fr\\\/\",\"name\":\"Zewo\",\"description\":\"Votre don en bonnes mains.\",\"publisher\":{\"@id\":\"https:\\\/\\\/zewo.ch\\\/fr\\\/#organization\"},\"potentialAction\":[{\"@type\":\"SearchAction\",\"target\":{\"@type\":\"EntryPoint\",\"urlTemplate\":\"https:\\\/\\\/zewo.ch\\\/fr\\\/?s={search_term_string}\"},\"query-input\":{\"@type\":\"PropertyValueSpecification\",\"valueRequired\":true,\"valueName\":\"search_term_string\"}}],\"inLanguage\":\"fr-FR\"},{\"@type\":\"Organization\",\"@id\":\"https:\\\/\\\/zewo.ch\\\/fr\\\/#organization\",\"name\":\"Stiftung Zewo\",\"url\":\"https:\\\/\\\/zewo.ch\\\/fr\\\/\",\"logo\":{\"@type\":\"ImageObject\",\"inLanguage\":\"fr-FR\",\"@id\":\"https:\\\/\\\/zewo.ch\\\/fr\\\/#\\\/schema\\\/logo\\\/image\\\/\",\"url\":\"https:\\\/\\\/zewo.ch\\\/wp-content\\\/uploads\\\/2019\\\/08\\\/Zewo_Logo_Claim_D.svg\",\"contentUrl\":\"https:\\\/\\\/zewo.ch\\\/wp-content\\\/uploads\\\/2019\\\/08\\\/Zewo_Logo_Claim_D.svg\",\"width\":1,\"height\":1,\"caption\":\"Stiftung Zewo\"},\"image\":{\"@id\":\"https:\\\/\\\/zewo.ch\\\/fr\\\/#\\\/schema\\\/logo\\\/image\\\/\"},\"sameAs\":[\"https:\\\/\\\/www.facebook.com\\\/Stiftung.ZEWO\\\/\",\"https:\\\/\\\/x.com\\\/stiftung_zewo\",\"https:\\\/\\\/www.linkedin.com\\\/company\\\/stiftung-zewo\",\"https:\\\/\\\/www.youtube.com\\\/channel\\\/UCzjsVJro12OXcvvx1LQP8tw\",\"https:\\\/\\\/de.wikipedia.org\\\/wiki\\\/Zewo\"]},{\"@type\":\"Person\",\"@id\":\"https:\\\/\\\/zewo.ch\\\/fr\\\/#\\\/schema\\\/person\\\/5cf31137a255c852ba66f794541c3f8f\",\"name\":\"Maja Gloor\",\"image\":{\"@type\":\"ImageObject\",\"inLanguage\":\"fr-FR\",\"@id\":\"https:\\\/\\\/secure.gravatar.com\\\/avatar\\\/433bbbc6f9ae2f3d867b9b184d8b32145a34edb2acdc04b544aa2d6023aaa24d?s=96&d=mm&r=g\",\"url\":\"https:\\\/\\\/secure.gravatar.com\\\/avatar\\\/433bbbc6f9ae2f3d867b9b184d8b32145a34edb2acdc04b544aa2d6023aaa24d?s=96&d=mm&r=g\",\"contentUrl\":\"https:\\\/\\\/secure.gravatar.com\\\/avatar\\\/433bbbc6f9ae2f3d867b9b184d8b32145a34edb2acdc04b544aa2d6023aaa24d?s=96&d=mm&r=g\",\"caption\":\"Maja Gloor\"},\"sameAs\":[\"https:\\\/\\\/www.zewo.ch\\\/\"]}]}<\/script>\n<!-- \/ Yoast SEO Premium plugin. -->","yoast_head_json":{"title":"Zewo","description":"Environ 250 experts et dirigeants d\u2019OBNL ont \u00e9chang\u00e9 au Congr\u00e8s Zewo 2026 sur l\u2019impact, l\u2019IA, le leadership et l\u2019avenir du secteur \u00e0 but non lucratif.","robots":{"index":"index","follow":"follow","max-snippet":"max-snippet:-1","max-image-preview":"max-image-preview:large","max-video-preview":"max-video-preview:-1"},"canonical":"https:\/\/zewo.ch\/fr\/news-congres-zewo-2026-repenser-les-ong\/","og_locale":"fr_FR","og_type":"article","og_description":"Environ 250 experts et dirigeants d\u2019OBNL ont \u00e9chang\u00e9 au Congr\u00e8s Zewo 2026 sur l\u2019impact, l\u2019IA, le leadership et l\u2019avenir du secteur \u00e0 but non lucratif.","og_url":"https:\/\/zewo.ch\/fr\/news-congres-zewo-2026-repenser-les-ong\/","og_site_name":"Zewo","article_publisher":"https:\/\/www.facebook.com\/Stiftung.ZEWO\/","article_published_time":"2026-09-03T13:24:54+00:00","article_modified_time":"2026-09-03T14:01:35+00:00","og_image":[{"width":1800,"height":1200,"url":"https:\/\/zewo.ch\/wp-content\/uploads\/2026\/09\/13-ZewoTagung_2026_Web_Referenten.jpg","type":"image\/jpeg"}],"author":"Maja Gloor","twitter_card":"summary_large_image","twitter_creator":"@stiftung_zewo","twitter_site":"@stiftung_zewo","twitter_misc":{"\u00c9crit par":"Maja Gloor","Dur\u00e9e de lecture estim\u00e9e":"9 minutes"},"schema":{"@context":"https:\/\/schema.org","@graph":[{"@type":"Article","@id":"https:\/\/zewo.ch\/fr\/news-congres-zewo-2026-repenser-les-ong\/#article","isPartOf":{"@id":"https:\/\/zewo.ch\/fr\/news-congres-zewo-2026-repenser-les-ong\/"},"author":{"name":"Maja Gloor","@id":"https:\/\/zewo.ch\/fr\/#\/schema\/person\/5cf31137a255c852ba66f794541c3f8f"},"headline":"Congr\u00e8s Zewo 2026 : Repenser les ONG","datePublished":"2026-09-03T13:24:54+00:00","dateModified":"2026-09-03T14:01:35+00:00","mainEntityOfPage":{"@id":"https:\/\/zewo.ch\/fr\/news-congres-zewo-2026-repenser-les-ong\/"},"wordCount":916,"publisher":{"@id":"https:\/\/zewo.ch\/fr\/#organization"},"image":{"@id":"https:\/\/zewo.ch\/fr\/news-congres-zewo-2026-repenser-les-ong\/#primaryimage"},"thumbnailUrl":"https:\/\/zewo.ch\/wp-content\/uploads\/2026\/09\/13-ZewoTagung_2026_Web_Referenten.jpg","articleSection":["Fundraising","News","Non classifi\u00e9(e)"],"inLanguage":"fr-FR"},{"@type":"WebPage","@id":"https:\/\/zewo.ch\/fr\/news-congres-zewo-2026-repenser-les-ong\/#webpage","url":"https:\/\/zewo.ch\/fr\/news-congres-zewo-2026-repenser-les-ong\/#webpage","name":"","isPartOf":{"@id":"https:\/\/zewo.ch\/fr\/#website"},"primaryImageOfPage":{"@id":"https:\/\/zewo.ch\/fr\/news-congres-zewo-2026-repenser-les-ong\/#primaryimage"},"image":{"@id":"https:\/\/zewo.ch\/fr\/news-congres-zewo-2026-repenser-les-ong\/#primaryimage"},"thumbnailUrl":"https:\/\/zewo.ch\/wp-content\/uploads\/2026\/09\/13-ZewoTagung_2026_Web_Referenten.jpg","datePublished":"2026-09-03T13:24:54+00:00","dateModified":"2026-09-03T14:01:35+00:00","description":"Environ 250 experts et dirigeants d\u2019OBNL ont \u00e9chang\u00e9 au Congr\u00e8s Zewo 2026 sur l\u2019impact, l\u2019IA, le leadership et l\u2019avenir du secteur \u00e0 but non lucratif.","breadcrumb":{"@id":"https:\/\/zewo.ch\/fr\/news-congres-zewo-2026-repenser-les-ong\/#breadcrumb"},"inLanguage":"fr-FR","potentialAction":[{"@type":"ReadAction","target":["https:\/\/zewo.ch\/fr\/news-congres-zewo-2026-repenser-les-ong\/"]}]},{"@type":"ImageObject","inLanguage":"fr-FR","@id":"https:\/\/zewo.ch\/fr\/news-congres-zewo-2026-repenser-les-ong\/#primaryimage","url":"https:\/\/zewo.ch\/wp-content\/uploads\/2026\/09\/13-ZewoTagung_2026_Web_Referenten.jpg","contentUrl":"https:\/\/zewo.ch\/wp-content\/uploads\/2026\/09\/13-ZewoTagung_2026_Web_Referenten.jpg","width":1800,"height":1200},{"@type":"BreadcrumbList","@id":"https:\/\/zewo.ch\/fr\/news-congres-zewo-2026-repenser-les-ong\/#breadcrumb","itemListElement":[{"@type":"ListItem","position":1,"name":"Home","item":"https:\/\/zewo.ch\/fr\/"},{"@type":"ListItem","position":2,"name":"Congr\u00e8s Zewo 2026 : Repenser les ONG"}]},{"@type":"WebSite","@id":"https:\/\/zewo.ch\/fr\/#website","url":"https:\/\/zewo.ch\/fr\/","name":"Zewo","description":"Votre don en bonnes mains.","publisher":{"@id":"https:\/\/zewo.ch\/fr\/#organization"},"potentialAction":[{"@type":"SearchAction","target":{"@type":"EntryPoint","urlTemplate":"https:\/\/zewo.ch\/fr\/?s={search_term_string}"},"query-input":{"@type":"PropertyValueSpecification","valueRequired":true,"valueName":"search_term_string"}}],"inLanguage":"fr-FR"},{"@type":"Organization","@id":"https:\/\/zewo.ch\/fr\/#organization","name":"Stiftung Zewo","url":"https:\/\/zewo.ch\/fr\/","logo":{"@type":"ImageObject","inLanguage":"fr-FR","@id":"https:\/\/zewo.ch\/fr\/#\/schema\/logo\/image\/","url":"https:\/\/zewo.ch\/wp-content\/uploads\/2019\/08\/Zewo_Logo_Claim_D.svg","contentUrl":"https:\/\/zewo.ch\/wp-content\/uploads\/2019\/08\/Zewo_Logo_Claim_D.svg","width":1,"height":1,"caption":"Stiftung Zewo"},"image":{"@id":"https:\/\/zewo.ch\/fr\/#\/schema\/logo\/image\/"},"sameAs":["https:\/\/www.facebook.com\/Stiftung.ZEWO\/","https:\/\/x.com\/stiftung_zewo","https:\/\/www.linkedin.com\/company\/stiftung-zewo","https:\/\/www.youtube.com\/channel\/UCzjsVJro12OXcvvx1LQP8tw","https:\/\/de.wikipedia.org\/wiki\/Zewo"]},{"@type":"Person","@id":"https:\/\/zewo.ch\/fr\/#\/schema\/person\/5cf31137a255c852ba66f794541c3f8f","name":"Maja Gloor","image":{"@type":"ImageObject","inLanguage":"fr-FR","@id":"https:\/\/secure.gravatar.com\/avatar\/433bbbc6f9ae2f3d867b9b184d8b32145a34edb2acdc04b544aa2d6023aaa24d?s=96&d=mm&r=g","url":"https:\/\/secure.gravatar.com\/avatar\/433bbbc6f9ae2f3d867b9b184d8b32145a34edb2acdc04b544aa2d6023aaa24d?s=96&d=mm&r=g","contentUrl":"https:\/\/secure.gravatar.com\/avatar\/433bbbc6f9ae2f3d867b9b184d8b32145a34edb2acdc04b544aa2d6023aaa24d?s=96&d=mm&r=g","caption":"Maja Gloor"},"sameAs":["https:\/\/www.zewo.ch\/"]}]}},"publishpress_future_action":{"enabled":false,"date":"2026-09-12 20:44:46","action":"change-status","newStatus":"draft","terms":[],"taxonomy":"category","extraData":[]},"publishpress_future_workflow_manual_trigger":{"enabledWorkflows":[]},"_links":{"self":[{"href":"https:\/\/zewo.ch\/fr\/wp-json\/wp\/v2\/posts\/5945940","targetHints":{"allow":["GET"]}}],"collection":[{"href":"https:\/\/zewo.ch\/fr\/wp-json\/wp\/v2\/posts"}],"about":[{"href":"https:\/\/zewo.ch\/fr\/wp-json\/wp\/v2\/types\/post"}],"author":[{"embeddable":true,"href":"https:\/\/zewo.ch\/fr\/wp-json\/wp\/v2\/users\/38"}],"replies":[{"embeddable":true,"href":"https:\/\/zewo.ch\/fr\/wp-json\/wp\/v2\/comments?post=5945940"}],"version-history":[{"count":17,"href":"https:\/\/zewo.ch\/fr\/wp-json\/wp\/v2\/posts\/5945940\/revisions"}],"predecessor-version":[{"id":5946063,"href":"https:\/\/zewo.ch\/fr\/wp-json\/wp\/v2\/posts\/5945940\/revisions\/5946063"}],"wp:featuredmedia":[{"embeddable":true,"href":"https:\/\/zewo.ch\/fr\/wp-json\/wp\/v2\/media\/5945984"}],"wp:attachment":[{"href":"https:\/\/zewo.ch\/fr\/wp-json\/wp\/v2\/media?parent=5945940"}],"wp:term":[{"taxonomy":"category","embeddable":true,"href":"https:\/\/zewo.ch\/fr\/wp-json\/wp\/v2\/categories?post=5945940"},{"taxonomy":"post_tag","embeddable":true,"href":"https:\/\/zewo.ch\/fr\/wp-json\/wp\/v2\/tags?post=5945940"}],"curies":[{"name":"wp","href":"https:\/\/api.w.org\/{rel}","templated":true}]}}