{"id":5920210,"date":"2024-06-27T10:11:30","date_gmt":"2024-06-27T08:11:30","guid":{"rendered":"https:\/\/zewo.ch\/?p=5920210"},"modified":"2024-07-03T13:46:06","modified_gmt":"2024-07-03T11:46:06","slug":"news-congres-zewo-17-septembre-2024-volkshaus-zurich-sinscrire-des-maintenant","status":"publish","type":"post","link":"https:\/\/zewo.ch\/fr\/news-congres-zewo-17-septembre-2024-volkshaus-zurich-sinscrire-des-maintenant\/","title":{"rendered":"Congr\u00e8s Zewo 17 septembre 2024 Volkshaus Zurich &#8211; s&rsquo;inscrire d\u00e8s maintenant!"},"content":{"rendered":"\n<p><strong>Inspiration, innovation et r\u00e9seautage au Volkshaus de Zurich<\/strong><br>Plongez dans un monde de conf\u00e9rences inspirantes et de groupes de discussion pratiques qui vous aideront \u00e0 d\u00e9couvrir le plein potentiel des nouvelles possibilit\u00e9s technologiques et \u00e0 les mettre en \u0153uvre avec succ\u00e8s dans votre domaine. Profitez de cette occasion unique de vous former et de nouer de pr\u00e9cieux contacts.<\/p>\n\n\n\n<p><strong>Traduction simultan\u00e9e<\/strong><br>Tous les expos\u00e9s en s\u00e9ance pl\u00e9ni\u00e8re seront traduits simultan\u00e9ment en fran\u00e7ais ou en allemand.<\/p>\n\n\n\n<p><strong>Inscrivez-vous d\u00e8s maintenant !<\/strong> <strong>Congr\u00e8s Zewo 2024 le 17 septembre au Volkshaus de Zurich.<\/strong> <strong>Cet \u00e9v\u00e9nement est un must pour toutes les personnes actives dans les NPO d&rsquo;utilit\u00e9 publique.<\/strong><\/p>\n\n\n\n<div class=\"wp-block-cgb-block-zewo-block-button ab-block-button\"><a href=\"\/fr\/congres-zewo\/\" target=\"_blank\" rel=\"noopener noreferrer\" class=\"button primary\"><span class=\"button-arrow\"><\/span>Vers le programme et l&rsquo;inscription<\/a><\/div>\n\n\n\n<p><a href=\"https:\/\/zewo.ch\/de\/zewo-tagung\/\"><\/a><\/p>\n","protected":false},"excerpt":{"rendered":"<p>Pr\u00eats \u00e0 fa\u00e7onner l&rsquo;avenir ? Laissez-vous inspirer par de nouvelles approches et des strat\u00e9gies innovantes. Ensemble, nous nous attaquons aux d\u00e9fis qui attendent le mondes des NPO et posons les jalons d&rsquo;un avenir fructueux.<\/p>\n","protected":false},"author":38,"featured_media":5920212,"comment_status":"closed","ping_status":"closed","sticky":false,"template":"","format":"standard","meta":{"_acf_changed":false,"footnotes":""},"categories":[15543,8769],"tags":[],"class_list":["post-5920210","post","type-post","status-publish","format-standard","has-post-thumbnail","hentry","category-communication","category-news-2"],"acf":[],"yoast_head":"<!-- This site is optimized with the Yoast SEO Premium plugin v26.0 (Yoast SEO v26.0) - https:\/\/yoast.com\/wordpress\/plugins\/seo\/ -->\n<title>Zewo<\/title>\n<meta name=\"description\" content=\"Congr\u00e8s Zewo 2024: Prendre ses responsabilit\u00e9s - strategies pour une action durable des NPO - s&#039;inscrire d\u00e8s maintenant!\" \/>\n<meta name=\"robots\" content=\"index, follow, max-snippet:-1, max-image-preview:large, max-video-preview:-1\" \/>\n<link rel=\"canonical\" href=\"https:\/\/zewo.ch\/fr\/news-congres-zewo-17-septembre-2024-volkshaus-zurich-sinscrire-des-maintenant\/\" \/>\n<meta property=\"og:locale\" content=\"fr_FR\" \/>\n<meta property=\"og:type\" content=\"article\" \/>\n<meta property=\"og:description\" content=\"Congr\u00e8s Zewo 2024: Prendre ses responsabilit\u00e9s - strategies pour une action durable des NPO - s&#039;inscrire d\u00e8s maintenant!\" \/>\n<meta property=\"og:url\" content=\"https:\/\/zewo.ch\/fr\/news-congres-zewo-17-septembre-2024-volkshaus-zurich-sinscrire-des-maintenant\/\" \/>\n<meta property=\"og:site_name\" content=\"Zewo\" \/>\n<meta property=\"article:publisher\" content=\"https:\/\/www.facebook.com\/Stiftung.ZEWO\/\" \/>\n<meta property=\"article:published_time\" content=\"2024-06-27T08:11:30+00:00\" \/>\n<meta property=\"article:modified_time\" content=\"2024-07-03T11:46:06+00:00\" \/>\n<meta property=\"og:image\" content=\"https:\/\/zewo.ch\/wp-content\/uploads\/2024\/06\/Bild_Zewo_Tagung24_F.png\" \/>\n\t<meta property=\"og:image:width\" content=\"600\" \/>\n\t<meta property=\"og:image:height\" content=\"400\" \/>\n\t<meta property=\"og:image:type\" content=\"image\/png\" \/>\n<meta name=\"author\" content=\"Maja Gloor\" \/>\n<meta name=\"twitter:card\" content=\"summary_large_image\" \/>\n<meta name=\"twitter:creator\" content=\"@stiftung_zewo\" \/>\n<meta name=\"twitter:site\" content=\"@stiftung_zewo\" \/>\n<meta name=\"twitter:label1\" content=\"\u00c9crit par\" \/>\n\t<meta name=\"twitter:data1\" content=\"Maja Gloor\" \/>\n\t<meta name=\"twitter:label2\" content=\"Dur\u00e9e de lecture estim\u00e9e\" \/>\n\t<meta name=\"twitter:data2\" content=\"1 minute\" \/>\n<script type=\"application\/ld+json\" class=\"yoast-schema-graph\">{\"@context\":\"https:\/\/schema.org\",\"@graph\":[{\"@type\":\"Article\",\"@id\":\"https:\/\/zewo.ch\/fr\/news-congres-zewo-17-septembre-2024-volkshaus-zurich-sinscrire-des-maintenant\/#article\",\"isPartOf\":{\"@id\":\"https:\/\/zewo.ch\/fr\/news-congres-zewo-17-septembre-2024-volkshaus-zurich-sinscrire-des-maintenant\/\"},\"author\":{\"name\":\"Maja Gloor\",\"@id\":\"https:\/\/zewo.ch\/fr\/#\/schema\/person\/5cf31137a255c852ba66f794541c3f8f\"},\"headline\":\"Congr\u00e8s Zewo 17 septembre 2024 Volkshaus Zurich &#8211; s&rsquo;inscrire d\u00e8s maintenant!\",\"datePublished\":\"2024-06-27T08:11:30+00:00\",\"dateModified\":\"2024-07-03T11:46:06+00:00\",\"mainEntityOfPage\":{\"@id\":\"https:\/\/zewo.ch\/fr\/news-congres-zewo-17-septembre-2024-volkshaus-zurich-sinscrire-des-maintenant\/\"},\"wordCount\":133,\"publisher\":{\"@id\":\"https:\/\/zewo.ch\/fr\/#organization\"},\"image\":{\"@id\":\"https:\/\/zewo.ch\/fr\/news-congres-zewo-17-septembre-2024-volkshaus-zurich-sinscrire-des-maintenant\/#primaryimage\"},\"thumbnailUrl\":\"https:\/\/zewo.ch\/wp-content\/uploads\/2024\/06\/Bild_Zewo_Tagung24_F.png\",\"articleSection\":[\"Communication\",\"News\"],\"inLanguage\":\"fr-FR\"},{\"@type\":\"WebPage\",\"@id\":\"https:\/\/zewo.ch\/fr\/news-congres-zewo-17-septembre-2024-volkshaus-zurich-sinscrire-des-maintenant\/#webpage\",\"url\":\"https:\/\/zewo.ch\/fr\/news-congres-zewo-17-septembre-2024-volkshaus-zurich-sinscrire-des-maintenant\/#webpage\",\"name\":\"\",\"isPartOf\":{\"@id\":\"https:\/\/zewo.ch\/fr\/#website\"},\"primaryImageOfPage\":{\"@id\":\"https:\/\/zewo.ch\/fr\/news-congres-zewo-17-septembre-2024-volkshaus-zurich-sinscrire-des-maintenant\/#primaryimage\"},\"image\":{\"@id\":\"https:\/\/zewo.ch\/fr\/news-congres-zewo-17-septembre-2024-volkshaus-zurich-sinscrire-des-maintenant\/#primaryimage\"},\"thumbnailUrl\":\"https:\/\/zewo.ch\/wp-content\/uploads\/2024\/06\/Bild_Zewo_Tagung24_F.png\",\"datePublished\":\"2024-06-27T08:11:30+00:00\",\"dateModified\":\"2024-07-03T11:46:06+00:00\",\"description\":\"Congr\u00e8s Zewo 2024: Prendre ses responsabilit\u00e9s - strategies pour une action durable des NPO - s'inscrire d\u00e8s maintenant!\",\"breadcrumb\":{\"@id\":\"https:\/\/zewo.ch\/fr\/news-congres-zewo-17-septembre-2024-volkshaus-zurich-sinscrire-des-maintenant\/#breadcrumb\"},\"inLanguage\":\"fr-FR\",\"potentialAction\":[{\"@type\":\"ReadAction\",\"target\":[\"https:\/\/zewo.ch\/fr\/news-congres-zewo-17-septembre-2024-volkshaus-zurich-sinscrire-des-maintenant\/\"]}]},{\"@type\":\"ImageObject\",\"inLanguage\":\"fr-FR\",\"@id\":\"https:\/\/zewo.ch\/fr\/news-congres-zewo-17-septembre-2024-volkshaus-zurich-sinscrire-des-maintenant\/#primaryimage\",\"url\":\"https:\/\/zewo.ch\/wp-content\/uploads\/2024\/06\/Bild_Zewo_Tagung24_F.png\",\"contentUrl\":\"https:\/\/zewo.ch\/wp-content\/uploads\/2024\/06\/Bild_Zewo_Tagung24_F.png\",\"width\":600,\"height\":400,\"caption\":\"Image Congr\u00e8s Zewo 2024\"},{\"@type\":\"BreadcrumbList\",\"@id\":\"https:\/\/zewo.ch\/fr\/news-congres-zewo-17-septembre-2024-volkshaus-zurich-sinscrire-des-maintenant\/#breadcrumb\",\"itemListElement\":[{\"@type\":\"ListItem\",\"position\":1,\"name\":\"Home\",\"item\":\"https:\/\/zewo.ch\/fr\/\"},{\"@type\":\"ListItem\",\"position\":2,\"name\":\"Congr\u00e8s Zewo 17 septembre 2024 Volkshaus Zurich &#8211; s&#8217;inscrire d\u00e8s maintenant!\"}]},{\"@type\":\"WebSite\",\"@id\":\"https:\/\/zewo.ch\/fr\/#website\",\"url\":\"https:\/\/zewo.ch\/fr\/\",\"name\":\"Zewo\",\"description\":\"Votre don en bonnes mains.\",\"publisher\":{\"@id\":\"https:\/\/zewo.ch\/fr\/#organization\"},\"potentialAction\":[{\"@type\":\"SearchAction\",\"target\":{\"@type\":\"EntryPoint\",\"urlTemplate\":\"https:\/\/zewo.ch\/fr\/?s={search_term_string}\"},\"query-input\":{\"@type\":\"PropertyValueSpecification\",\"valueRequired\":true,\"valueName\":\"search_term_string\"}}],\"inLanguage\":\"fr-FR\"},{\"@type\":\"Organization\",\"@id\":\"https:\/\/zewo.ch\/fr\/#organization\",\"name\":\"Stiftung Zewo\",\"url\":\"https:\/\/zewo.ch\/fr\/\",\"logo\":{\"@type\":\"ImageObject\",\"inLanguage\":\"fr-FR\",\"@id\":\"https:\/\/zewo.ch\/fr\/#\/schema\/logo\/image\/\",\"url\":\"https:\/\/zewo.ch\/wp-content\/uploads\/2019\/08\/Zewo_Logo_Claim_D.svg\",\"contentUrl\":\"https:\/\/zewo.ch\/wp-content\/uploads\/2019\/08\/Zewo_Logo_Claim_D.svg\",\"width\":1,\"height\":1,\"caption\":\"Stiftung Zewo\"},\"image\":{\"@id\":\"https:\/\/zewo.ch\/fr\/#\/schema\/logo\/image\/\"},\"sameAs\":[\"https:\/\/www.facebook.com\/Stiftung.ZEWO\/\",\"https:\/\/x.com\/stiftung_zewo\",\"https:\/\/www.linkedin.com\/company\/stiftung-zewo\",\"https:\/\/www.youtube.com\/channel\/UCzjsVJro12OXcvvx1LQP8tw\",\"https:\/\/de.wikipedia.org\/wiki\/Zewo\"]},{\"@type\":\"Person\",\"@id\":\"https:\/\/zewo.ch\/fr\/#\/schema\/person\/5cf31137a255c852ba66f794541c3f8f\",\"name\":\"Maja Gloor\",\"image\":{\"@type\":\"ImageObject\",\"inLanguage\":\"fr-FR\",\"@id\":\"https:\/\/zewo.ch\/fr\/#\/schema\/person\/image\/\",\"url\":\"https:\/\/secure.gravatar.com\/avatar\/433bbbc6f9ae2f3d867b9b184d8b32145a34edb2acdc04b544aa2d6023aaa24d?s=96&d=mm&r=g\",\"contentUrl\":\"https:\/\/secure.gravatar.com\/avatar\/433bbbc6f9ae2f3d867b9b184d8b32145a34edb2acdc04b544aa2d6023aaa24d?s=96&d=mm&r=g\",\"caption\":\"Maja Gloor\"},\"sameAs\":[\"https:\/\/www.zewo.ch\/\"]}]}<\/script>\n<!-- \/ Yoast SEO Premium plugin. -->","yoast_head_json":{"title":"Zewo","description":"Congr\u00e8s Zewo 2024: Prendre ses responsabilit\u00e9s - strategies pour une action durable des NPO - s'inscrire d\u00e8s maintenant!","robots":{"index":"index","follow":"follow","max-snippet":"max-snippet:-1","max-image-preview":"max-image-preview:large","max-video-preview":"max-video-preview:-1"},"canonical":"https:\/\/zewo.ch\/fr\/news-congres-zewo-17-septembre-2024-volkshaus-zurich-sinscrire-des-maintenant\/","og_locale":"fr_FR","og_type":"article","og_description":"Congr\u00e8s Zewo 2024: Prendre ses responsabilit\u00e9s - strategies pour une action durable des NPO - s'inscrire d\u00e8s maintenant!","og_url":"https:\/\/zewo.ch\/fr\/news-congres-zewo-17-septembre-2024-volkshaus-zurich-sinscrire-des-maintenant\/","og_site_name":"Zewo","article_publisher":"https:\/\/www.facebook.com\/Stiftung.ZEWO\/","article_published_time":"2024-06-27T08:11:30+00:00","article_modified_time":"2024-07-03T11:46:06+00:00","og_image":[{"width":600,"height":400,"url":"https:\/\/zewo.ch\/wp-content\/uploads\/2024\/06\/Bild_Zewo_Tagung24_F.png","type":"image\/png"}],"author":"Maja Gloor","twitter_card":"summary_large_image","twitter_creator":"@stiftung_zewo","twitter_site":"@stiftung_zewo","twitter_misc":{"\u00c9crit par":"Maja Gloor","Dur\u00e9e de lecture estim\u00e9e":"1 minute"},"schema":{"@context":"https:\/\/schema.org","@graph":[{"@type":"Article","@id":"https:\/\/zewo.ch\/fr\/news-congres-zewo-17-septembre-2024-volkshaus-zurich-sinscrire-des-maintenant\/#article","isPartOf":{"@id":"https:\/\/zewo.ch\/fr\/news-congres-zewo-17-septembre-2024-volkshaus-zurich-sinscrire-des-maintenant\/"},"author":{"name":"Maja Gloor","@id":"https:\/\/zewo.ch\/fr\/#\/schema\/person\/5cf31137a255c852ba66f794541c3f8f"},"headline":"Congr\u00e8s Zewo 17 septembre 2024 Volkshaus Zurich &#8211; s&rsquo;inscrire d\u00e8s maintenant!","datePublished":"2024-06-27T08:11:30+00:00","dateModified":"2024-07-03T11:46:06+00:00","mainEntityOfPage":{"@id":"https:\/\/zewo.ch\/fr\/news-congres-zewo-17-septembre-2024-volkshaus-zurich-sinscrire-des-maintenant\/"},"wordCount":133,"publisher":{"@id":"https:\/\/zewo.ch\/fr\/#organization"},"image":{"@id":"https:\/\/zewo.ch\/fr\/news-congres-zewo-17-septembre-2024-volkshaus-zurich-sinscrire-des-maintenant\/#primaryimage"},"thumbnailUrl":"https:\/\/zewo.ch\/wp-content\/uploads\/2024\/06\/Bild_Zewo_Tagung24_F.png","articleSection":["Communication","News"],"inLanguage":"fr-FR"},{"@type":"WebPage","@id":"https:\/\/zewo.ch\/fr\/news-congres-zewo-17-septembre-2024-volkshaus-zurich-sinscrire-des-maintenant\/#webpage","url":"https:\/\/zewo.ch\/fr\/news-congres-zewo-17-septembre-2024-volkshaus-zurich-sinscrire-des-maintenant\/#webpage","name":"","isPartOf":{"@id":"https:\/\/zewo.ch\/fr\/#website"},"primaryImageOfPage":{"@id":"https:\/\/zewo.ch\/fr\/news-congres-zewo-17-septembre-2024-volkshaus-zurich-sinscrire-des-maintenant\/#primaryimage"},"image":{"@id":"https:\/\/zewo.ch\/fr\/news-congres-zewo-17-septembre-2024-volkshaus-zurich-sinscrire-des-maintenant\/#primaryimage"},"thumbnailUrl":"https:\/\/zewo.ch\/wp-content\/uploads\/2024\/06\/Bild_Zewo_Tagung24_F.png","datePublished":"2024-06-27T08:11:30+00:00","dateModified":"2024-07-03T11:46:06+00:00","description":"Congr\u00e8s Zewo 2024: Prendre ses responsabilit\u00e9s - strategies pour une action durable des NPO - s'inscrire d\u00e8s maintenant!","breadcrumb":{"@id":"https:\/\/zewo.ch\/fr\/news-congres-zewo-17-septembre-2024-volkshaus-zurich-sinscrire-des-maintenant\/#breadcrumb"},"inLanguage":"fr-FR","potentialAction":[{"@type":"ReadAction","target":["https:\/\/zewo.ch\/fr\/news-congres-zewo-17-septembre-2024-volkshaus-zurich-sinscrire-des-maintenant\/"]}]},{"@type":"ImageObject","inLanguage":"fr-FR","@id":"https:\/\/zewo.ch\/fr\/news-congres-zewo-17-septembre-2024-volkshaus-zurich-sinscrire-des-maintenant\/#primaryimage","url":"https:\/\/zewo.ch\/wp-content\/uploads\/2024\/06\/Bild_Zewo_Tagung24_F.png","contentUrl":"https:\/\/zewo.ch\/wp-content\/uploads\/2024\/06\/Bild_Zewo_Tagung24_F.png","width":600,"height":400,"caption":"Image Congr\u00e8s Zewo 2024"},{"@type":"BreadcrumbList","@id":"https:\/\/zewo.ch\/fr\/news-congres-zewo-17-septembre-2024-volkshaus-zurich-sinscrire-des-maintenant\/#breadcrumb","itemListElement":[{"@type":"ListItem","position":1,"name":"Home","item":"https:\/\/zewo.ch\/fr\/"},{"@type":"ListItem","position":2,"name":"Congr\u00e8s Zewo 17 septembre 2024 Volkshaus Zurich &#8211; s&#8217;inscrire d\u00e8s maintenant!"}]},{"@type":"WebSite","@id":"https:\/\/zewo.ch\/fr\/#website","url":"https:\/\/zewo.ch\/fr\/","name":"Zewo","description":"Votre don en bonnes mains.","publisher":{"@id":"https:\/\/zewo.ch\/fr\/#organization"},"potentialAction":[{"@type":"SearchAction","target":{"@type":"EntryPoint","urlTemplate":"https:\/\/zewo.ch\/fr\/?s={search_term_string}"},"query-input":{"@type":"PropertyValueSpecification","valueRequired":true,"valueName":"search_term_string"}}],"inLanguage":"fr-FR"},{"@type":"Organization","@id":"https:\/\/zewo.ch\/fr\/#organization","name":"Stiftung Zewo","url":"https:\/\/zewo.ch\/fr\/","logo":{"@type":"ImageObject","inLanguage":"fr-FR","@id":"https:\/\/zewo.ch\/fr\/#\/schema\/logo\/image\/","url":"https:\/\/zewo.ch\/wp-content\/uploads\/2019\/08\/Zewo_Logo_Claim_D.svg","contentUrl":"https:\/\/zewo.ch\/wp-content\/uploads\/2019\/08\/Zewo_Logo_Claim_D.svg","width":1,"height":1,"caption":"Stiftung Zewo"},"image":{"@id":"https:\/\/zewo.ch\/fr\/#\/schema\/logo\/image\/"},"sameAs":["https:\/\/www.facebook.com\/Stiftung.ZEWO\/","https:\/\/x.com\/stiftung_zewo","https:\/\/www.linkedin.com\/company\/stiftung-zewo","https:\/\/www.youtube.com\/channel\/UCzjsVJro12OXcvvx1LQP8tw","https:\/\/de.wikipedia.org\/wiki\/Zewo"]},{"@type":"Person","@id":"https:\/\/zewo.ch\/fr\/#\/schema\/person\/5cf31137a255c852ba66f794541c3f8f","name":"Maja Gloor","image":{"@type":"ImageObject","inLanguage":"fr-FR","@id":"https:\/\/zewo.ch\/fr\/#\/schema\/person\/image\/","url":"https:\/\/secure.gravatar.com\/avatar\/433bbbc6f9ae2f3d867b9b184d8b32145a34edb2acdc04b544aa2d6023aaa24d?s=96&d=mm&r=g","contentUrl":"https:\/\/secure.gravatar.com\/avatar\/433bbbc6f9ae2f3d867b9b184d8b32145a34edb2acdc04b544aa2d6023aaa24d?s=96&d=mm&r=g","caption":"Maja Gloor"},"sameAs":["https:\/\/www.zewo.ch\/"]}]}},"publishpress_future_action":{"enabled":false,"date":"2026-05-06 14:17:50","action":"change-status","newStatus":"draft","terms":[],"taxonomy":"category","extraData":[]},"publishpress_future_workflow_manual_trigger":{"enabledWorkflows":[]},"_links":{"self":[{"href":"https:\/\/zewo.ch\/fr\/wp-json\/wp\/v2\/posts\/5920210","targetHints":{"allow":["GET"]}}],"collection":[{"href":"https:\/\/zewo.ch\/fr\/wp-json\/wp\/v2\/posts"}],"about":[{"href":"https:\/\/zewo.ch\/fr\/wp-json\/wp\/v2\/types\/post"}],"author":[{"embeddable":true,"href":"https:\/\/zewo.ch\/fr\/wp-json\/wp\/v2\/users\/38"}],"replies":[{"embeddable":true,"href":"https:\/\/zewo.ch\/fr\/wp-json\/wp\/v2\/comments?post=5920210"}],"version-history":[{"count":13,"href":"https:\/\/zewo.ch\/fr\/wp-json\/wp\/v2\/posts\/5920210\/revisions"}],"predecessor-version":[{"id":5920470,"href":"https:\/\/zewo.ch\/fr\/wp-json\/wp\/v2\/posts\/5920210\/revisions\/5920470"}],"wp:featuredmedia":[{"embeddable":true,"href":"https:\/\/zewo.ch\/fr\/wp-json\/wp\/v2\/media\/5920212"}],"wp:attachment":[{"href":"https:\/\/zewo.ch\/fr\/wp-json\/wp\/v2\/media?parent=5920210"}],"wp:term":[{"taxonomy":"category","embeddable":true,"href":"https:\/\/zewo.ch\/fr\/wp-json\/wp\/v2\/categories?post=5920210"},{"taxonomy":"post_tag","embeddable":true,"href":"https:\/\/zewo.ch\/fr\/wp-json\/wp\/v2\/tags?post=5920210"}],"curies":[{"name":"wp","href":"https:\/\/api.w.org\/{rel}","templated":true}]}}