{"id":503043,"date":"2019-08-21T13:18:49","date_gmt":"2019-08-21T11:18:49","guid":{"rendered":"https:\/\/www.zewo.ch\/?p=503043"},"modified":"2022-07-18T15:17:04","modified_gmt":"2022-07-18T13:17:04","slug":"news-payer-une-facture-qr","status":"publish","type":"post","link":"https:\/\/zewo.ch\/fr\/news-payer-une-facture-qr\/","title":{"rendered":"Payer une facture QR"},"content":{"rendered":"\n<p><strong>A partir du 30 juin 2020, vous pourrez recevoir les premi\u00e8res factures QR. Les destinataires de factures qui d\u00e9clenchent leurs paiements \u00e0 l\u2019aide d\u2019un support par logiciel et mat\u00e9riel sont invit\u00e9s \u00e0 adapter ces derniers.<\/strong><\/p>\n\n\n\n<p>Il vaut la peine de se pr\u00e9parer t\u00f4t. Maintenant que les entreprises&nbsp;ont introduit ISO 20022 avec&nbsp;succ\u00e8s, le prochain d\u00e9fi sera celui&nbsp;de l\u2019harmonisation du trafic des paiements:&nbsp;le remplacement des bulletins&nbsp;de versement actuels par la facture QR.&nbsp;Celle-ci pourra \u00eatre envoy\u00e9e, \u00e0 partir du&nbsp;30 juin 2020, par des \u00e9metteurs de factures&nbsp;\u00e0 leurs clients. Les soci\u00e9t\u00e9s qui traitent&nbsp;leur facturation et le trafic des paiements&nbsp;avec un logiciel de comptabilit\u00e9&nbsp;sont maintenant invit\u00e9es \u00e0 proc\u00e9der \u00e0 des&nbsp;ajustements. Ainsi, elles seront en mesure,&nbsp;suffisamment t\u00f4t, de recevoir et de&nbsp;payer les factures QR re\u00e7ues.<\/p>\n\n\n\n<h3 class=\"wp-block-heading\">Il y a beaucoup de choses \u00e0 faire<\/h3>\n\n\n\n<p>Afin de pouvoir traiter automatiquement toutes les donn\u00e9es de la facture QR et d\u00e9clencher le paiement, des ajustements sont n\u00e9cessaires au niveau des lecteurs et des plateformes de num\u00e9risation ainsi que des logiciels de cr\u00e9anciers et de paiement. En effet, les logiciels et le mat\u00e9riel utilis\u00e9s aujourd\u2019hui pour les bulletins de versement ne peuvent pas traiter les donn\u00e9es fournies dans la facture QR sans intervention manuelle fastidieuse. Cela s\u2019explique par le fait que la facture QR contient beaucoup plus d\u2019informations que les bulletins de versement actuels.<\/p>\n\n\n\n<h3 class=\"wp-block-heading\">L\u2019information \u2013 cl\u00e9 du succ\u00e8s<\/h3>\n\n\n\n<p>Ce suppl\u00e9ment d\u2019information comporte des avantages. Ainsi par exemple, les communications telles que le num\u00e9ro de TVA peuvent d\u00e9sormais \u00e9galement \u00eatre transmises lors des virements avec r\u00e9f\u00e9rences de paiement. Dans la proc\u00e9dure relative aux r\u00e9f\u00e9rences, des indications telles que le nom et l\u2019adresse du d\u00e9biteur sont transmises int\u00e9gralement au b\u00e9n\u00e9ficiaire du paiement et \u00e0 sa banque. L\u2019ensemble du processus de facture QR repose sur des informations de paiement structur\u00e9es en continu. De quoi permettre un enregistrement et un traitement des paiements plus efficaces qu\u2019auparavant. La condition pr\u00e9alable est que des num\u00e9ros de compte bas\u00e9s sur l\u2019IBAN soient utilis\u00e9s partout. Cela simplifie le traitement m\u00e9canique et r\u00e9duit consid\u00e9rablement le nombre d\u2019erreurs de num\u00e9risation et d\u2019\u00e9criture. Dans l\u2019ensemble, le niveau d\u2019automatisation est plus \u00e9lev\u00e9 et il y a moins de travail manuel et de questions. Ce qui permet d\u2019\u00e9conomiser du temps et de l\u2019argent.<\/p>\n\n\n\n<h3 class=\"wp-block-heading\">La gestion de tr\u00e9sorerie facilit\u00e9e<\/h3>\n\n\n\n<p>La facture QR ne se contente pas de r\u00e9duire la charge de travail administratif dans le trafic des paiements. De surcro\u00eet, elle permet aux soci\u00e9t\u00e9s de g\u00e9rer leur tr\u00e9sorerie plus ais\u00e9ment. Selon l\u2019offre bancaire, les entreprises ont le choix, en mati\u00e8re de gestion de la tr\u00e9sorerie, entre les \u00e9critures collectives, les relev\u00e9s de compte de fin de journ\u00e9e ou les \u00e9tats de compte intrajournaliers. Demandez conseil \u00e0 votre banque.<\/p>\n\n\n\n<h3 class=\"wp-block-heading\">Se pr\u00e9parer \u00e0 temps<\/h3>\n\n\n\n<p>Les \u00e9metteurs de factures pourront envoyer des factures QR \u00e0 partir du 30 juin 2020. Les destinataires de factures doivent s\u2019attendre \u00e0 ce que bon nombre de leurs fournisseurs profitent de l\u2019occasion pour optimiser leurs processus avec la QR-facture. Toute entreprise doit s\u2019y pr\u00e9parer. L\u2019effort requis pour la conversion d\u00e9pend de la complexit\u00e9 des logiciels de cr\u00e9anciers et de paiement, ainsi que des lecteurs et des plateformes de num\u00e9risation. Il est donc essentiel que toutes les entreprises suisses, ainsi que leurs partenaires logiciels, examinent suffisamment t\u00f4t la n\u00e9cessit\u00e9 de proc\u00e9der \u00e0 des adaptations internes. Ce n\u2019est qu\u2019ainsi que toutes les informations relatives aux paiements pourront \u00eatre correctement affich\u00e9es et trait\u00e9es \u00e0 partir de la mi-2020.<\/p>\n\n\n\n<h3 class=\"wp-block-heading\">Correctement repr\u00e9senter les nouvelles proc\u00e9dures de r\u00e9f\u00e9rence<\/h3>\n\n\n\n<p>Les deux nouvelles proc\u00e9dures de r\u00e9f\u00e9rence peuvent \u00eatre utilis\u00e9es pour des besoins divers. Dans le Style Guide facture QR (voir \u00e0 ce sujet <a href=\"https:\/\/www.paymentstandards.ch\/dam\/downloads\/style-guide-fr.pdf\" target=\"_blank\" rel=\"noreferrer noopener\" aria-label=\"le PDF en ligne (\u00f6ffnet in neuem Tab)\">le PDF en ligne<\/a>) avec les prescriptions et recommandations de pr\u00e9sentation pour la section de paiement avec Swiss QR Code et pour le r\u00e9c\u00e9piss\u00e9, \u00e0 partir de la page 17, des mod\u00e8les de sections de paiement avec r\u00e9c\u00e9piss\u00e9 sont repr\u00e9sent\u00e9s dans les variantes d\u2019application les plus courantes. <\/p>\n\n\n\n<p>Jusqu\u2019\u00e0 l\u2019arr\u00eat des bulletins de versement courants, les soci\u00e9t\u00e9s pourront d\u00e9cider librement si elles d\u00e9sirent introduire la facture QR ou non. Une fois que l\u2019infrastructure sera adapt\u00e9e, l\u2019int\u00e9gralit\u00e9 du processus de facturation et de paiement sera nettement plus efficace. Les entreprises profiteront en outre d\u2019options de gestion de tr\u00e9sorerie \u00e9largies.<\/p>\n\n\n\n<figure class=\"wp-block-image is-resized\"><img loading=\"lazy\" decoding=\"async\" src=\"https:\/\/zewo.ch\/wp-content\/uploads\/2019\/08\/Illustration-QR-Facture.png\" alt=\"Illustration QR Facture\" class=\"wp-image-503054\" width=\"370\" height=\"512\" srcset=\"https:\/\/zewo.ch\/wp-content\/uploads\/2019\/08\/Illustration-QR-Facture.png 493w, https:\/\/zewo.ch\/wp-content\/uploads\/2019\/08\/Illustration-QR-Facture-217x300.png 217w\" sizes=\"auto, (min-width: 960px) 75vw, 100vw\" \/><\/figure>\n\n\n\n<h3 class=\"wp-block-heading\">Un lancement qui concerne toute la Suisse<\/h3>\n\n\n\n<p>La facture QR concerne la totalit\u00e9 des soci\u00e9t\u00e9s, des \u00e9tablissements \u00e9tatiques et OBNL ainsi que toutes les consommatrices et tous les consommateurs. Les soci\u00e9t\u00e9s, \u00e9diteurs de logiciels et banques adapteront, dans les prochains mois, leurs interfaces \u00e0 la facture QR. Les banques convertissent leurs infrastructures et actualisent le m-banking et l\u2019e-banking. Les PME et les clients priv\u00e9s pourront, \u00e0 partir du 30 juin 2020, effectuer leurs paiements sur le mode num\u00e9rique, gr\u00e2ce \u00e0 leur smartphone associ\u00e9 \u00e0 leurs applications bancaires habituelles. Le niveau d\u2019automatisation sup\u00e9rieur entra\u00eenera une diminution du nombre d\u2019erreurs de virement. Pour les soci\u00e9t\u00e9s qui effectuent leur facturation manuellement, des solutions de march\u00e9 avec lesquelles les factures QR pourront \u00eatre \u00e9tablies en ligne et imprim\u00e9es sur du papier blanc perfor\u00e9 \u00e0 l\u2019aide de l\u2019imprimante seront introduites.<\/p>\n\n\n\n<h3 class=\"wp-block-heading\">Un pas vers l\u2019avenir num\u00e9rique<\/h3>\n\n\n\n<p>Avec l\u2019harmonisation du trafic des paiements, et le soutien actif de l\u2019\u00e9conomie et de la soci\u00e9t\u00e9 helv\u00e9tiques, la place financi\u00e8re Suisse pose la premi\u00e8re pierre de processus financiers enti\u00e8rement num\u00e9riques. La facture QR constitue un pont essentiel entre les univers du num\u00e9rique et du papier. L\u2019eBill franchit une \u00e9tape suppl\u00e9mentaire. La facture \u00e9lectronique devient parfaitement num\u00e9rique. Elle est support\u00e9e par toutes les banques et syst\u00e9matiquement perfectionn\u00e9e pour afficher la derni\u00e8re technicit\u00e9. La facture QR et eBill sont des innovations suisses. De plus amples informations sont consultables sur <a href=\"https:\/\/www.paymentstandards.ch\/fr\/home.html\" target=\"_blank\" rel=\"noreferrer noopener\" aria-label=\"www.paymentstandards.ch (\u00f6ffnet in neuem Tab)\">www.paymentstandards.ch<\/a>.<\/p>\n\n\n\n<h3 class=\"wp-block-heading\">Beaucoup de soutien sur le march\u00e9<\/h3>\n\n\n\n<p>La facture QR se substitue au bulletin de versement introduit il y a plus de 100 ans. Les attentes sont donc grandes. Afin de satisfaire \u00e0 toutes les exigences, la place financi\u00e8re Suisse a proc\u00e9d\u00e9, \u00e0 l\u2019automne dernier, \u00e0 une proc\u00e9dure de consultation et sollicit\u00e9 l\u2019avis de repr\u00e9sentants de tous les acteurs du march\u00e9, ce qui a \u00e9t\u00e9 tr\u00e8s bien accueilli. Avec des entreprises clientes qui re\u00e7oivent de grosses factures ou qui ont un volume de factures \u00e9lev\u00e9, des ateliers ou des entretiens qualitatifs ont \u00e9t\u00e9 men\u00e9s \u00e0 bien, et des clients priv\u00e9s se sont pench\u00e9s sur la facture QR lors d\u2019un test des utilisateurs. Voir \u00e0 ce sujet \u00e9galement <a href=\"https:\/\/zewo.ch\/fr\/la-suisse-un-pays-donateur\/\">le Zewoforum n\u00b0 2\/2018<\/a>. La facture QR est un progr\u00e8s num\u00e9rique. Elle est accept\u00e9e \u00e9galement par les destinataires de factures qui veulent payer au guichet de La Poste ou par courrier.<\/p>\n","protected":false},"excerpt":{"rendered":"<p>Ce qu\u2019il faut savoir<\/p>\n","protected":false},"author":38,"featured_media":5789863,"comment_status":"closed","ping_status":"closed","sticky":false,"template":"","format":"standard","meta":{"_acf_changed":false,"footnotes":""},"categories":[8766,8768,11,8765],"tags":[16385,16386],"class_list":["post-503043","post","type-post","status-publish","format-standard","has-post-thumbnail","hentry","category-finances","category-fundraising","category-non-classifiee","category-tous","tag-qr-2","tag-qr-facture-2"],"acf":[],"yoast_head":"<!-- This site is optimized with the Yoast SEO Premium plugin v26.0 (Yoast SEO v26.0) - https:\/\/yoast.com\/wordpress\/plugins\/seo\/ -->\n<title>Zewo<\/title>\n<meta name=\"description\" content=\"Les destinataires de factures qui d\u00e9clenchent leurs paiements \u00e0 l\u2019aide d\u2019un support par logiciel et mat\u00e9riel sont invit\u00e9s \u00e0 adapter ces derniers.\" \/>\n<meta name=\"robots\" content=\"index, follow, max-snippet:-1, max-image-preview:large, max-video-preview:-1\" \/>\n<link rel=\"canonical\" href=\"https:\/\/zewo.ch\/fr\/news-payer-une-facture-qr\/\" \/>\n<meta property=\"og:locale\" content=\"fr_FR\" \/>\n<meta property=\"og:type\" content=\"article\" \/>\n<meta property=\"og:description\" content=\"Les destinataires de factures qui d\u00e9clenchent leurs paiements \u00e0 l\u2019aide d\u2019un support par logiciel et mat\u00e9riel sont invit\u00e9s \u00e0 adapter ces derniers.\" \/>\n<meta property=\"og:url\" content=\"https:\/\/zewo.ch\/fr\/news-payer-une-facture-qr\/\" \/>\n<meta property=\"og:site_name\" content=\"Zewo\" \/>\n<meta property=\"article:publisher\" content=\"https:\/\/www.facebook.com\/Stiftung.ZEWO\/\" \/>\n<meta property=\"article:published_time\" content=\"2019-08-21T11:18:49+00:00\" \/>\n<meta property=\"article:modified_time\" content=\"2022-07-18T13:17:04+00:00\" \/>\n<meta property=\"og:image\" content=\"https:\/\/zewo.ch\/wp-content\/uploads\/2022\/07\/qr-code-700x500-1.jpg\" \/>\n\t<meta property=\"og:image:width\" content=\"700\" \/>\n\t<meta property=\"og:image:height\" content=\"467\" \/>\n\t<meta property=\"og:image:type\" content=\"image\/jpeg\" \/>\n<meta name=\"author\" content=\"Maja Gloor\" \/>\n<meta name=\"twitter:card\" content=\"summary_large_image\" \/>\n<meta name=\"twitter:creator\" content=\"@stiftung_zewo\" \/>\n<meta name=\"twitter:site\" content=\"@stiftung_zewo\" \/>\n<meta name=\"twitter:label1\" content=\"\u00c9crit par\" \/>\n\t<meta name=\"twitter:data1\" content=\"Maja Gloor\" \/>\n\t<meta name=\"twitter:label2\" content=\"Dur\u00e9e de lecture estim\u00e9e\" \/>\n\t<meta name=\"twitter:data2\" content=\"5 minutes\" \/>\n<script type=\"application\/ld+json\" class=\"yoast-schema-graph\">{\"@context\":\"https:\/\/schema.org\",\"@graph\":[{\"@type\":\"Article\",\"@id\":\"https:\/\/zewo.ch\/fr\/news-payer-une-facture-qr\/#article\",\"isPartOf\":{\"@id\":\"https:\/\/zewo.ch\/fr\/news-payer-une-facture-qr\/\"},\"author\":{\"name\":\"Maja Gloor\",\"@id\":\"https:\/\/zewo.ch\/fr\/#\/schema\/person\/5cf31137a255c852ba66f794541c3f8f\"},\"headline\":\"Payer une facture QR\",\"datePublished\":\"2019-08-21T11:18:49+00:00\",\"dateModified\":\"2022-07-18T13:17:04+00:00\",\"mainEntityOfPage\":{\"@id\":\"https:\/\/zewo.ch\/fr\/news-payer-une-facture-qr\/\"},\"wordCount\":1222,\"publisher\":{\"@id\":\"https:\/\/zewo.ch\/fr\/#organization\"},\"image\":{\"@id\":\"https:\/\/zewo.ch\/fr\/news-payer-une-facture-qr\/#primaryimage\"},\"thumbnailUrl\":\"https:\/\/zewo.ch\/wp-content\/uploads\/2022\/07\/qr-code-700x500-1.jpg\",\"keywords\":[\"qr\",\"qr facture\"],\"articleSection\":[\"Finances\",\"Fundraising\",\"Non classifi\u00e9(e)\",\"Tous\"],\"inLanguage\":\"fr-FR\"},{\"@type\":\"WebPage\",\"@id\":\"https:\/\/zewo.ch\/fr\/news-payer-une-facture-qr\/#webpage\",\"url\":\"https:\/\/zewo.ch\/fr\/news-payer-une-facture-qr\/#webpage\",\"name\":\"\",\"isPartOf\":{\"@id\":\"https:\/\/zewo.ch\/fr\/#website\"},\"primaryImageOfPage\":{\"@id\":\"https:\/\/zewo.ch\/fr\/news-payer-une-facture-qr\/#primaryimage\"},\"image\":{\"@id\":\"https:\/\/zewo.ch\/fr\/news-payer-une-facture-qr\/#primaryimage\"},\"thumbnailUrl\":\"https:\/\/zewo.ch\/wp-content\/uploads\/2022\/07\/qr-code-700x500-1.jpg\",\"datePublished\":\"2019-08-21T11:18:49+00:00\",\"dateModified\":\"2022-07-18T13:17:04+00:00\",\"description\":\"Les destinataires de factures qui d\u00e9clenchent leurs paiements \u00e0 l\u2019aide d\u2019un support par logiciel et mat\u00e9riel sont invit\u00e9s \u00e0 adapter ces derniers.\",\"breadcrumb\":{\"@id\":\"https:\/\/zewo.ch\/fr\/news-payer-une-facture-qr\/#breadcrumb\"},\"inLanguage\":\"fr-FR\",\"potentialAction\":[{\"@type\":\"ReadAction\",\"target\":[\"https:\/\/zewo.ch\/fr\/news-payer-une-facture-qr\/\"]}]},{\"@type\":\"ImageObject\",\"inLanguage\":\"fr-FR\",\"@id\":\"https:\/\/zewo.ch\/fr\/news-payer-une-facture-qr\/#primaryimage\",\"url\":\"https:\/\/zewo.ch\/wp-content\/uploads\/2022\/07\/qr-code-700x500-1.jpg\",\"contentUrl\":\"https:\/\/zewo.ch\/wp-content\/uploads\/2022\/07\/qr-code-700x500-1.jpg\",\"width\":700,\"height\":467,\"caption\":\"QR-Code\"},{\"@type\":\"BreadcrumbList\",\"@id\":\"https:\/\/zewo.ch\/fr\/news-payer-une-facture-qr\/#breadcrumb\",\"itemListElement\":[{\"@type\":\"ListItem\",\"position\":1,\"name\":\"Home\",\"item\":\"https:\/\/zewo.ch\/fr\/\"},{\"@type\":\"ListItem\",\"position\":2,\"name\":\"Payer une facture QR\"}]},{\"@type\":\"WebSite\",\"@id\":\"https:\/\/zewo.ch\/fr\/#website\",\"url\":\"https:\/\/zewo.ch\/fr\/\",\"name\":\"Zewo\",\"description\":\"Votre don en bonnes mains.\",\"publisher\":{\"@id\":\"https:\/\/zewo.ch\/fr\/#organization\"},\"potentialAction\":[{\"@type\":\"SearchAction\",\"target\":{\"@type\":\"EntryPoint\",\"urlTemplate\":\"https:\/\/zewo.ch\/fr\/?s={search_term_string}\"},\"query-input\":{\"@type\":\"PropertyValueSpecification\",\"valueRequired\":true,\"valueName\":\"search_term_string\"}}],\"inLanguage\":\"fr-FR\"},{\"@type\":\"Organization\",\"@id\":\"https:\/\/zewo.ch\/fr\/#organization\",\"name\":\"Stiftung Zewo\",\"url\":\"https:\/\/zewo.ch\/fr\/\",\"logo\":{\"@type\":\"ImageObject\",\"inLanguage\":\"fr-FR\",\"@id\":\"https:\/\/zewo.ch\/fr\/#\/schema\/logo\/image\/\",\"url\":\"https:\/\/zewo.ch\/wp-content\/uploads\/2019\/08\/Zewo_Logo_Claim_D.svg\",\"contentUrl\":\"https:\/\/zewo.ch\/wp-content\/uploads\/2019\/08\/Zewo_Logo_Claim_D.svg\",\"width\":1,\"height\":1,\"caption\":\"Stiftung Zewo\"},\"image\":{\"@id\":\"https:\/\/zewo.ch\/fr\/#\/schema\/logo\/image\/\"},\"sameAs\":[\"https:\/\/www.facebook.com\/Stiftung.ZEWO\/\",\"https:\/\/x.com\/stiftung_zewo\",\"https:\/\/www.linkedin.com\/company\/stiftung-zewo\",\"https:\/\/www.youtube.com\/channel\/UCzjsVJro12OXcvvx1LQP8tw\",\"https:\/\/de.wikipedia.org\/wiki\/Zewo\"]},{\"@type\":\"Person\",\"@id\":\"https:\/\/zewo.ch\/fr\/#\/schema\/person\/5cf31137a255c852ba66f794541c3f8f\",\"name\":\"Maja Gloor\",\"image\":{\"@type\":\"ImageObject\",\"inLanguage\":\"fr-FR\",\"@id\":\"https:\/\/zewo.ch\/fr\/#\/schema\/person\/image\/\",\"url\":\"https:\/\/secure.gravatar.com\/avatar\/433bbbc6f9ae2f3d867b9b184d8b32145a34edb2acdc04b544aa2d6023aaa24d?s=96&d=mm&r=g\",\"contentUrl\":\"https:\/\/secure.gravatar.com\/avatar\/433bbbc6f9ae2f3d867b9b184d8b32145a34edb2acdc04b544aa2d6023aaa24d?s=96&d=mm&r=g\",\"caption\":\"Maja Gloor\"},\"sameAs\":[\"https:\/\/www.zewo.ch\/\"]}]}<\/script>\n<!-- \/ Yoast SEO Premium plugin. -->","yoast_head_json":{"title":"Zewo","description":"Les destinataires de factures qui d\u00e9clenchent leurs paiements \u00e0 l\u2019aide d\u2019un support par logiciel et mat\u00e9riel sont invit\u00e9s \u00e0 adapter ces derniers.","robots":{"index":"index","follow":"follow","max-snippet":"max-snippet:-1","max-image-preview":"max-image-preview:large","max-video-preview":"max-video-preview:-1"},"canonical":"https:\/\/zewo.ch\/fr\/news-payer-une-facture-qr\/","og_locale":"fr_FR","og_type":"article","og_description":"Les destinataires de factures qui d\u00e9clenchent leurs paiements \u00e0 l\u2019aide d\u2019un support par logiciel et mat\u00e9riel sont invit\u00e9s \u00e0 adapter ces derniers.","og_url":"https:\/\/zewo.ch\/fr\/news-payer-une-facture-qr\/","og_site_name":"Zewo","article_publisher":"https:\/\/www.facebook.com\/Stiftung.ZEWO\/","article_published_time":"2019-08-21T11:18:49+00:00","article_modified_time":"2022-07-18T13:17:04+00:00","og_image":[{"width":700,"height":467,"url":"https:\/\/zewo.ch\/wp-content\/uploads\/2022\/07\/qr-code-700x500-1.jpg","type":"image\/jpeg"}],"author":"Maja Gloor","twitter_card":"summary_large_image","twitter_creator":"@stiftung_zewo","twitter_site":"@stiftung_zewo","twitter_misc":{"\u00c9crit par":"Maja Gloor","Dur\u00e9e de lecture estim\u00e9e":"5 minutes"},"schema":{"@context":"https:\/\/schema.org","@graph":[{"@type":"Article","@id":"https:\/\/zewo.ch\/fr\/news-payer-une-facture-qr\/#article","isPartOf":{"@id":"https:\/\/zewo.ch\/fr\/news-payer-une-facture-qr\/"},"author":{"name":"Maja Gloor","@id":"https:\/\/zewo.ch\/fr\/#\/schema\/person\/5cf31137a255c852ba66f794541c3f8f"},"headline":"Payer une facture QR","datePublished":"2019-08-21T11:18:49+00:00","dateModified":"2022-07-18T13:17:04+00:00","mainEntityOfPage":{"@id":"https:\/\/zewo.ch\/fr\/news-payer-une-facture-qr\/"},"wordCount":1222,"publisher":{"@id":"https:\/\/zewo.ch\/fr\/#organization"},"image":{"@id":"https:\/\/zewo.ch\/fr\/news-payer-une-facture-qr\/#primaryimage"},"thumbnailUrl":"https:\/\/zewo.ch\/wp-content\/uploads\/2022\/07\/qr-code-700x500-1.jpg","keywords":["qr","qr facture"],"articleSection":["Finances","Fundraising","Non classifi\u00e9(e)","Tous"],"inLanguage":"fr-FR"},{"@type":"WebPage","@id":"https:\/\/zewo.ch\/fr\/news-payer-une-facture-qr\/#webpage","url":"https:\/\/zewo.ch\/fr\/news-payer-une-facture-qr\/#webpage","name":"","isPartOf":{"@id":"https:\/\/zewo.ch\/fr\/#website"},"primaryImageOfPage":{"@id":"https:\/\/zewo.ch\/fr\/news-payer-une-facture-qr\/#primaryimage"},"image":{"@id":"https:\/\/zewo.ch\/fr\/news-payer-une-facture-qr\/#primaryimage"},"thumbnailUrl":"https:\/\/zewo.ch\/wp-content\/uploads\/2022\/07\/qr-code-700x500-1.jpg","datePublished":"2019-08-21T11:18:49+00:00","dateModified":"2022-07-18T13:17:04+00:00","description":"Les destinataires de factures qui d\u00e9clenchent leurs paiements \u00e0 l\u2019aide d\u2019un support par logiciel et mat\u00e9riel sont invit\u00e9s \u00e0 adapter ces derniers.","breadcrumb":{"@id":"https:\/\/zewo.ch\/fr\/news-payer-une-facture-qr\/#breadcrumb"},"inLanguage":"fr-FR","potentialAction":[{"@type":"ReadAction","target":["https:\/\/zewo.ch\/fr\/news-payer-une-facture-qr\/"]}]},{"@type":"ImageObject","inLanguage":"fr-FR","@id":"https:\/\/zewo.ch\/fr\/news-payer-une-facture-qr\/#primaryimage","url":"https:\/\/zewo.ch\/wp-content\/uploads\/2022\/07\/qr-code-700x500-1.jpg","contentUrl":"https:\/\/zewo.ch\/wp-content\/uploads\/2022\/07\/qr-code-700x500-1.jpg","width":700,"height":467,"caption":"QR-Code"},{"@type":"BreadcrumbList","@id":"https:\/\/zewo.ch\/fr\/news-payer-une-facture-qr\/#breadcrumb","itemListElement":[{"@type":"ListItem","position":1,"name":"Home","item":"https:\/\/zewo.ch\/fr\/"},{"@type":"ListItem","position":2,"name":"Payer une facture QR"}]},{"@type":"WebSite","@id":"https:\/\/zewo.ch\/fr\/#website","url":"https:\/\/zewo.ch\/fr\/","name":"Zewo","description":"Votre don en bonnes mains.","publisher":{"@id":"https:\/\/zewo.ch\/fr\/#organization"},"potentialAction":[{"@type":"SearchAction","target":{"@type":"EntryPoint","urlTemplate":"https:\/\/zewo.ch\/fr\/?s={search_term_string}"},"query-input":{"@type":"PropertyValueSpecification","valueRequired":true,"valueName":"search_term_string"}}],"inLanguage":"fr-FR"},{"@type":"Organization","@id":"https:\/\/zewo.ch\/fr\/#organization","name":"Stiftung Zewo","url":"https:\/\/zewo.ch\/fr\/","logo":{"@type":"ImageObject","inLanguage":"fr-FR","@id":"https:\/\/zewo.ch\/fr\/#\/schema\/logo\/image\/","url":"https:\/\/zewo.ch\/wp-content\/uploads\/2019\/08\/Zewo_Logo_Claim_D.svg","contentUrl":"https:\/\/zewo.ch\/wp-content\/uploads\/2019\/08\/Zewo_Logo_Claim_D.svg","width":1,"height":1,"caption":"Stiftung Zewo"},"image":{"@id":"https:\/\/zewo.ch\/fr\/#\/schema\/logo\/image\/"},"sameAs":["https:\/\/www.facebook.com\/Stiftung.ZEWO\/","https:\/\/x.com\/stiftung_zewo","https:\/\/www.linkedin.com\/company\/stiftung-zewo","https:\/\/www.youtube.com\/channel\/UCzjsVJro12OXcvvx1LQP8tw","https:\/\/de.wikipedia.org\/wiki\/Zewo"]},{"@type":"Person","@id":"https:\/\/zewo.ch\/fr\/#\/schema\/person\/5cf31137a255c852ba66f794541c3f8f","name":"Maja Gloor","image":{"@type":"ImageObject","inLanguage":"fr-FR","@id":"https:\/\/zewo.ch\/fr\/#\/schema\/person\/image\/","url":"https:\/\/secure.gravatar.com\/avatar\/433bbbc6f9ae2f3d867b9b184d8b32145a34edb2acdc04b544aa2d6023aaa24d?s=96&d=mm&r=g","contentUrl":"https:\/\/secure.gravatar.com\/avatar\/433bbbc6f9ae2f3d867b9b184d8b32145a34edb2acdc04b544aa2d6023aaa24d?s=96&d=mm&r=g","caption":"Maja Gloor"},"sameAs":["https:\/\/www.zewo.ch\/"]}]}},"publishpress_future_action":{"enabled":false,"date":"2026-05-06 08:13:29","action":"change-status","newStatus":"draft","terms":[],"taxonomy":"category","extraData":[]},"publishpress_future_workflow_manual_trigger":{"enabledWorkflows":[]},"_links":{"self":[{"href":"https:\/\/zewo.ch\/fr\/wp-json\/wp\/v2\/posts\/503043","targetHints":{"allow":["GET"]}}],"collection":[{"href":"https:\/\/zewo.ch\/fr\/wp-json\/wp\/v2\/posts"}],"about":[{"href":"https:\/\/zewo.ch\/fr\/wp-json\/wp\/v2\/types\/post"}],"author":[{"embeddable":true,"href":"https:\/\/zewo.ch\/fr\/wp-json\/wp\/v2\/users\/38"}],"replies":[{"embeddable":true,"href":"https:\/\/zewo.ch\/fr\/wp-json\/wp\/v2\/comments?post=503043"}],"version-history":[{"count":6,"href":"https:\/\/zewo.ch\/fr\/wp-json\/wp\/v2\/posts\/503043\/revisions"}],"predecessor-version":[{"id":4566592,"href":"https:\/\/zewo.ch\/fr\/wp-json\/wp\/v2\/posts\/503043\/revisions\/4566592"}],"wp:featuredmedia":[{"embeddable":true,"href":"https:\/\/zewo.ch\/fr\/wp-json\/wp\/v2\/media\/5789863"}],"wp:attachment":[{"href":"https:\/\/zewo.ch\/fr\/wp-json\/wp\/v2\/media?parent=503043"}],"wp:term":[{"taxonomy":"category","embeddable":true,"href":"https:\/\/zewo.ch\/fr\/wp-json\/wp\/v2\/categories?post=503043"},{"taxonomy":"post_tag","embeddable":true,"href":"https:\/\/zewo.ch\/fr\/wp-json\/wp\/v2\/tags?post=503043"}],"curies":[{"name":"wp","href":"https:\/\/api.w.org\/{rel}","templated":true}]}}