{"id":502931,"date":"2019-08-20T16:08:40","date_gmt":"2019-08-20T14:08:40","guid":{"rendered":"https:\/\/www.zewo.ch\/?p=502931"},"modified":"2025-02-13T15:24:38","modified_gmt":"2025-02-13T14:24:38","slug":"news-les-obnl-dans-les-debats-politiques","status":"publish","type":"post","link":"https:\/\/zewo.ch\/fr\/news-les-obnl-dans-les-debats-politiques\/","title":{"rendered":"Les OBNL dans les d\u00e9bats politiques"},"content":{"rendered":"\n<p><strong>Les d\u00e9bats politiques impactent le travail des OBNL et vice-versa. Le congr\u00e8s pr\u00e9sentera les th\u00e9matiques au coeur de l\u2019attention. Vous d\u00e9couvrirez comment les OBNL fa\u00e7onnent leur travail politique et donnent de la voix \u00e0 leurs pr\u00e9occupations.<\/strong><\/p>\n\n\n\n<p>Vous aurez la chance de rencontrer les dirigeants d\u2019OBNL et des experts en communication de toute la Suisse. Profitez de cette occasion pour \u00e9changer. Restez \u00e0 jour dans votre agenda politique.<\/p>\n\n\n\n<h3 class=\"wp-block-heading\">Le matin<\/h3>\n\n\n\n<p><strong>9.00: Ouverture des portes et caf\u00e9. <\/strong>Fr\u00fch sein lohnt sich. Sie treffen Berufskolleginnen und -kollegen oder entdecken neue Gesichter. <br> <br><strong>9.30: Mot de bienvenue, Kurt Gr\u00fcter, pr\u00e9sident de la fondation Zewo<\/strong><br><strong>9.40: Carte de g\u00e9ographie politique pour les OBNL. Michael Hermann, g\u00e9ographe politique et directeur de Sotomo.<\/strong> Aper\u00e7u d\u00e9taill\u00e9 des th\u00e8mes marquants dans les domaines de politique sociale, sanitaire, environnementale, migratoire et de d\u00e9veloppement. Qui sont les principaux acteurs et quel r\u00f4le les OBNL jouent-elles dans le discours politique?<br><strong>10.10: Nouvelles perspectives en mati\u00e8re de politique de d\u00e9veloppement. Philipp Aerni, directeur du centre pour la responsabilit\u00e9 et la durabilit\u00e9 des entreprises \u00e0 l\u2019universit\u00e9 de Zurich (Zentrum f\u00fcr Unternehmensverantwortung und Nachhaltigkeit an der Universit\u00e4t Z\u00fcrich). <\/strong>Comment les coop\u00e9rations avec le secteur priv\u00e9 contribuent \u00e0 une croissance inclusive. Pourquoi il n\u2019est pas suffisant d\u2019am\u00e9liorer la situation des petits producteurs ou des habitants des quartiers pauvres, ni d\u2019encourager la production bio ou commerce \u00e9quitable.<br><strong>10.40: La politique sociale et de sant\u00e9 \u00e0 la loupe Val\u00e9rie Hugentobler, Professeure \u00e0 l&rsquo;Haute \u00e9cole de travail social et de la sant\u00e9 (HES\u00b7SO) Lausanne<\/strong>. Quels sont les d\u00e9bats qui font bouger le secteur? Qu&rsquo;est-ce qui soutient le travail des organisations sociales, qu&rsquo;est-ce qui les g\u00eane? Quels sont les d\u00e9fis dans le secteur?<\/p>\n\n\n\n<p><strong>11.10: <\/strong>&nbsp;<strong>Pause<\/strong><\/p>\n\n\n\n<p><strong>11.30 Table ronde:<\/strong> Comment les d\u00e9bats sont-ils per\u00e7us par les diff\u00e9rents acteurs? Quelles sont leurs pr\u00e9occupations? Quelles attentes ont-ils envers les autres? Comment con\u00e7oivent-ils leur r\u00f4le?<br><strong>Pr\u00e9sentation:<\/strong> Ladina Spiess<br><strong>Invit\u00e9s: <\/strong>Miriam Behrens, directrice de l\u2019Organisation suisse d\u2019aide aux r\u00e9fugi\u00e9s OSAR, Rahel B\u00f6sch, responsable de la Division partenariats individuels de la DDC, Mark Herkenrath, directeur Alliance Sud, Christine Kopp, directrice adjointe de la Croix-Rouge suisse et cheffe de d\u00e9partement sant\u00e9 et int\u00e9gration, Walter Schmid, pr\u00e9sident de l\u2019EPER<\/p>\n\n\n\n<p><strong>12.30:&nbsp;Pause de midi<\/strong><\/p>\n\n\n\n<h3 class=\"wp-block-heading\">Les groupes d&rsquo;approfondissement donnent un aper\u00e7u pratique<\/h3>\n\n\n\n<p><strong>13.30: Groupe d\u2019approfondissement<\/strong><br><br><strong>1 |&nbsp;Lobbying sur la sc\u00e8ne politique. Felix Wirz, directeur d\u2019Ecopolitics:<\/strong> Comprendre et faire bouger la politique. Comment les NPO utilisent leurs forces dans le lobbying, argumentent correctement, adaptent leur communication aux diff\u00e9rents groupes cibl\u00e9s et s\u2019investissent efficacement en politique en formant les bonnes alliances.<br><strong>2 |&nbsp;Mener campagne en tant qu\u2019ONG investigatrice<\/strong>. <strong>Oliver Classen, porte-parole chez Public Eye<\/strong>: Comment transformer des th\u00e8mes de recherche complexes et pouss\u00e9s en campagnes politico-\u00e9conomiques?<br><strong>3 | Affaires publiques d\u2019une OBNL. Martin Fl\u00fcgel, responsable politique et affaires publiques, Caritas Suisse: <\/strong>L&rsquo;implication de Caritas dans les d\u00e9bats politiques. Th\u00e8mes actuels, d\u00e9fis et facteurs de r\u00e9ussite dans les affaires publiques des OBNL.<br><strong>4 | Organe directeur de l\u2019entraide pour les personnes en situation de handicap. Suzanne Auer, secr\u00e9taire g\u00e9n\u00e9rale chez Agile.ch:<\/strong> Comment repr\u00e9senter les int\u00e9r\u00eats de 41 organisations membres et de 1,8 million de personnes handicap\u00e9es dans les domaines politique, administratif et public, ainsi que les cl\u00e9s de la r\u00e9ussite.<br><strong>5 | Monitoring politique pour les OBNL. Yvan Rielle, partenaire et codirecteur chez polsan:<\/strong> Garder en ligne de mire les questions de politique sociale et sanitaire: c\u2019est ainsi que les OBNL d\u00e9veloppent une bonne strat\u00e9gie politique et un positionnement efficace de leurs pr\u00e9occupations. Exp\u00e9riences et recommandations.<\/p>\n\n\n\n<p><strong>14.10: Pause-caf\u00e9<\/strong><\/p>\n\n\n\n<h3 class=\"wp-block-heading\">L&rsquo;apr\u00e8s-midi<\/h3>\n\n\n\n<p><strong>14.30: La politique des OBNL dans les m\u00e9dias. Mark Eisenegger, professeur \u00e0 l\u2019universit\u00e9 de Zurich, directeur de l\u2019institut de recherche Public et soci\u00e9t\u00e9 (Forschungsinstitut \u00d6ffentlichkeit und Gesellschaft \u2013 f\u00f6g). <\/strong>Comment les m\u00e9dias relaient les d\u00e9bats politiques dans le domaine des OBNL.<br><strong>15.00: Greta, l\u2019exemple \u00e0 suivre? Urs Leugger, secr\u00e9taire g\u00e9n\u00e9ral chez Pro Natura.<\/strong> Les exigences des organisations sp\u00e9cialis\u00e9es dans d\u00e9fense de la nature et de l\u2019environnement, ainsi que leur strat\u00e9gie pour se faire entendre dans les d\u00e9bats politiques.<br><strong>15.30: Les OBNL comme profession, la politique comme vocation. Jon Pult, politicien, responsable de campagne politique chez Feinheit. <\/strong>R\u00e9flexions sur la communication politique des OBNL et bilan du congr\u00e8s.<br><strong>16.00: Perspective de la Zewo et mot de la fin. Martina Ziegerer, Gesch\u00e4ftsleiterin Zewo<\/strong><br><strong>16.10: Cl\u00f4ture du congr\u00e8s<\/strong><\/p>\n\n\n\n<h3 class=\"wp-block-heading\">Les&nbsp;informations pratiques<\/h3>\n\n\n\n<p><strong>Date:<\/strong> Jeudi, 19 septembre 2019<br><strong>Lieu:<\/strong> Volkshaus de Zurich, Stauffacherstrasse 60, Zurich<br><strong>Acc\u00e8s par les transports publics:<\/strong> De la gare Zurich-Hardbr\u00fccke, prenez le tram 8 jusqu&rsquo;\u00e0 l&rsquo;arr\u00eat Helvetiaplatz. \u00c0 partir de la gare centrale de Zurich, par le tram 3 ou 14, arr\u00eat Stauffacher.<br><strong>Ouverture des portes:<\/strong> 9h00<br><strong>Dur\u00e9e: <\/strong>9h30 bis 16h10<br><strong>Traduction simultan\u00e9e: <\/strong>allemand-fran\u00e7ais, fran\u00e7ais-allemand<br><strong>Documents:<\/strong> Les participantes et participants ont acc\u00e8s, \u00e0 l\u2019issue du congr\u00e8s, \u00e0 un site Internet s\u00e9curis\u00e9 avec les pr\u00e9sentations ou les documents.<\/p>\n\n\n\n<p><strong>Prix pour les OBNL certifi\u00e9es:<\/strong> 280 francs par personne<br><strong>Prix r\u00e9gulier:<\/strong> 420 francs par personne<br><strong>Remise:<\/strong> 15% de remise en cas d\u2019inscription de plus de 3 personnes de la m\u00eame OBNL<\/p>\n","protected":false},"excerpt":{"rendered":"<p>Inscrivez-vous d\u00e8s maintenant pour le congr\u00e8s du jeudi 19 septembre 2019.<\/p>\n","protected":false},"author":38,"featured_media":377242,"comment_status":"closed","ping_status":"closed","sticky":false,"template":"","format":"standard","meta":{"_acf_changed":false,"footnotes":""},"categories":[8767,8771,8769,8765],"tags":[16406],"class_list":["post-502931","post","type-post","status-publish","format-standard","has-post-thumbnail","hentry","category-gestion-et-organisation","category-melange","category-news-2","category-tous","tag-congres-zewo"],"acf":[],"yoast_head":"<!-- This site is optimized with the Yoast SEO Premium plugin v27.5 (Yoast SEO v27.5) - https:\/\/yoast.com\/product\/yoast-seo-premium-wordpress\/ -->\n<title>Zewo<\/title>\n<meta name=\"description\" content=\"Les d\u00e9bats politiques marquent le travail des ONG et vice versa. Pour en savoir plus, inscrivez-vous d\u00e8s maintenant au congr\u00e8s Zewo 2019.\" \/>\n<meta name=\"robots\" content=\"index, follow, max-snippet:-1, max-image-preview:large, max-video-preview:-1\" \/>\n<link rel=\"canonical\" href=\"https:\/\/zewo.ch\/fr\/news-les-obnl-dans-les-debats-politiques\/\" \/>\n<meta property=\"og:locale\" content=\"fr_FR\" \/>\n<meta property=\"og:type\" content=\"article\" \/>\n<meta property=\"og:description\" content=\"Les d\u00e9bats politiques marquent le travail des ONG et vice versa. Pour en savoir plus, inscrivez-vous d\u00e8s maintenant au congr\u00e8s Zewo 2019.\" \/>\n<meta property=\"og:url\" content=\"https:\/\/zewo.ch\/fr\/news-les-obnl-dans-les-debats-politiques\/\" \/>\n<meta property=\"og:site_name\" content=\"Zewo\" \/>\n<meta property=\"article:publisher\" content=\"https:\/\/www.facebook.com\/Stiftung.ZEWO\/\" \/>\n<meta property=\"article:published_time\" content=\"2019-08-20T14:08:40+00:00\" \/>\n<meta property=\"article:modified_time\" content=\"2025-02-13T14:24:38+00:00\" \/>\n<meta property=\"og:image\" content=\"https:\/\/zewo.ch\/wp-content\/uploads\/2019\/07\/politische-Debatten-700x500.jpg\" \/>\n\t<meta property=\"og:image:width\" content=\"700\" \/>\n\t<meta property=\"og:image:height\" content=\"500\" \/>\n\t<meta property=\"og:image:type\" content=\"image\/jpeg\" \/>\n<meta name=\"author\" content=\"Maja Gloor\" \/>\n<meta name=\"twitter:card\" content=\"summary_large_image\" \/>\n<meta name=\"twitter:creator\" content=\"@stiftung_zewo\" \/>\n<meta name=\"twitter:site\" content=\"@stiftung_zewo\" \/>\n<meta name=\"twitter:label1\" content=\"\u00c9crit par\" \/>\n\t<meta name=\"twitter:data1\" content=\"Maja Gloor\" \/>\n\t<meta name=\"twitter:label2\" content=\"Dur\u00e9e de lecture estim\u00e9e\" \/>\n\t<meta name=\"twitter:data2\" content=\"5 minutes\" \/>\n<script type=\"application\/ld+json\" class=\"yoast-schema-graph\">{\"@context\":\"https:\\\/\\\/schema.org\",\"@graph\":[{\"@type\":\"Article\",\"@id\":\"https:\\\/\\\/zewo.ch\\\/fr\\\/news-les-obnl-dans-les-debats-politiques\\\/#article\",\"isPartOf\":{\"@id\":\"https:\\\/\\\/zewo.ch\\\/fr\\\/news-les-obnl-dans-les-debats-politiques\\\/\"},\"author\":{\"name\":\"Maja Gloor\",\"@id\":\"https:\\\/\\\/zewo.ch\\\/fr\\\/#\\\/schema\\\/person\\\/5cf31137a255c852ba66f794541c3f8f\"},\"headline\":\"Les OBNL dans les d\u00e9bats politiques\",\"datePublished\":\"2019-08-20T14:08:40+00:00\",\"dateModified\":\"2025-02-13T14:24:38+00:00\",\"mainEntityOfPage\":{\"@id\":\"https:\\\/\\\/zewo.ch\\\/fr\\\/news-les-obnl-dans-les-debats-politiques\\\/\"},\"wordCount\":899,\"publisher\":{\"@id\":\"https:\\\/\\\/zewo.ch\\\/fr\\\/#organization\"},\"image\":{\"@id\":\"https:\\\/\\\/zewo.ch\\\/fr\\\/news-les-obnl-dans-les-debats-politiques\\\/#primaryimage\"},\"thumbnailUrl\":\"https:\\\/\\\/zewo.ch\\\/wp-content\\\/uploads\\\/2019\\\/07\\\/politische-Debatten-700x500.jpg\",\"keywords\":[\"congr\u00e8s Zewo\"],\"articleSection\":[\"Gestion et organisation\",\"M\u00e9lang\u00e9\",\"News\",\"Tous\"],\"inLanguage\":\"fr-FR\"},{\"@type\":\"WebPage\",\"@id\":\"https:\\\/\\\/zewo.ch\\\/fr\\\/news-les-obnl-dans-les-debats-politiques\\\/#webpage\",\"url\":\"https:\\\/\\\/zewo.ch\\\/fr\\\/news-les-obnl-dans-les-debats-politiques\\\/#webpage\",\"name\":\"\",\"isPartOf\":{\"@id\":\"https:\\\/\\\/zewo.ch\\\/fr\\\/#website\"},\"primaryImageOfPage\":{\"@id\":\"https:\\\/\\\/zewo.ch\\\/fr\\\/news-les-obnl-dans-les-debats-politiques\\\/#primaryimage\"},\"image\":{\"@id\":\"https:\\\/\\\/zewo.ch\\\/fr\\\/news-les-obnl-dans-les-debats-politiques\\\/#primaryimage\"},\"thumbnailUrl\":\"https:\\\/\\\/zewo.ch\\\/wp-content\\\/uploads\\\/2019\\\/07\\\/politische-Debatten-700x500.jpg\",\"datePublished\":\"2019-08-20T14:08:40+00:00\",\"dateModified\":\"2025-02-13T14:24:38+00:00\",\"description\":\"Les d\u00e9bats politiques marquent le travail des ONG et vice versa. Pour en savoir plus, inscrivez-vous d\u00e8s maintenant au congr\u00e8s Zewo 2019.\",\"breadcrumb\":{\"@id\":\"https:\\\/\\\/zewo.ch\\\/fr\\\/news-les-obnl-dans-les-debats-politiques\\\/#breadcrumb\"},\"inLanguage\":\"fr-FR\",\"potentialAction\":[{\"@type\":\"ReadAction\",\"target\":[\"https:\\\/\\\/zewo.ch\\\/fr\\\/news-les-obnl-dans-les-debats-politiques\\\/\"]}]},{\"@type\":\"ImageObject\",\"inLanguage\":\"fr-FR\",\"@id\":\"https:\\\/\\\/zewo.ch\\\/fr\\\/news-les-obnl-dans-les-debats-politiques\\\/#primaryimage\",\"url\":\"https:\\\/\\\/zewo.ch\\\/wp-content\\\/uploads\\\/2019\\\/07\\\/politische-Debatten-700x500.jpg\",\"contentUrl\":\"https:\\\/\\\/zewo.ch\\\/wp-content\\\/uploads\\\/2019\\\/07\\\/politische-Debatten-700x500.jpg\",\"width\":700,\"height\":500,\"caption\":\"NPO in politischen Debatten\"},{\"@type\":\"BreadcrumbList\",\"@id\":\"https:\\\/\\\/zewo.ch\\\/fr\\\/news-les-obnl-dans-les-debats-politiques\\\/#breadcrumb\",\"itemListElement\":[{\"@type\":\"ListItem\",\"position\":1,\"name\":\"Home\",\"item\":\"https:\\\/\\\/zewo.ch\\\/fr\\\/\"},{\"@type\":\"ListItem\",\"position\":2,\"name\":\"Les OBNL dans les d\u00e9bats politiques\"}]},{\"@type\":\"WebSite\",\"@id\":\"https:\\\/\\\/zewo.ch\\\/fr\\\/#website\",\"url\":\"https:\\\/\\\/zewo.ch\\\/fr\\\/\",\"name\":\"Zewo\",\"description\":\"Votre don en bonnes mains.\",\"publisher\":{\"@id\":\"https:\\\/\\\/zewo.ch\\\/fr\\\/#organization\"},\"potentialAction\":[{\"@type\":\"SearchAction\",\"target\":{\"@type\":\"EntryPoint\",\"urlTemplate\":\"https:\\\/\\\/zewo.ch\\\/fr\\\/?s={search_term_string}\"},\"query-input\":{\"@type\":\"PropertyValueSpecification\",\"valueRequired\":true,\"valueName\":\"search_term_string\"}}],\"inLanguage\":\"fr-FR\"},{\"@type\":\"Organization\",\"@id\":\"https:\\\/\\\/zewo.ch\\\/fr\\\/#organization\",\"name\":\"Stiftung Zewo\",\"url\":\"https:\\\/\\\/zewo.ch\\\/fr\\\/\",\"logo\":{\"@type\":\"ImageObject\",\"inLanguage\":\"fr-FR\",\"@id\":\"https:\\\/\\\/zewo.ch\\\/fr\\\/#\\\/schema\\\/logo\\\/image\\\/\",\"url\":\"https:\\\/\\\/zewo.ch\\\/wp-content\\\/uploads\\\/2019\\\/08\\\/Zewo_Logo_Claim_D.svg\",\"contentUrl\":\"https:\\\/\\\/zewo.ch\\\/wp-content\\\/uploads\\\/2019\\\/08\\\/Zewo_Logo_Claim_D.svg\",\"width\":1,\"height\":1,\"caption\":\"Stiftung Zewo\"},\"image\":{\"@id\":\"https:\\\/\\\/zewo.ch\\\/fr\\\/#\\\/schema\\\/logo\\\/image\\\/\"},\"sameAs\":[\"https:\\\/\\\/www.facebook.com\\\/Stiftung.ZEWO\\\/\",\"https:\\\/\\\/x.com\\\/stiftung_zewo\",\"https:\\\/\\\/www.linkedin.com\\\/company\\\/stiftung-zewo\",\"https:\\\/\\\/www.youtube.com\\\/channel\\\/UCzjsVJro12OXcvvx1LQP8tw\",\"https:\\\/\\\/de.wikipedia.org\\\/wiki\\\/Zewo\"]},{\"@type\":\"Person\",\"@id\":\"https:\\\/\\\/zewo.ch\\\/fr\\\/#\\\/schema\\\/person\\\/5cf31137a255c852ba66f794541c3f8f\",\"name\":\"Maja Gloor\",\"image\":{\"@type\":\"ImageObject\",\"inLanguage\":\"fr-FR\",\"@id\":\"https:\\\/\\\/secure.gravatar.com\\\/avatar\\\/433bbbc6f9ae2f3d867b9b184d8b32145a34edb2acdc04b544aa2d6023aaa24d?s=96&d=mm&r=g\",\"url\":\"https:\\\/\\\/secure.gravatar.com\\\/avatar\\\/433bbbc6f9ae2f3d867b9b184d8b32145a34edb2acdc04b544aa2d6023aaa24d?s=96&d=mm&r=g\",\"contentUrl\":\"https:\\\/\\\/secure.gravatar.com\\\/avatar\\\/433bbbc6f9ae2f3d867b9b184d8b32145a34edb2acdc04b544aa2d6023aaa24d?s=96&d=mm&r=g\",\"caption\":\"Maja Gloor\"},\"sameAs\":[\"https:\\\/\\\/www.zewo.ch\\\/\"]}]}<\/script>\n<!-- \/ Yoast SEO Premium plugin. -->","yoast_head_json":{"title":"Zewo","description":"Les d\u00e9bats politiques marquent le travail des ONG et vice versa. Pour en savoir plus, inscrivez-vous d\u00e8s maintenant au congr\u00e8s Zewo 2019.","robots":{"index":"index","follow":"follow","max-snippet":"max-snippet:-1","max-image-preview":"max-image-preview:large","max-video-preview":"max-video-preview:-1"},"canonical":"https:\/\/zewo.ch\/fr\/news-les-obnl-dans-les-debats-politiques\/","og_locale":"fr_FR","og_type":"article","og_description":"Les d\u00e9bats politiques marquent le travail des ONG et vice versa. Pour en savoir plus, inscrivez-vous d\u00e8s maintenant au congr\u00e8s Zewo 2019.","og_url":"https:\/\/zewo.ch\/fr\/news-les-obnl-dans-les-debats-politiques\/","og_site_name":"Zewo","article_publisher":"https:\/\/www.facebook.com\/Stiftung.ZEWO\/","article_published_time":"2019-08-20T14:08:40+00:00","article_modified_time":"2025-02-13T14:24:38+00:00","og_image":[{"width":700,"height":500,"url":"https:\/\/zewo.ch\/wp-content\/uploads\/2019\/07\/politische-Debatten-700x500.jpg","type":"image\/jpeg"}],"author":"Maja Gloor","twitter_card":"summary_large_image","twitter_creator":"@stiftung_zewo","twitter_site":"@stiftung_zewo","twitter_misc":{"\u00c9crit par":"Maja Gloor","Dur\u00e9e de lecture estim\u00e9e":"5 minutes"},"schema":{"@context":"https:\/\/schema.org","@graph":[{"@type":"Article","@id":"https:\/\/zewo.ch\/fr\/news-les-obnl-dans-les-debats-politiques\/#article","isPartOf":{"@id":"https:\/\/zewo.ch\/fr\/news-les-obnl-dans-les-debats-politiques\/"},"author":{"name":"Maja Gloor","@id":"https:\/\/zewo.ch\/fr\/#\/schema\/person\/5cf31137a255c852ba66f794541c3f8f"},"headline":"Les OBNL dans les d\u00e9bats politiques","datePublished":"2019-08-20T14:08:40+00:00","dateModified":"2025-02-13T14:24:38+00:00","mainEntityOfPage":{"@id":"https:\/\/zewo.ch\/fr\/news-les-obnl-dans-les-debats-politiques\/"},"wordCount":899,"publisher":{"@id":"https:\/\/zewo.ch\/fr\/#organization"},"image":{"@id":"https:\/\/zewo.ch\/fr\/news-les-obnl-dans-les-debats-politiques\/#primaryimage"},"thumbnailUrl":"https:\/\/zewo.ch\/wp-content\/uploads\/2019\/07\/politische-Debatten-700x500.jpg","keywords":["congr\u00e8s Zewo"],"articleSection":["Gestion et organisation","M\u00e9lang\u00e9","News","Tous"],"inLanguage":"fr-FR"},{"@type":"WebPage","@id":"https:\/\/zewo.ch\/fr\/news-les-obnl-dans-les-debats-politiques\/#webpage","url":"https:\/\/zewo.ch\/fr\/news-les-obnl-dans-les-debats-politiques\/#webpage","name":"","isPartOf":{"@id":"https:\/\/zewo.ch\/fr\/#website"},"primaryImageOfPage":{"@id":"https:\/\/zewo.ch\/fr\/news-les-obnl-dans-les-debats-politiques\/#primaryimage"},"image":{"@id":"https:\/\/zewo.ch\/fr\/news-les-obnl-dans-les-debats-politiques\/#primaryimage"},"thumbnailUrl":"https:\/\/zewo.ch\/wp-content\/uploads\/2019\/07\/politische-Debatten-700x500.jpg","datePublished":"2019-08-20T14:08:40+00:00","dateModified":"2025-02-13T14:24:38+00:00","description":"Les d\u00e9bats politiques marquent le travail des ONG et vice versa. Pour en savoir plus, inscrivez-vous d\u00e8s maintenant au congr\u00e8s Zewo 2019.","breadcrumb":{"@id":"https:\/\/zewo.ch\/fr\/news-les-obnl-dans-les-debats-politiques\/#breadcrumb"},"inLanguage":"fr-FR","potentialAction":[{"@type":"ReadAction","target":["https:\/\/zewo.ch\/fr\/news-les-obnl-dans-les-debats-politiques\/"]}]},{"@type":"ImageObject","inLanguage":"fr-FR","@id":"https:\/\/zewo.ch\/fr\/news-les-obnl-dans-les-debats-politiques\/#primaryimage","url":"https:\/\/zewo.ch\/wp-content\/uploads\/2019\/07\/politische-Debatten-700x500.jpg","contentUrl":"https:\/\/zewo.ch\/wp-content\/uploads\/2019\/07\/politische-Debatten-700x500.jpg","width":700,"height":500,"caption":"NPO in politischen Debatten"},{"@type":"BreadcrumbList","@id":"https:\/\/zewo.ch\/fr\/news-les-obnl-dans-les-debats-politiques\/#breadcrumb","itemListElement":[{"@type":"ListItem","position":1,"name":"Home","item":"https:\/\/zewo.ch\/fr\/"},{"@type":"ListItem","position":2,"name":"Les OBNL dans les d\u00e9bats politiques"}]},{"@type":"WebSite","@id":"https:\/\/zewo.ch\/fr\/#website","url":"https:\/\/zewo.ch\/fr\/","name":"Zewo","description":"Votre don en bonnes mains.","publisher":{"@id":"https:\/\/zewo.ch\/fr\/#organization"},"potentialAction":[{"@type":"SearchAction","target":{"@type":"EntryPoint","urlTemplate":"https:\/\/zewo.ch\/fr\/?s={search_term_string}"},"query-input":{"@type":"PropertyValueSpecification","valueRequired":true,"valueName":"search_term_string"}}],"inLanguage":"fr-FR"},{"@type":"Organization","@id":"https:\/\/zewo.ch\/fr\/#organization","name":"Stiftung Zewo","url":"https:\/\/zewo.ch\/fr\/","logo":{"@type":"ImageObject","inLanguage":"fr-FR","@id":"https:\/\/zewo.ch\/fr\/#\/schema\/logo\/image\/","url":"https:\/\/zewo.ch\/wp-content\/uploads\/2019\/08\/Zewo_Logo_Claim_D.svg","contentUrl":"https:\/\/zewo.ch\/wp-content\/uploads\/2019\/08\/Zewo_Logo_Claim_D.svg","width":1,"height":1,"caption":"Stiftung Zewo"},"image":{"@id":"https:\/\/zewo.ch\/fr\/#\/schema\/logo\/image\/"},"sameAs":["https:\/\/www.facebook.com\/Stiftung.ZEWO\/","https:\/\/x.com\/stiftung_zewo","https:\/\/www.linkedin.com\/company\/stiftung-zewo","https:\/\/www.youtube.com\/channel\/UCzjsVJro12OXcvvx1LQP8tw","https:\/\/de.wikipedia.org\/wiki\/Zewo"]},{"@type":"Person","@id":"https:\/\/zewo.ch\/fr\/#\/schema\/person\/5cf31137a255c852ba66f794541c3f8f","name":"Maja Gloor","image":{"@type":"ImageObject","inLanguage":"fr-FR","@id":"https:\/\/secure.gravatar.com\/avatar\/433bbbc6f9ae2f3d867b9b184d8b32145a34edb2acdc04b544aa2d6023aaa24d?s=96&d=mm&r=g","url":"https:\/\/secure.gravatar.com\/avatar\/433bbbc6f9ae2f3d867b9b184d8b32145a34edb2acdc04b544aa2d6023aaa24d?s=96&d=mm&r=g","contentUrl":"https:\/\/secure.gravatar.com\/avatar\/433bbbc6f9ae2f3d867b9b184d8b32145a34edb2acdc04b544aa2d6023aaa24d?s=96&d=mm&r=g","caption":"Maja Gloor"},"sameAs":["https:\/\/www.zewo.ch\/"]}]}},"publishpress_future_action":{"enabled":false,"date":"2026-05-08 05:35:32","action":"change-status","newStatus":"draft","terms":[],"taxonomy":"category","extraData":[]},"publishpress_future_workflow_manual_trigger":{"enabledWorkflows":[]},"_links":{"self":[{"href":"https:\/\/zewo.ch\/fr\/wp-json\/wp\/v2\/posts\/502931","targetHints":{"allow":["GET"]}}],"collection":[{"href":"https:\/\/zewo.ch\/fr\/wp-json\/wp\/v2\/posts"}],"about":[{"href":"https:\/\/zewo.ch\/fr\/wp-json\/wp\/v2\/types\/post"}],"author":[{"embeddable":true,"href":"https:\/\/zewo.ch\/fr\/wp-json\/wp\/v2\/users\/38"}],"replies":[{"embeddable":true,"href":"https:\/\/zewo.ch\/fr\/wp-json\/wp\/v2\/comments?post=502931"}],"version-history":[{"count":12,"href":"https:\/\/zewo.ch\/fr\/wp-json\/wp\/v2\/posts\/502931\/revisions"}],"predecessor-version":[{"id":527747,"href":"https:\/\/zewo.ch\/fr\/wp-json\/wp\/v2\/posts\/502931\/revisions\/527747"}],"wp:featuredmedia":[{"embeddable":true,"href":"https:\/\/zewo.ch\/fr\/wp-json\/wp\/v2\/media\/377242"}],"wp:attachment":[{"href":"https:\/\/zewo.ch\/fr\/wp-json\/wp\/v2\/media?parent=502931"}],"wp:term":[{"taxonomy":"category","embeddable":true,"href":"https:\/\/zewo.ch\/fr\/wp-json\/wp\/v2\/categories?post=502931"},{"taxonomy":"post_tag","embeddable":true,"href":"https:\/\/zewo.ch\/fr\/wp-json\/wp\/v2\/tags?post=502931"}],"curies":[{"name":"wp","href":"https:\/\/api.w.org\/{rel}","templated":true}]}}