{"id":502829,"date":"2019-08-20T13:23:03","date_gmt":"2019-08-20T11:23:03","guid":{"rendered":"https:\/\/www.zewo.ch\/?p=502829"},"modified":"2026-03-12T14:24:01","modified_gmt":"2026-03-12T13:24:01","slug":"news-les-cartes-sont-rebattues","status":"publish","type":"post","link":"https:\/\/zewo.ch\/fr\/news-les-cartes-sont-rebattues\/","title":{"rendered":"Les cartes sont rebattues"},"content":{"rendered":"\n<p>La DDC a \u00e9mis de nouvelles directives pour la collaboration avec les ONG suisses. Avec les ONG, elle souhaite mettre en \u0153uvre l\u2019Agenda 2030. L\u2019expertise, les innovations et les services en provenance de Suisse visent \u00e0 renforcer la soci\u00e9t\u00e9 civile dans les pays en d\u00e9veloppement et en transition. Dans ce but, la DDC attribue chaque ann\u00e9e 120 millions de francs de contributions aux programmes des ONG qui satisfont \u00e0 ses exigences. Tous les quatre ans, les cartes sont rebattues. La proc\u00e9dure de candidature pour la prochaine phase est en cours. Les ONG peuvent postuler aupr\u00e8s de la DDC en vue d\u2019un agr\u00e9ment dans quatre cat\u00e9gories.<\/p>\n\n\n\n<h3 class=\"wp-block-heading\">Les ONG titulaires du label de qualit\u00e9 Zewo ont un atout en main<\/h3>\n\n\n\n<p>Pour les ONG qui disposent d\u00e9j\u00e0 d\u2019un label de qualit\u00e9, les chances sont bonnes. En effet, la DDC pose comme pr\u00e9alable, dans les quatre cat\u00e9gories, la certification Zewo. Les ONG qui n\u2019ont pas de label de qualit\u00e9 Zewo et d\u00e9sirent demander un agr\u00e9ment aupr\u00e8s de la DDC doivent d\u00e9sormais se faire examiner par la Zewo.<\/p>\n\n\n\n<h3 class=\"wp-block-heading\">Swiss GAAP RPC ouvre grand ses portes<\/h3>\n\n\n\n<p>D\u00e9sormais, un nouveau projet s\u2019occupe de la comptabilisation des subventions. Cela concerne non seulement les OBNL qui b\u00e9n\u00e9ficient de contributions \u00e0 des programmes de la DDC. Cela s\u2019applique \u00e0 toutes les OBNL qui b\u00e9n\u00e9ficient de contributions des finances publiques. Michael Annen dirige le groupe de projet de la Fondation RPC. Quels sont les d\u00e9tails? Il l\u2019explique dans une interview avec la Zewo.<\/p>\n\n\n\n<h3 class=\"wp-block-heading\">Billets d\u2019entr\u00e9e en multipack<\/h3>\n\n\n\n<p>Il sera \u00e9galement question de cartes lors du congr\u00e8s de la Zewo 2019. Nous nous penchons sur la carte politique des OBNL. Commandez votre billet d\u2019entr\u00e9e d\u00e8s maintenant. Si trois personnes ou plus de la m\u00eame OBNL s\u2019inscrivent simultan\u00e9ment, elles profiteront d\u2019un prix pr\u00e9f\u00e9rentiel.<\/p>\n\n\n\n<style>.embed-container { position: relative; padding-bottom:56.25%; height:0; overflow: hidden; max-width: 100%; } .embed-container iframe, .embed-container object, .embed-container embed { position: absolute; top: 0; left: 0; width: 100%; height: 100%;}<\/style><div class=\"embed-container\" data-page-width=\"452\" data-page-height=\"640\" id=\"ypembedcontainer\"><iframe src=\"https:\/\/www.yumpu.com\/fr\/embed\/view\/6OsYdRXfVhSlmjyk\" frameborder=\"0\" allowfullscreen=\"true\" allowtransparency=\"true\"><\/iframe><\/div><script src=\"https:\/\/players.yumpu.com\/modules\/embed\/yp_r_iframe.js\"><\/script>\n\n\n\n<h3 class=\"wp-block-heading\" id=\"1\">Sommaire<\/h3>\n\n\n\n<ul class=\"list-icons wp-block-list\"><li><a href=\"https:\/\/zewo.ch\/fr\/zewoforum_02_2019_f\/\">Zewoforum 2|2019 au format PDF<\/a><\/li><\/ul>\n\n\n\n<ul class=\"wp-block-list\"><li><strong><a href=\"https:\/\/zewo.ch\/fr\/congres-zewo-19-9-2019-a-zurich\/\">Les OBNL dans les d\u00e9bats politiques<\/a><\/strong> \u2013 Jetzt <a href=\"https:\/\/zewo.ch\/fr\/inscription-au-congres-zewo\/\">anmelden<\/a> f\u00fcr Zewo-Tagung 2019<\/li><li><strong>Sans la Zewo, rien n\u2019est possible&nbsp;<\/strong><br>La DDC r\u00e9attribue les contributions aux programmes<\/li><li><strong>Pr\u00e9sentation remarquable affichant un nouveau format<\/strong> <br>Le suppl\u00e9ment dons devient un cahier de journal \u00e0 part enti\u00e8re<\/li><li><strong>\u00abSwiss GAAP RPC ne sert pas \u00e0 contr\u00f4ler les subventions\u00bb <\/strong><br>Le responsable de projet Michael Annen r\u00e9pond aux questions de la Zewo<\/li><li><strong>Payer une facture QR<\/strong> <br>Ce qu\u2019il faut savoir<\/li><\/ul>\n\n\n\n<p>Zewoforum, c\u2019est le magazine des OBNL de la Zewo. Il informe sur les nouveaut\u00e9s, les tenants et aboutissants et les opinions sur des th\u00e8mes pertinents. Feuilletez le magazine en ligne ou t\u00e9l\u00e9chargez-le au format pdf.<\/p>\n","protected":false},"excerpt":{"rendered":"<p>Les ONG peuvent d\u00e8s \u00e0 pr\u00e9sent postuler pour b\u00e9n\u00e9ficier de contributions de la DDC \u00e0 leurs programmes. Pour celles qui portent un label de qualit\u00e9 Zewo, les chances sont bonnes. Un nouveau projet s\u2019occupe de la comptabilisation des subventions.<\/p>\n","protected":false},"author":38,"featured_media":377147,"comment_status":"closed","ping_status":"closed","sticky":false,"template":"","format":"standard","meta":{"_acf_changed":false,"footnotes":""},"categories":[8766,8768,8767,8769,11,8765],"tags":[],"class_list":["post-502829","post","type-post","status-publish","format-standard","has-post-thumbnail","hentry","category-finances","category-fundraising","category-gestion-et-organisation","category-news-2","category-non-classifiee","category-tous"],"acf":[],"yoast_head":"<!-- This site is optimized with the Yoast SEO Premium plugin v27.5 (Yoast SEO v27.5) - https:\/\/yoast.com\/product\/yoast-seo-premium-wordpress\/ -->\n<title>Zewo<\/title>\n<meta name=\"description\" content=\"Les organisations certifi\u00e9es Zewo ont de bonnes chances d&#039;obtenir des fonds de la DDC. Un nouveau projet de la FER se penche sur leur comptabilisation.\" \/>\n<meta name=\"robots\" content=\"index, follow, max-snippet:-1, max-image-preview:large, max-video-preview:-1\" \/>\n<link rel=\"canonical\" href=\"https:\/\/zewo.ch\/fr\/news-les-cartes-sont-rebattues\/\" \/>\n<meta property=\"og:locale\" content=\"fr_FR\" \/>\n<meta property=\"og:type\" content=\"article\" \/>\n<meta property=\"og:description\" content=\"Les organisations certifi\u00e9es Zewo ont de bonnes chances d&#039;obtenir des fonds de la DDC. Un nouveau projet de la FER se penche sur leur comptabilisation.\" \/>\n<meta property=\"og:url\" content=\"https:\/\/zewo.ch\/fr\/news-les-cartes-sont-rebattues\/\" \/>\n<meta property=\"og:site_name\" content=\"Zewo\" \/>\n<meta property=\"article:publisher\" content=\"https:\/\/www.facebook.com\/Stiftung.ZEWO\/\" \/>\n<meta property=\"article:published_time\" content=\"2019-08-20T11:23:03+00:00\" \/>\n<meta property=\"article:modified_time\" content=\"2026-03-12T13:24:01+00:00\" \/>\n<meta property=\"og:image\" content=\"https:\/\/zewo.ch\/wp-content\/uploads\/2019\/07\/kartenspiel-700x500px.jpg\" \/>\n\t<meta property=\"og:image:width\" content=\"700\" \/>\n\t<meta property=\"og:image:height\" content=\"500\" \/>\n\t<meta property=\"og:image:type\" content=\"image\/jpeg\" \/>\n<meta name=\"author\" content=\"Maja Gloor\" \/>\n<meta name=\"twitter:card\" content=\"summary_large_image\" \/>\n<meta name=\"twitter:creator\" content=\"@stiftung_zewo\" \/>\n<meta name=\"twitter:site\" content=\"@stiftung_zewo\" \/>\n<meta name=\"twitter:label1\" content=\"\u00c9crit par\" \/>\n\t<meta name=\"twitter:data1\" content=\"Maja Gloor\" \/>\n\t<meta name=\"twitter:label2\" content=\"Dur\u00e9e de lecture estim\u00e9e\" \/>\n\t<meta name=\"twitter:data2\" content=\"3 minutes\" \/>\n<script type=\"application\/ld+json\" class=\"yoast-schema-graph\">{\"@context\":\"https:\\\/\\\/schema.org\",\"@graph\":[{\"@type\":\"Article\",\"@id\":\"https:\\\/\\\/zewo.ch\\\/fr\\\/news-les-cartes-sont-rebattues\\\/#article\",\"isPartOf\":{\"@id\":\"https:\\\/\\\/zewo.ch\\\/fr\\\/news-les-cartes-sont-rebattues\\\/\"},\"author\":{\"name\":\"Maja Gloor\",\"@id\":\"https:\\\/\\\/zewo.ch\\\/fr\\\/#\\\/schema\\\/person\\\/5cf31137a255c852ba66f794541c3f8f\"},\"headline\":\"Les cartes sont rebattues\",\"datePublished\":\"2019-08-20T11:23:03+00:00\",\"dateModified\":\"2026-03-12T13:24:01+00:00\",\"mainEntityOfPage\":{\"@id\":\"https:\\\/\\\/zewo.ch\\\/fr\\\/news-les-cartes-sont-rebattues\\\/\"},\"wordCount\":451,\"publisher\":{\"@id\":\"https:\\\/\\\/zewo.ch\\\/fr\\\/#organization\"},\"image\":{\"@id\":\"https:\\\/\\\/zewo.ch\\\/fr\\\/news-les-cartes-sont-rebattues\\\/#primaryimage\"},\"thumbnailUrl\":\"https:\\\/\\\/zewo.ch\\\/wp-content\\\/uploads\\\/2019\\\/07\\\/kartenspiel-700x500px.jpg\",\"articleSection\":[\"Finances\",\"Fundraising\",\"Gestion et organisation\",\"News\",\"Non classifi\u00e9(e)\",\"Tous\"],\"inLanguage\":\"fr-FR\"},{\"@type\":\"WebPage\",\"@id\":\"https:\\\/\\\/zewo.ch\\\/fr\\\/news-les-cartes-sont-rebattues\\\/#webpage\",\"url\":\"https:\\\/\\\/zewo.ch\\\/fr\\\/news-les-cartes-sont-rebattues\\\/#webpage\",\"name\":\"\",\"isPartOf\":{\"@id\":\"https:\\\/\\\/zewo.ch\\\/fr\\\/#website\"},\"primaryImageOfPage\":{\"@id\":\"https:\\\/\\\/zewo.ch\\\/fr\\\/news-les-cartes-sont-rebattues\\\/#primaryimage\"},\"image\":{\"@id\":\"https:\\\/\\\/zewo.ch\\\/fr\\\/news-les-cartes-sont-rebattues\\\/#primaryimage\"},\"thumbnailUrl\":\"https:\\\/\\\/zewo.ch\\\/wp-content\\\/uploads\\\/2019\\\/07\\\/kartenspiel-700x500px.jpg\",\"datePublished\":\"2019-08-20T11:23:03+00:00\",\"dateModified\":\"2026-03-12T13:24:01+00:00\",\"description\":\"Les organisations certifi\u00e9es Zewo ont de bonnes chances d'obtenir des fonds de la DDC. Un nouveau projet de la FER se penche sur leur comptabilisation.\",\"breadcrumb\":{\"@id\":\"https:\\\/\\\/zewo.ch\\\/fr\\\/news-les-cartes-sont-rebattues\\\/#breadcrumb\"},\"inLanguage\":\"fr-FR\",\"potentialAction\":[{\"@type\":\"ReadAction\",\"target\":[\"https:\\\/\\\/zewo.ch\\\/fr\\\/news-les-cartes-sont-rebattues\\\/\"]}]},{\"@type\":\"ImageObject\",\"inLanguage\":\"fr-FR\",\"@id\":\"https:\\\/\\\/zewo.ch\\\/fr\\\/news-les-cartes-sont-rebattues\\\/#primaryimage\",\"url\":\"https:\\\/\\\/zewo.ch\\\/wp-content\\\/uploads\\\/2019\\\/07\\\/kartenspiel-700x500px.jpg\",\"contentUrl\":\"https:\\\/\\\/zewo.ch\\\/wp-content\\\/uploads\\\/2019\\\/07\\\/kartenspiel-700x500px.jpg\",\"width\":700,\"height\":500,\"caption\":\"Die Karten werden neu gemischt\"},{\"@type\":\"BreadcrumbList\",\"@id\":\"https:\\\/\\\/zewo.ch\\\/fr\\\/news-les-cartes-sont-rebattues\\\/#breadcrumb\",\"itemListElement\":[{\"@type\":\"ListItem\",\"position\":1,\"name\":\"Home\",\"item\":\"https:\\\/\\\/zewo.ch\\\/fr\\\/\"},{\"@type\":\"ListItem\",\"position\":2,\"name\":\"Les cartes sont rebattues\"}]},{\"@type\":\"WebSite\",\"@id\":\"https:\\\/\\\/zewo.ch\\\/fr\\\/#website\",\"url\":\"https:\\\/\\\/zewo.ch\\\/fr\\\/\",\"name\":\"Zewo\",\"description\":\"Votre don en bonnes mains.\",\"publisher\":{\"@id\":\"https:\\\/\\\/zewo.ch\\\/fr\\\/#organization\"},\"potentialAction\":[{\"@type\":\"SearchAction\",\"target\":{\"@type\":\"EntryPoint\",\"urlTemplate\":\"https:\\\/\\\/zewo.ch\\\/fr\\\/?s={search_term_string}\"},\"query-input\":{\"@type\":\"PropertyValueSpecification\",\"valueRequired\":true,\"valueName\":\"search_term_string\"}}],\"inLanguage\":\"fr-FR\"},{\"@type\":\"Organization\",\"@id\":\"https:\\\/\\\/zewo.ch\\\/fr\\\/#organization\",\"name\":\"Stiftung Zewo\",\"url\":\"https:\\\/\\\/zewo.ch\\\/fr\\\/\",\"logo\":{\"@type\":\"ImageObject\",\"inLanguage\":\"fr-FR\",\"@id\":\"https:\\\/\\\/zewo.ch\\\/fr\\\/#\\\/schema\\\/logo\\\/image\\\/\",\"url\":\"https:\\\/\\\/zewo.ch\\\/wp-content\\\/uploads\\\/2019\\\/08\\\/Zewo_Logo_Claim_D.svg\",\"contentUrl\":\"https:\\\/\\\/zewo.ch\\\/wp-content\\\/uploads\\\/2019\\\/08\\\/Zewo_Logo_Claim_D.svg\",\"width\":1,\"height\":1,\"caption\":\"Stiftung Zewo\"},\"image\":{\"@id\":\"https:\\\/\\\/zewo.ch\\\/fr\\\/#\\\/schema\\\/logo\\\/image\\\/\"},\"sameAs\":[\"https:\\\/\\\/www.facebook.com\\\/Stiftung.ZEWO\\\/\",\"https:\\\/\\\/x.com\\\/stiftung_zewo\",\"https:\\\/\\\/www.linkedin.com\\\/company\\\/stiftung-zewo\",\"https:\\\/\\\/www.youtube.com\\\/channel\\\/UCzjsVJro12OXcvvx1LQP8tw\",\"https:\\\/\\\/de.wikipedia.org\\\/wiki\\\/Zewo\"]},{\"@type\":\"Person\",\"@id\":\"https:\\\/\\\/zewo.ch\\\/fr\\\/#\\\/schema\\\/person\\\/5cf31137a255c852ba66f794541c3f8f\",\"name\":\"Maja Gloor\",\"image\":{\"@type\":\"ImageObject\",\"inLanguage\":\"fr-FR\",\"@id\":\"https:\\\/\\\/secure.gravatar.com\\\/avatar\\\/433bbbc6f9ae2f3d867b9b184d8b32145a34edb2acdc04b544aa2d6023aaa24d?s=96&d=mm&r=g\",\"url\":\"https:\\\/\\\/secure.gravatar.com\\\/avatar\\\/433bbbc6f9ae2f3d867b9b184d8b32145a34edb2acdc04b544aa2d6023aaa24d?s=96&d=mm&r=g\",\"contentUrl\":\"https:\\\/\\\/secure.gravatar.com\\\/avatar\\\/433bbbc6f9ae2f3d867b9b184d8b32145a34edb2acdc04b544aa2d6023aaa24d?s=96&d=mm&r=g\",\"caption\":\"Maja Gloor\"},\"sameAs\":[\"https:\\\/\\\/www.zewo.ch\\\/\"]}]}<\/script>\n<!-- \/ Yoast SEO Premium plugin. -->","yoast_head_json":{"title":"Zewo","description":"Les organisations certifi\u00e9es Zewo ont de bonnes chances d'obtenir des fonds de la DDC. Un nouveau projet de la FER se penche sur leur comptabilisation.","robots":{"index":"index","follow":"follow","max-snippet":"max-snippet:-1","max-image-preview":"max-image-preview:large","max-video-preview":"max-video-preview:-1"},"canonical":"https:\/\/zewo.ch\/fr\/news-les-cartes-sont-rebattues\/","og_locale":"fr_FR","og_type":"article","og_description":"Les organisations certifi\u00e9es Zewo ont de bonnes chances d'obtenir des fonds de la DDC. Un nouveau projet de la FER se penche sur leur comptabilisation.","og_url":"https:\/\/zewo.ch\/fr\/news-les-cartes-sont-rebattues\/","og_site_name":"Zewo","article_publisher":"https:\/\/www.facebook.com\/Stiftung.ZEWO\/","article_published_time":"2019-08-20T11:23:03+00:00","article_modified_time":"2026-03-12T13:24:01+00:00","og_image":[{"width":700,"height":500,"url":"https:\/\/zewo.ch\/wp-content\/uploads\/2019\/07\/kartenspiel-700x500px.jpg","type":"image\/jpeg"}],"author":"Maja Gloor","twitter_card":"summary_large_image","twitter_creator":"@stiftung_zewo","twitter_site":"@stiftung_zewo","twitter_misc":{"\u00c9crit par":"Maja Gloor","Dur\u00e9e de lecture estim\u00e9e":"3 minutes"},"schema":{"@context":"https:\/\/schema.org","@graph":[{"@type":"Article","@id":"https:\/\/zewo.ch\/fr\/news-les-cartes-sont-rebattues\/#article","isPartOf":{"@id":"https:\/\/zewo.ch\/fr\/news-les-cartes-sont-rebattues\/"},"author":{"name":"Maja Gloor","@id":"https:\/\/zewo.ch\/fr\/#\/schema\/person\/5cf31137a255c852ba66f794541c3f8f"},"headline":"Les cartes sont rebattues","datePublished":"2019-08-20T11:23:03+00:00","dateModified":"2026-03-12T13:24:01+00:00","mainEntityOfPage":{"@id":"https:\/\/zewo.ch\/fr\/news-les-cartes-sont-rebattues\/"},"wordCount":451,"publisher":{"@id":"https:\/\/zewo.ch\/fr\/#organization"},"image":{"@id":"https:\/\/zewo.ch\/fr\/news-les-cartes-sont-rebattues\/#primaryimage"},"thumbnailUrl":"https:\/\/zewo.ch\/wp-content\/uploads\/2019\/07\/kartenspiel-700x500px.jpg","articleSection":["Finances","Fundraising","Gestion et organisation","News","Non classifi\u00e9(e)","Tous"],"inLanguage":"fr-FR"},{"@type":"WebPage","@id":"https:\/\/zewo.ch\/fr\/news-les-cartes-sont-rebattues\/#webpage","url":"https:\/\/zewo.ch\/fr\/news-les-cartes-sont-rebattues\/#webpage","name":"","isPartOf":{"@id":"https:\/\/zewo.ch\/fr\/#website"},"primaryImageOfPage":{"@id":"https:\/\/zewo.ch\/fr\/news-les-cartes-sont-rebattues\/#primaryimage"},"image":{"@id":"https:\/\/zewo.ch\/fr\/news-les-cartes-sont-rebattues\/#primaryimage"},"thumbnailUrl":"https:\/\/zewo.ch\/wp-content\/uploads\/2019\/07\/kartenspiel-700x500px.jpg","datePublished":"2019-08-20T11:23:03+00:00","dateModified":"2026-03-12T13:24:01+00:00","description":"Les organisations certifi\u00e9es Zewo ont de bonnes chances d'obtenir des fonds de la DDC. Un nouveau projet de la FER se penche sur leur comptabilisation.","breadcrumb":{"@id":"https:\/\/zewo.ch\/fr\/news-les-cartes-sont-rebattues\/#breadcrumb"},"inLanguage":"fr-FR","potentialAction":[{"@type":"ReadAction","target":["https:\/\/zewo.ch\/fr\/news-les-cartes-sont-rebattues\/"]}]},{"@type":"ImageObject","inLanguage":"fr-FR","@id":"https:\/\/zewo.ch\/fr\/news-les-cartes-sont-rebattues\/#primaryimage","url":"https:\/\/zewo.ch\/wp-content\/uploads\/2019\/07\/kartenspiel-700x500px.jpg","contentUrl":"https:\/\/zewo.ch\/wp-content\/uploads\/2019\/07\/kartenspiel-700x500px.jpg","width":700,"height":500,"caption":"Die Karten werden neu gemischt"},{"@type":"BreadcrumbList","@id":"https:\/\/zewo.ch\/fr\/news-les-cartes-sont-rebattues\/#breadcrumb","itemListElement":[{"@type":"ListItem","position":1,"name":"Home","item":"https:\/\/zewo.ch\/fr\/"},{"@type":"ListItem","position":2,"name":"Les cartes sont rebattues"}]},{"@type":"WebSite","@id":"https:\/\/zewo.ch\/fr\/#website","url":"https:\/\/zewo.ch\/fr\/","name":"Zewo","description":"Votre don en bonnes mains.","publisher":{"@id":"https:\/\/zewo.ch\/fr\/#organization"},"potentialAction":[{"@type":"SearchAction","target":{"@type":"EntryPoint","urlTemplate":"https:\/\/zewo.ch\/fr\/?s={search_term_string}"},"query-input":{"@type":"PropertyValueSpecification","valueRequired":true,"valueName":"search_term_string"}}],"inLanguage":"fr-FR"},{"@type":"Organization","@id":"https:\/\/zewo.ch\/fr\/#organization","name":"Stiftung Zewo","url":"https:\/\/zewo.ch\/fr\/","logo":{"@type":"ImageObject","inLanguage":"fr-FR","@id":"https:\/\/zewo.ch\/fr\/#\/schema\/logo\/image\/","url":"https:\/\/zewo.ch\/wp-content\/uploads\/2019\/08\/Zewo_Logo_Claim_D.svg","contentUrl":"https:\/\/zewo.ch\/wp-content\/uploads\/2019\/08\/Zewo_Logo_Claim_D.svg","width":1,"height":1,"caption":"Stiftung Zewo"},"image":{"@id":"https:\/\/zewo.ch\/fr\/#\/schema\/logo\/image\/"},"sameAs":["https:\/\/www.facebook.com\/Stiftung.ZEWO\/","https:\/\/x.com\/stiftung_zewo","https:\/\/www.linkedin.com\/company\/stiftung-zewo","https:\/\/www.youtube.com\/channel\/UCzjsVJro12OXcvvx1LQP8tw","https:\/\/de.wikipedia.org\/wiki\/Zewo"]},{"@type":"Person","@id":"https:\/\/zewo.ch\/fr\/#\/schema\/person\/5cf31137a255c852ba66f794541c3f8f","name":"Maja Gloor","image":{"@type":"ImageObject","inLanguage":"fr-FR","@id":"https:\/\/secure.gravatar.com\/avatar\/433bbbc6f9ae2f3d867b9b184d8b32145a34edb2acdc04b544aa2d6023aaa24d?s=96&d=mm&r=g","url":"https:\/\/secure.gravatar.com\/avatar\/433bbbc6f9ae2f3d867b9b184d8b32145a34edb2acdc04b544aa2d6023aaa24d?s=96&d=mm&r=g","contentUrl":"https:\/\/secure.gravatar.com\/avatar\/433bbbc6f9ae2f3d867b9b184d8b32145a34edb2acdc04b544aa2d6023aaa24d?s=96&d=mm&r=g","caption":"Maja Gloor"},"sameAs":["https:\/\/www.zewo.ch\/"]}]}},"publishpress_future_action":{"enabled":false,"date":"2026-05-08 23:16:22","action":"change-status","newStatus":"draft","terms":[],"taxonomy":"category","extraData":[]},"publishpress_future_workflow_manual_trigger":{"enabledWorkflows":[]},"_links":{"self":[{"href":"https:\/\/zewo.ch\/fr\/wp-json\/wp\/v2\/posts\/502829","targetHints":{"allow":["GET"]}}],"collection":[{"href":"https:\/\/zewo.ch\/fr\/wp-json\/wp\/v2\/posts"}],"about":[{"href":"https:\/\/zewo.ch\/fr\/wp-json\/wp\/v2\/types\/post"}],"author":[{"embeddable":true,"href":"https:\/\/zewo.ch\/fr\/wp-json\/wp\/v2\/users\/38"}],"replies":[{"embeddable":true,"href":"https:\/\/zewo.ch\/fr\/wp-json\/wp\/v2\/comments?post=502829"}],"version-history":[{"count":14,"href":"https:\/\/zewo.ch\/fr\/wp-json\/wp\/v2\/posts\/502829\/revisions"}],"predecessor-version":[{"id":5938793,"href":"https:\/\/zewo.ch\/fr\/wp-json\/wp\/v2\/posts\/502829\/revisions\/5938793"}],"wp:featuredmedia":[{"embeddable":true,"href":"https:\/\/zewo.ch\/fr\/wp-json\/wp\/v2\/media\/377147"}],"wp:attachment":[{"href":"https:\/\/zewo.ch\/fr\/wp-json\/wp\/v2\/media?parent=502829"}],"wp:term":[{"taxonomy":"category","embeddable":true,"href":"https:\/\/zewo.ch\/fr\/wp-json\/wp\/v2\/categories?post=502829"},{"taxonomy":"post_tag","embeddable":true,"href":"https:\/\/zewo.ch\/fr\/wp-json\/wp\/v2\/tags?post=502829"}],"curies":[{"name":"wp","href":"https:\/\/api.w.org\/{rel}","templated":true}]}}