{"id":502792,"date":"2019-08-20T11:44:36","date_gmt":"2019-08-20T09:44:36","guid":{"rendered":"https:\/\/www.zewo.ch\/?p=502792"},"modified":"2021-03-22T08:58:29","modified_gmt":"2021-03-22T07:58:29","slug":"news-la-facture-qr","status":"publish","type":"post","link":"https:\/\/zewo.ch\/fr\/news-la-facture-qr\/","title":{"rendered":"La facture QR"},"content":{"rendered":"\n<p><strong>La facture QR conna\u00eetra bient\u00f4t des changements significatifs. Elle ressemble de plus en plus au bulletin de versement. Zewo se f\u00e9licite des propositions de Six AG, qui r\u00e9pondent largement aux besoins des OBNL. <\/strong><\/p>\n\n\n\n<p>Six Exchange Regulation SA, comp\u00e9tente sur la place financi\u00e8re suisse pour le trafic des paiements entre les banques, a demand\u00e9 des avis sur la nouvelle facture QR dans le cadre d\u2019une proc\u00e9dure de consultation publique. Les organisations \u00e0 but non lucratif qui y ont particip\u00e9 ont salu\u00e9 les huit propositions de modification soumises \u00e0 la discussion. Leurs votes en faveur de changements les plus limit\u00e9s possible par rapport au format actuel ont \u00e9t\u00e9 pris en compte.<\/p>\n\n\n\n<h2 class=\"wp-block-heading\"><strong>La majorit\u00e9 se f\u00e9licite des changements<\/strong><\/h2>\n\n\n\n<p>Des \u00e9tablissements financiers, des \u00e9metteurs de factures, des organisations collectrices de dons, des fournisseurs de logiciels, des associations, des prestataires de services et des repr\u00e9sentants des consommateurs ont pris position sur les propositions de Six. La majorit\u00e9 a salu\u00e9 les propositions de modification soumises \u00e0 la discussion. Les propositions \u00abobligation de perforation\u00bb et \u00abr\u00e9c\u00e9piss\u00e9\u00bb ont globalement recueilli une approbation moins nette. Comme elles promettent une similitude avec l\u2019actuel bulletin de versement, les organisations \u00e0 but non lucratif ont vot\u00e9 pour \u00e0 la majorit\u00e9. Du point de vue de la Zewo, il faut s\u2019en r\u00e9jouir car les organisations certifi\u00e9es pourront continuer d\u2019apposer le label de qualit\u00e9 Zewo de mani\u00e8re bien visible sur le r\u00e9c\u00e9piss\u00e9.<\/p>\n\n\n\n<p>Une fois la consultation termin\u00e9e, Six a d\u00e9cid\u00e9 de mettre en oeuvre, comme pr\u00e9vu, les propositions ci-apr\u00e8s:<\/p>\n\n\n\n<ul class=\"wp-block-list\"><li> Introduction d\u2019une obligation de perforation pour les paiements sur support papier<\/li><li>Introduction d\u2019un r\u00e9c\u00e9piss\u00e9<\/li><li>Simplification au niveau des adresses structur\u00e9es<\/li><li>Simplification des combinaisons possibles dans les r\u00e9f\u00e9rences structur\u00e9es <\/li><li>Pas d\u2019utilisation du champ \u00abB\u00e9n\u00e9ficiaire final\u00bb dans l\u2019imm\u00e9diat<\/li><li>Introduction d\u2019une police de caract\u00e8res sans licence suppl\u00e9mentaire pour les utilisateurs non Microsoft<\/li><\/ul>\n\n\n\n<h3 class=\"wp-block-heading\">Twint et Cie.<\/h3>\n\n\n\n<p>Pour des consid\u00e9rations relevant du droit de la concurrence, la prise en charge des champs \u00abProc\u00e9dures alternatives\u00bb, par exemple Twint, ne sera pas repouss\u00e9e \u00e0 une date ult\u00e9rieure et cette possibilit\u00e9 sera utilisable d\u00e8s le milieu de l\u2019ann\u00e9e 2020. Pour des questions de protection des donn\u00e9es, les informations concernant la structure de l\u2019\u00e9metteur de la facture ainsi que les champs \u00abProc\u00e9dures alternatives\u00bb sont imprim\u00e9s. <\/p>\n\n\n\n<h2 class=\"wp-block-heading\">Consommateurs et organisations \u00e0 but non lucratif favorables \u00e0 la perforation et au r\u00e9c\u00e9piss\u00e9<\/h2>\n\n\n\n<p>20 organisations \u00e0 but non lucratif titulaires du label de qualit\u00e9 Zewo ont particip\u00e9 \u00e0 l\u2019enqu\u00eate de Six. La Zewo a pu consulter leurs prises de position. Voici les retours des organisations \u00e0 but non lucratif par rapport aux diff\u00e9rentes propositions:<\/p>\n\n\n\n<h3 class=\"wp-block-heading\">Introduction d\u2019une obligation de perforation pour les paiements sur support papier<\/h3>\n\n\n\n<p>17 oeuvres de bienfaisance titulaires du label de qualit\u00e9 Zewo \u00e9taient favorables \u00e0 cette mesure. Elles ont trouv\u00e9 l\u2019obligation de perforation pertinente, voire absolument n\u00e9cessaire. Il n\u2019y a eu que trois votes de refus. L\u2019obligation de perforation a notamment\u00e9t\u00e9 approuv\u00e9e par les consommatrices et les consommateurs qui effectuent des paiements sur support papier, ainsi que par les repr\u00e9sentants des consommateurs. Des partenaires en solutions logicielles et certains \u00e9metteurs de factures ont exprim\u00e9 un avis n\u00e9gatif.<\/p>\n\n\n\n<h3 class=\"wp-block-heading\">Introduction du r\u00e9c\u00e9piss\u00e9<\/h3>\n\n\n\n<p>Sur 20 organisations \u00e0 but non lucratif, 16 pensaient que cette modification \u00e9tait en grande partie pertinente. Certaines ont une nouvelle fois fait remarquer que le bureau de poste n\u2019avait pas besoin physiquement du justificatif et que les donatrices et donateurs pouvaient le conserver une fois tamponn\u00e9. Le r\u00e9c\u00e9piss\u00e9 a \u00e9t\u00e9 notamment approuv\u00e9 lors des \u00abUser Experience Tests\u00bb parce qu\u2019il facilite le contr\u00f4le du paiement gr\u00e2ce \u00e0 l\u2019identification. Les \u00e9tablissements financiers, en revanche, se sont exprim\u00e9s contre le r\u00e9c\u00e9piss\u00e9.<\/p>\n\n\n\n<h3 class=\"wp-block-heading\">Simplification au niveau des adresses structur\u00e9es<\/h3>\n\n\n\n<p>18 organisations \u00e0 but non lucratif sur 20 ont donn\u00e9 leur approbation. Les \u00e9metteurs de factures et les associations ont \u00e9galement \u00e9mis un avis favorable. Des \u00e9tablissements financiers et certains \u00e9diteurs de logiciels ont donn\u00e9 un avis plut\u00f4t n\u00e9gatif. Globalement, la proposition a \u00e9t\u00e9 appuy\u00e9e par une nette majorit\u00e9.<\/p>\n\n\n\n<h3 class=\"wp-block-heading\">Omission des informations concernant la structure de l\u2019\u00e9metteur de la facture<\/h3>\n\n\n\n<p>16 organisations \u00e0 but non lucratif sur 20 \u00e9taient d\u2019avis qu\u2019il n\u2019\u00e9tait pas n\u00e9cessaire de mentionner les informations concernant la structure. Cette position correspond \u00e0 celle des autres participantes et participants \u00e0 la consultation. Six a cependant d\u00e9cid\u00e9 entre-temps d\u2019imprimer ces informations pour des raisons juridiques de protection des donn\u00e9es.<\/p>\n\n\n\n<h3 class=\"wp-block-heading\">Simplification des combinaisons possibles dans les r\u00e9f\u00e9rences structur\u00e9es<\/h3>\n\n\n\n<p>18 organisations \u00e0 but non lucratif titulaires du label de qualit\u00e9 Zewo sur 20 se sont montr\u00e9es favorables \u00e0 cette simplification, tout comme la majorit\u00e9 des groupes d\u2019utilisateurs impliqu\u00e9s. Cette proposition de modification peut, certes, entra\u00eener une charge suppl\u00e9mentaire lors de la mise en oeuvre, mais elle garantit une affectation claire \u00e0 la proc\u00e9dure de paiement et, par cons\u00e9quent, une meilleure s\u00e9curit\u00e9 du processus.<\/p>\n\n\n\n<h3 class=\"wp-block-heading\">Pas d\u2019utilisation du champ \u00abB\u00e9n\u00e9ficiaire final\u00bb dans l\u2019imm\u00e9diat<\/h3>\n\n\n\n<p>Pas d\u2019utilisation du \u00abB\u00e9n\u00e9ficiaire final\u00bb dans l\u2019imm\u00e9diat: 15 organisations \u00e0 but non lucratif titulaires du label de qualit\u00e9 \u00e9taient d\u2019avis que cette utilisation n\u2019\u00e9tait pas n\u00e9cessaire actuellement. Le fait de l\u2019abandonner permet une simplification op\u00e9rationnelle.<\/p>\n\n\n\n<h3 class=\"wp-block-heading\">Pas d\u2019utilisation du champ pour les proc\u00e9dures alternatives dans l\u2019imm\u00e9diat<\/h3>\n\n\n\n<p>La majorit\u00e9 des organisations \u00e0 but non lucratif, soit 16 sur 20, \u00e9tait favorable \u00e0 cette proposition, ainsi que la nette majorit\u00e9 des groupes d\u2019utilisateurs. Certaines voix ont attir\u00e9 l\u2019attention sur le fait qu\u2019une introduction ult\u00e9rieure entra\u00eenerait des co\u00fbts suppl\u00e9mentaires, d\u2019autres ont indiqu\u00e9 un besoin concret. Six a finalement d\u00e9cid\u00e9, pour des raisons li\u00e9es au droit de la concurrence, d\u2019ouvrir ce champ et de le rendre utilisable d\u00e8s le milieu de l\u2019ann\u00e9e 2020.<\/p>\n\n\n\n<h2 class=\"wp-block-heading\">Le \u00abcharme d\u2019un bordereau d\u2019imp\u00f4t\u00bb<\/h2>\n\n\n\n<p>Pour les organisations \u00e0 but non lucratif, il \u00e9tait important que la nouvelle section de paiement s\u2019int\u00e8gre bien dans les mailings. Il ne doit pas y avoir de changement majeur du format. Une organisation a d\u00e9sapprouv\u00e9 le choix du terme \u00abfacture QR\u00bb. Il devrait \u00eatre possible de la pr\u00e9senter comme un \u00abbulletin de versement de don\u00bb. Certaines craignent que la facture QR, dont l\u2019aspect sobre aurait le \u00abcharme d\u2019un bordereau d\u2019imp\u00f4t\u00bb, entra\u00eene une chute des dons. Six a not\u00e9 que pour les organisations \u00e0 but non lucratif participantes, la nouvelle facture QR pourrait constituer un danger si elle est trop diff\u00e9rente des bulletins de versement actuels. Pour la version d\u00e9finitive de la facture QR, Six a proc\u00e9d\u00e9 \u00e0 quelques modifications de contenu, de style et de formulation (voir illustration) afin d\u2019en am\u00e9liorer l\u2019utilisation.<\/p>\n\n\n\n<p>Une organisation titulaire du label dequalit\u00e9 Zewo s\u2019est abstenue et n\u2019a donn\u00e9 aucune r\u00e9ponse. Elle a d\u00e9clar\u00e9 que le d\u00e9lai de mise en oeuvre pour 2020 \u00e9tait tr\u00e8s serr\u00e9 et qu\u2019elle doutait que cette date puisse \u00eatre respect\u00e9e.<\/p>\n\n\n\n<h2 class=\"wp-block-heading\">Le compte \u00e0 rebours jusqu\u2019au 30 juin 2020 est lanc\u00e9<\/h2>\n\n\n\n<p>La nouvelle facture QR devrait permettre de gagner du temps lors des proc\u00e9dures de paiement et de parvenir \u00e0 une meilleure rentabilit\u00e9. Elle devrait \u00eatre disponible \u00e0 compter du 30 juin 2020 et remplacera par \u00e9tapes successives tous les bulletins de versement actuels. Cette nouvelle solution concerne toutes les entreprises, les institutions \u00e9tatiques et les organisations \u00e0 but non lucratif, ainsi que les clientes et les clients, mais \u00e9galement les donatrices et les donateurs.<\/p>\n\n\n\n<h3 class=\"wp-block-heading\"><strong>L\u2019introduction concerne tout le monde<\/strong><\/h3>\n\n\n\n<p>D\u2019ici cette date, les banques, \u00e9diteurs de logiciels, destinataires de factures et organisations r\u00e9coltant des dons devront proc\u00e9der aux modifications techniques n\u00e9cessaires pour pouvoir traiter la nouvelle facture QR et effectuer des paiements. Outre les services en ligne et les applications mobiles des banques, ces mesures concernent les guichets de la Poste et, pour les entreprises, les plateformes de scanning et les logiciels de paiement et de comptabilit\u00e9.<\/p>\n\n\n\n<h3 class=\"wp-block-heading\"><strong>Information<\/strong><\/h3>\n\n\n\n<p><strong>Site Internet et documents \u00e0 t\u00e9l\u00e9charger<\/strong><br><a href=\"https:\/\/www.paymentstandards.ch\/fr\/home\/companies.html\" target=\"_blank\" rel=\"noreferrer noopener\" aria-label=\"www. PaymentStandards.CH (\u00f6ffnet in neuem Tab)\">www. PaymentStandards.CH<\/a><\/p>\n\n\n\n<ul class=\"list-icons wp-block-list\"><li><a rel=\"noreferrer noopener\" aria-label=\" (\u00f6ffnet in neuem Tab)\" href=\"https:\/\/zewo.ch\/fr\/rapport-de-consultation\/\" target=\"_blank\">Rapport de consultation<\/a><\/li><li><a href=\"https:\/\/zewo.ch\/fr\/flyer-qr-rechnung-2\/\">Flyer \u00ab\u00a0QR-facture\u00a0\u00bb<\/a><\/li><li><a rel=\"noreferrer noopener\" aria-label=\"La QR-facture (\u00f6ffnet in neuem Tab)\" href=\"https:\/\/zewo.ch\/fr\/merkblatt-qr-fr\/\" target=\"_blank\">La QR-facture<\/a><\/li><\/ul>\n\n\n\n<h3 class=\"wp-block-heading\">Contact<\/h3>\n\n\n\n<p>Thomas Reske<br>Responsable de projet communication PaymentStandards.CH<\/p>\n\n\n\n<p><a href=\"mailto:thomas.reske@six-group.com\">thomas.reske@six-group.com<\/a><\/p>\n","protected":false},"excerpt":{"rendered":"<p>Un format plus proche du bulletin de versement<\/p>\n","protected":false},"author":38,"featured_media":377180,"comment_status":"closed","ping_status":"closed","sticky":false,"template":"","format":"standard","meta":{"_acf_changed":false,"footnotes":""},"categories":[15013,8766,8769],"tags":[16386],"class_list":["post-502792","post","type-post","status-publish","format-standard","has-post-thumbnail","hentry","category-conseils","category-finances","category-news-2","tag-qr-facture-2"],"acf":[],"yoast_head":"<!-- This site is optimized with the Yoast SEO Premium plugin v26.0 (Yoast SEO v26.0) - https:\/\/yoast.com\/wordpress\/plugins\/seo\/ -->\n<title>Zewo<\/title>\n<meta name=\"description\" content=\"La facture QR conna\u00eetra bient\u00f4t des changements significatifs. Elle ressemble de plus en plus au bulletin de versement.\" \/>\n<meta name=\"robots\" content=\"index, follow, max-snippet:-1, max-image-preview:large, max-video-preview:-1\" \/>\n<link rel=\"canonical\" href=\"https:\/\/zewo.ch\/fr\/news-la-facture-qr\/\" \/>\n<meta property=\"og:locale\" content=\"fr_FR\" \/>\n<meta property=\"og:type\" content=\"article\" \/>\n<meta property=\"og:description\" content=\"La facture QR conna\u00eetra bient\u00f4t des changements significatifs. Elle ressemble de plus en plus au bulletin de versement.\" \/>\n<meta property=\"og:url\" content=\"https:\/\/zewo.ch\/fr\/news-la-facture-qr\/\" \/>\n<meta property=\"og:site_name\" content=\"Zewo\" \/>\n<meta property=\"article:publisher\" content=\"https:\/\/www.facebook.com\/Stiftung.ZEWO\/\" \/>\n<meta property=\"article:published_time\" content=\"2019-08-20T09:44:36+00:00\" \/>\n<meta property=\"article:modified_time\" content=\"2021-03-22T07:58:29+00:00\" \/>\n<meta property=\"og:image\" content=\"https:\/\/zewo.ch\/wp-content\/uploads\/2019\/07\/QR-Rechnung-Paar-1.png\" \/>\n\t<meta property=\"og:image:width\" content=\"700\" \/>\n\t<meta property=\"og:image:height\" content=\"500\" \/>\n\t<meta property=\"og:image:type\" content=\"image\/png\" \/>\n<meta name=\"author\" content=\"Maja Gloor\" \/>\n<meta name=\"twitter:card\" content=\"summary_large_image\" \/>\n<meta name=\"twitter:creator\" content=\"@stiftung_zewo\" \/>\n<meta name=\"twitter:site\" content=\"@stiftung_zewo\" \/>\n<meta name=\"twitter:label1\" content=\"\u00c9crit par\" \/>\n\t<meta name=\"twitter:data1\" content=\"Maja Gloor\" \/>\n\t<meta name=\"twitter:label2\" content=\"Dur\u00e9e de lecture estim\u00e9e\" \/>\n\t<meta name=\"twitter:data2\" content=\"7 minutes\" \/>\n<script type=\"application\/ld+json\" class=\"yoast-schema-graph\">{\"@context\":\"https:\/\/schema.org\",\"@graph\":[{\"@type\":\"Article\",\"@id\":\"https:\/\/zewo.ch\/fr\/news-la-facture-qr\/#article\",\"isPartOf\":{\"@id\":\"https:\/\/zewo.ch\/fr\/news-la-facture-qr\/\"},\"author\":{\"name\":\"Maja Gloor\",\"@id\":\"https:\/\/zewo.ch\/fr\/#\/schema\/person\/5cf31137a255c852ba66f794541c3f8f\"},\"headline\":\"La facture QR\",\"datePublished\":\"2019-08-20T09:44:36+00:00\",\"dateModified\":\"2021-03-22T07:58:29+00:00\",\"mainEntityOfPage\":{\"@id\":\"https:\/\/zewo.ch\/fr\/news-la-facture-qr\/\"},\"wordCount\":1380,\"publisher\":{\"@id\":\"https:\/\/zewo.ch\/fr\/#organization\"},\"image\":{\"@id\":\"https:\/\/zewo.ch\/fr\/news-la-facture-qr\/#primaryimage\"},\"thumbnailUrl\":\"https:\/\/zewo.ch\/wp-content\/uploads\/2019\/07\/QR-Rechnung-Paar-1.png\",\"keywords\":[\"qr facture\"],\"articleSection\":[\"Conseils\",\"Finances\",\"News\"],\"inLanguage\":\"fr-FR\"},{\"@type\":\"WebPage\",\"@id\":\"https:\/\/zewo.ch\/fr\/news-la-facture-qr\/#webpage\",\"url\":\"https:\/\/zewo.ch\/fr\/news-la-facture-qr\/#webpage\",\"name\":\"\",\"isPartOf\":{\"@id\":\"https:\/\/zewo.ch\/fr\/#website\"},\"primaryImageOfPage\":{\"@id\":\"https:\/\/zewo.ch\/fr\/news-la-facture-qr\/#primaryimage\"},\"image\":{\"@id\":\"https:\/\/zewo.ch\/fr\/news-la-facture-qr\/#primaryimage\"},\"thumbnailUrl\":\"https:\/\/zewo.ch\/wp-content\/uploads\/2019\/07\/QR-Rechnung-Paar-1.png\",\"datePublished\":\"2019-08-20T09:44:36+00:00\",\"dateModified\":\"2021-03-22T07:58:29+00:00\",\"description\":\"La facture QR conna\u00eetra bient\u00f4t des changements significatifs. Elle ressemble de plus en plus au bulletin de versement.\",\"breadcrumb\":{\"@id\":\"https:\/\/zewo.ch\/fr\/news-la-facture-qr\/#breadcrumb\"},\"inLanguage\":\"fr-FR\",\"potentialAction\":[{\"@type\":\"ReadAction\",\"target\":[\"https:\/\/zewo.ch\/fr\/news-la-facture-qr\/\"]}]},{\"@type\":\"ImageObject\",\"inLanguage\":\"fr-FR\",\"@id\":\"https:\/\/zewo.ch\/fr\/news-la-facture-qr\/#primaryimage\",\"url\":\"https:\/\/zewo.ch\/wp-content\/uploads\/2019\/07\/QR-Rechnung-Paar-1.png\",\"contentUrl\":\"https:\/\/zewo.ch\/wp-content\/uploads\/2019\/07\/QR-Rechnung-Paar-1.png\",\"width\":700,\"height\":500,\"caption\":\"Es tut sich was bei der QR-Rechnung\"},{\"@type\":\"BreadcrumbList\",\"@id\":\"https:\/\/zewo.ch\/fr\/news-la-facture-qr\/#breadcrumb\",\"itemListElement\":[{\"@type\":\"ListItem\",\"position\":1,\"name\":\"Home\",\"item\":\"https:\/\/zewo.ch\/fr\/\"},{\"@type\":\"ListItem\",\"position\":2,\"name\":\"La facture QR\"}]},{\"@type\":\"WebSite\",\"@id\":\"https:\/\/zewo.ch\/fr\/#website\",\"url\":\"https:\/\/zewo.ch\/fr\/\",\"name\":\"Zewo\",\"description\":\"Votre don en bonnes mains.\",\"publisher\":{\"@id\":\"https:\/\/zewo.ch\/fr\/#organization\"},\"potentialAction\":[{\"@type\":\"SearchAction\",\"target\":{\"@type\":\"EntryPoint\",\"urlTemplate\":\"https:\/\/zewo.ch\/fr\/?s={search_term_string}\"},\"query-input\":{\"@type\":\"PropertyValueSpecification\",\"valueRequired\":true,\"valueName\":\"search_term_string\"}}],\"inLanguage\":\"fr-FR\"},{\"@type\":\"Organization\",\"@id\":\"https:\/\/zewo.ch\/fr\/#organization\",\"name\":\"Stiftung Zewo\",\"url\":\"https:\/\/zewo.ch\/fr\/\",\"logo\":{\"@type\":\"ImageObject\",\"inLanguage\":\"fr-FR\",\"@id\":\"https:\/\/zewo.ch\/fr\/#\/schema\/logo\/image\/\",\"url\":\"https:\/\/zewo.ch\/wp-content\/uploads\/2019\/08\/Zewo_Logo_Claim_D.svg\",\"contentUrl\":\"https:\/\/zewo.ch\/wp-content\/uploads\/2019\/08\/Zewo_Logo_Claim_D.svg\",\"width\":1,\"height\":1,\"caption\":\"Stiftung Zewo\"},\"image\":{\"@id\":\"https:\/\/zewo.ch\/fr\/#\/schema\/logo\/image\/\"},\"sameAs\":[\"https:\/\/www.facebook.com\/Stiftung.ZEWO\/\",\"https:\/\/x.com\/stiftung_zewo\",\"https:\/\/www.linkedin.com\/company\/stiftung-zewo\",\"https:\/\/www.youtube.com\/channel\/UCzjsVJro12OXcvvx1LQP8tw\",\"https:\/\/de.wikipedia.org\/wiki\/Zewo\"]},{\"@type\":\"Person\",\"@id\":\"https:\/\/zewo.ch\/fr\/#\/schema\/person\/5cf31137a255c852ba66f794541c3f8f\",\"name\":\"Maja Gloor\",\"image\":{\"@type\":\"ImageObject\",\"inLanguage\":\"fr-FR\",\"@id\":\"https:\/\/zewo.ch\/fr\/#\/schema\/person\/image\/\",\"url\":\"https:\/\/secure.gravatar.com\/avatar\/433bbbc6f9ae2f3d867b9b184d8b32145a34edb2acdc04b544aa2d6023aaa24d?s=96&d=mm&r=g\",\"contentUrl\":\"https:\/\/secure.gravatar.com\/avatar\/433bbbc6f9ae2f3d867b9b184d8b32145a34edb2acdc04b544aa2d6023aaa24d?s=96&d=mm&r=g\",\"caption\":\"Maja Gloor\"},\"sameAs\":[\"https:\/\/www.zewo.ch\/\"]}]}<\/script>\n<!-- \/ Yoast SEO Premium plugin. -->","yoast_head_json":{"title":"Zewo","description":"La facture QR conna\u00eetra bient\u00f4t des changements significatifs. Elle ressemble de plus en plus au bulletin de versement.","robots":{"index":"index","follow":"follow","max-snippet":"max-snippet:-1","max-image-preview":"max-image-preview:large","max-video-preview":"max-video-preview:-1"},"canonical":"https:\/\/zewo.ch\/fr\/news-la-facture-qr\/","og_locale":"fr_FR","og_type":"article","og_description":"La facture QR conna\u00eetra bient\u00f4t des changements significatifs. Elle ressemble de plus en plus au bulletin de versement.","og_url":"https:\/\/zewo.ch\/fr\/news-la-facture-qr\/","og_site_name":"Zewo","article_publisher":"https:\/\/www.facebook.com\/Stiftung.ZEWO\/","article_published_time":"2019-08-20T09:44:36+00:00","article_modified_time":"2021-03-22T07:58:29+00:00","og_image":[{"width":700,"height":500,"url":"https:\/\/zewo.ch\/wp-content\/uploads\/2019\/07\/QR-Rechnung-Paar-1.png","type":"image\/png"}],"author":"Maja Gloor","twitter_card":"summary_large_image","twitter_creator":"@stiftung_zewo","twitter_site":"@stiftung_zewo","twitter_misc":{"\u00c9crit par":"Maja Gloor","Dur\u00e9e de lecture estim\u00e9e":"7 minutes"},"schema":{"@context":"https:\/\/schema.org","@graph":[{"@type":"Article","@id":"https:\/\/zewo.ch\/fr\/news-la-facture-qr\/#article","isPartOf":{"@id":"https:\/\/zewo.ch\/fr\/news-la-facture-qr\/"},"author":{"name":"Maja Gloor","@id":"https:\/\/zewo.ch\/fr\/#\/schema\/person\/5cf31137a255c852ba66f794541c3f8f"},"headline":"La facture QR","datePublished":"2019-08-20T09:44:36+00:00","dateModified":"2021-03-22T07:58:29+00:00","mainEntityOfPage":{"@id":"https:\/\/zewo.ch\/fr\/news-la-facture-qr\/"},"wordCount":1380,"publisher":{"@id":"https:\/\/zewo.ch\/fr\/#organization"},"image":{"@id":"https:\/\/zewo.ch\/fr\/news-la-facture-qr\/#primaryimage"},"thumbnailUrl":"https:\/\/zewo.ch\/wp-content\/uploads\/2019\/07\/QR-Rechnung-Paar-1.png","keywords":["qr facture"],"articleSection":["Conseils","Finances","News"],"inLanguage":"fr-FR"},{"@type":"WebPage","@id":"https:\/\/zewo.ch\/fr\/news-la-facture-qr\/#webpage","url":"https:\/\/zewo.ch\/fr\/news-la-facture-qr\/#webpage","name":"","isPartOf":{"@id":"https:\/\/zewo.ch\/fr\/#website"},"primaryImageOfPage":{"@id":"https:\/\/zewo.ch\/fr\/news-la-facture-qr\/#primaryimage"},"image":{"@id":"https:\/\/zewo.ch\/fr\/news-la-facture-qr\/#primaryimage"},"thumbnailUrl":"https:\/\/zewo.ch\/wp-content\/uploads\/2019\/07\/QR-Rechnung-Paar-1.png","datePublished":"2019-08-20T09:44:36+00:00","dateModified":"2021-03-22T07:58:29+00:00","description":"La facture QR conna\u00eetra bient\u00f4t des changements significatifs. Elle ressemble de plus en plus au bulletin de versement.","breadcrumb":{"@id":"https:\/\/zewo.ch\/fr\/news-la-facture-qr\/#breadcrumb"},"inLanguage":"fr-FR","potentialAction":[{"@type":"ReadAction","target":["https:\/\/zewo.ch\/fr\/news-la-facture-qr\/"]}]},{"@type":"ImageObject","inLanguage":"fr-FR","@id":"https:\/\/zewo.ch\/fr\/news-la-facture-qr\/#primaryimage","url":"https:\/\/zewo.ch\/wp-content\/uploads\/2019\/07\/QR-Rechnung-Paar-1.png","contentUrl":"https:\/\/zewo.ch\/wp-content\/uploads\/2019\/07\/QR-Rechnung-Paar-1.png","width":700,"height":500,"caption":"Es tut sich was bei der QR-Rechnung"},{"@type":"BreadcrumbList","@id":"https:\/\/zewo.ch\/fr\/news-la-facture-qr\/#breadcrumb","itemListElement":[{"@type":"ListItem","position":1,"name":"Home","item":"https:\/\/zewo.ch\/fr\/"},{"@type":"ListItem","position":2,"name":"La facture QR"}]},{"@type":"WebSite","@id":"https:\/\/zewo.ch\/fr\/#website","url":"https:\/\/zewo.ch\/fr\/","name":"Zewo","description":"Votre don en bonnes mains.","publisher":{"@id":"https:\/\/zewo.ch\/fr\/#organization"},"potentialAction":[{"@type":"SearchAction","target":{"@type":"EntryPoint","urlTemplate":"https:\/\/zewo.ch\/fr\/?s={search_term_string}"},"query-input":{"@type":"PropertyValueSpecification","valueRequired":true,"valueName":"search_term_string"}}],"inLanguage":"fr-FR"},{"@type":"Organization","@id":"https:\/\/zewo.ch\/fr\/#organization","name":"Stiftung Zewo","url":"https:\/\/zewo.ch\/fr\/","logo":{"@type":"ImageObject","inLanguage":"fr-FR","@id":"https:\/\/zewo.ch\/fr\/#\/schema\/logo\/image\/","url":"https:\/\/zewo.ch\/wp-content\/uploads\/2019\/08\/Zewo_Logo_Claim_D.svg","contentUrl":"https:\/\/zewo.ch\/wp-content\/uploads\/2019\/08\/Zewo_Logo_Claim_D.svg","width":1,"height":1,"caption":"Stiftung Zewo"},"image":{"@id":"https:\/\/zewo.ch\/fr\/#\/schema\/logo\/image\/"},"sameAs":["https:\/\/www.facebook.com\/Stiftung.ZEWO\/","https:\/\/x.com\/stiftung_zewo","https:\/\/www.linkedin.com\/company\/stiftung-zewo","https:\/\/www.youtube.com\/channel\/UCzjsVJro12OXcvvx1LQP8tw","https:\/\/de.wikipedia.org\/wiki\/Zewo"]},{"@type":"Person","@id":"https:\/\/zewo.ch\/fr\/#\/schema\/person\/5cf31137a255c852ba66f794541c3f8f","name":"Maja Gloor","image":{"@type":"ImageObject","inLanguage":"fr-FR","@id":"https:\/\/zewo.ch\/fr\/#\/schema\/person\/image\/","url":"https:\/\/secure.gravatar.com\/avatar\/433bbbc6f9ae2f3d867b9b184d8b32145a34edb2acdc04b544aa2d6023aaa24d?s=96&d=mm&r=g","contentUrl":"https:\/\/secure.gravatar.com\/avatar\/433bbbc6f9ae2f3d867b9b184d8b32145a34edb2acdc04b544aa2d6023aaa24d?s=96&d=mm&r=g","caption":"Maja Gloor"},"sameAs":["https:\/\/www.zewo.ch\/"]}]}},"publishpress_future_action":{"enabled":false,"date":"2026-05-06 06:52:25","action":"change-status","newStatus":"draft","terms":[],"taxonomy":"category","extraData":[]},"publishpress_future_workflow_manual_trigger":{"enabledWorkflows":[]},"_links":{"self":[{"href":"https:\/\/zewo.ch\/fr\/wp-json\/wp\/v2\/posts\/502792","targetHints":{"allow":["GET"]}}],"collection":[{"href":"https:\/\/zewo.ch\/fr\/wp-json\/wp\/v2\/posts"}],"about":[{"href":"https:\/\/zewo.ch\/fr\/wp-json\/wp\/v2\/types\/post"}],"author":[{"embeddable":true,"href":"https:\/\/zewo.ch\/fr\/wp-json\/wp\/v2\/users\/38"}],"replies":[{"embeddable":true,"href":"https:\/\/zewo.ch\/fr\/wp-json\/wp\/v2\/comments?post=502792"}],"version-history":[{"count":18,"href":"https:\/\/zewo.ch\/fr\/wp-json\/wp\/v2\/posts\/502792\/revisions"}],"predecessor-version":[{"id":5790601,"href":"https:\/\/zewo.ch\/fr\/wp-json\/wp\/v2\/posts\/502792\/revisions\/5790601"}],"wp:featuredmedia":[{"embeddable":true,"href":"https:\/\/zewo.ch\/fr\/wp-json\/wp\/v2\/media\/377180"}],"wp:attachment":[{"href":"https:\/\/zewo.ch\/fr\/wp-json\/wp\/v2\/media?parent=502792"}],"wp:term":[{"taxonomy":"category","embeddable":true,"href":"https:\/\/zewo.ch\/fr\/wp-json\/wp\/v2\/categories?post=502792"},{"taxonomy":"post_tag","embeddable":true,"href":"https:\/\/zewo.ch\/fr\/wp-json\/wp\/v2\/tags?post=502792"}],"curies":[{"name":"wp","href":"https:\/\/api.w.org\/{rel}","templated":true}]}}