{"id":4623359,"date":"2017-09-30T09:00:00","date_gmt":"2017-09-30T07:00:00","guid":{"rendered":"https:\/\/zewo.ch\/?p=4623359"},"modified":"2021-01-05T14:26:55","modified_gmt":"2021-01-05T13:26:55","slug":"news-zewoforum-03-2017-fr","status":"publish","type":"post","link":"https:\/\/zewo.ch\/fr\/news-zewoforum-03-2017-fr\/","title":{"rendered":"Zewoforum 03_2017"},"content":{"rendered":"\n<p>Pourquoi une personne souf\u00adfre-t-elle? Les raisons restent souvent bien myst\u00e9rieuses, et en tout cas nombreuses. Peut-\u00eatre parce qu\u2019il ne semble pas possible de mener une vie en toute ind\u00e9pendance, parce que les perspectives font d\u00e9faut ou parce que les fondements vitaux manquent. Derri\u00e8re les questions qui se posent, il y a la mis\u00e8re, la peur et le d\u00e9sespoir. Les \u0153uvres de bienfaisance r\u00e9pondent \u00e0 ces aspects myst\u00e9rieux par le s\u00e9rieux. Elles apportent une aide l\u00e0 o\u00f9 cette aide est n\u00e9cessaire. Elles s\u2019engagent pour le bien des individus, avec attention, clairvoyance et le tact n\u00e9cessaire. Elles \u00e9tudient les causes profondes des probl\u00e8mes et mettent en \u00e9vidence des rapports de cause \u00e0 effet. Lorsqu\u2019il faut mettre fin \u00e0 des situations intol\u00e9rables, elles exigent des mesures \u2013 de mani\u00e8re claire et concise. Ainsi, leur travail contribue \u00e0 apaiser les doutes.<\/p>\n\n\n\n<h2 class=\"wp-block-heading\"><strong>Votre don en bonnes mains<\/strong><\/h2>\n\n\n\n<p>Les personnes doutent lorsque, bien qu\u2019elles s\u2019efforcent de comprendre, un myst\u00e8re subsiste. Par exemple: celles qui ne sont pas s\u00fbres qu\u2019un don arrive au bon endroit. Celles qui supposent qu\u2019une organisation n\u2019est pas s\u00e9rieuse. Et qui craignent que les dons ne soient pas utilis\u00e9s efficacement. Face \u00e0 ces aspects myst\u00e9rieux, le label de qualit\u00e9 Zewo est un gage de s\u00e9rieux. Il atteste que dans les \u0153uvres de bienfaisance certifi\u00e9es, les dons sont en bonnes mains. La Zewo attire d\u00e8s \u00e0 pr\u00e9sent l\u2019attention sur le nouveau slogan avec des annonces bouchons. Le motif figurant sur l\u2019image de titre sera suivi d\u2019autres, destin\u00e9s \u00e0 la presse \u00e9crite et aux m\u00e9dias en ligne.<\/p>\n\n\n\n<h2 class=\"wp-block-heading\"><strong>Maintenir la grande propension \u00e0 donner<\/strong><\/h2>\n\n\n\n<p>Montrez directement \u00e0 vos donatrices et donateurs que chez vous, les dons sont en bonnes mains. Reproduisez syst\u00e9matiquement le label de qualit\u00e9 sur vos appels aux dons, courriers de demande de dons, news\u00adletters, sites Web, annonces et publications. Ainsi, vous renforcez la confiance dans votre organisation et maintenez la propension \u00e0 donner en Suisse. <\/p>\n\n\n\n<pre class=\"wp-block-preformatted\"><style>.embed-container { position: relative; padding-bottom:56.25%; height:0; overflow: hidden; max-width: 100%; } .embed-container iframe, .embed-container object, .embed-container embed { position: absolute; top: 0; left: 0; width: 100%; height: 100%;}<\/style><div class=\"embed-container\" data-page-width=\"452\" data-page-height=\"640\" id=\"ypembedcontainer\"><iframe src=\"https:\/\/www.yumpu.com\/fr\/embed\/view\/ltC8jv4yPuHpoBKF\" frameborder=\"0\" allowfullscreen=\"true\" allowtransparency=\"true\"><\/iframe><\/div><script src=\"https:\/\/players.yumpu.com\/modules\/embed\/yp_r_iframe.js\"><\/script><\/pre>\n\n\n\n<h2 class=\"wp-block-heading\">Sommaire 03.2017<\/h2>\n\n\n\n<ul class=\"wp-block-list\" id=\"block-0d849fb0-a9eb-4597-afa0-cd06e67884d6\"><li><strong>La Suisse, un pays donateur<\/strong><\/li><li><strong>G\u00e9n\u00e9rosit\u00e9 de la population sur le front des dons en 2016<\/strong><br>Statistiques des dons de la Zewo<\/li><li><strong>R\u00e9trospective du congr\u00e8s Zewo 2017<\/strong><\/li><li><strong>Votre don en bonnes mains<\/strong><br>Le nouveau slogan procure un sentiment de confiance et de s\u00e9curit\u00e9 aux donateurs<\/li><li><strong>Aide \u00e0 l\u2019orientation des donateurs<\/strong><br>Nouveaux motifs pour les annonces bouchon<\/li><li><strong>Mise en oeuvre des normes de la Zewo en toute simplicit\u00e9<\/strong><br>Cours et outils de la Zewo<\/li><\/ul>\n\n\n\n<ul class=\"list-icons wp-block-list\"><li><a href=\"\/wp-content\/uploads\/2020\/12\/zewoforum_03_2017_F.pdf\" target=\"_blank\" rel=\"noreferrer noopener\">Zewoforum 03_2017<\/a><\/li><\/ul>\n","protected":false},"excerpt":{"rendered":"<p>Face au myst\u00e8re, opter pour le s\u00e9rieux<\/p>\n","protected":false},"author":7,"featured_media":4621467,"comment_status":"closed","ping_status":"closed","sticky":false,"template":"","format":"standard","meta":{"_acf_changed":false,"footnotes":""},"categories":[15543,8766,8768,8767],"tags":[16378],"class_list":["post-4623359","post","type-post","status-publish","format-standard","has-post-thumbnail","hentry","category-communication","category-finances","category-fundraising","category-gestion-et-organisation","tag-zewoforum-5"],"acf":[],"yoast_head":"<!-- This site is optimized with the Yoast SEO Premium plugin v26.0 (Yoast SEO v26.0) - https:\/\/yoast.com\/wordpress\/plugins\/seo\/ -->\n<title>Zewo<\/title>\n<meta name=\"description\" content=\"L\u2019an pass\u00e9, les organisations d\u2019utilit\u00e9 publique \u00e0 but non lucratif de Suisse ont re\u00e7u quelque 1,79 milliard de francs de dons.\" \/>\n<meta name=\"robots\" content=\"index, follow, max-snippet:-1, max-image-preview:large, max-video-preview:-1\" \/>\n<link rel=\"canonical\" href=\"https:\/\/zewo.ch\/fr\/news-zewoforum-03-2017-fr\/\" \/>\n<meta property=\"og:locale\" content=\"fr_FR\" \/>\n<meta property=\"og:type\" content=\"article\" \/>\n<meta property=\"og:description\" content=\"L\u2019an pass\u00e9, les organisations d\u2019utilit\u00e9 publique \u00e0 but non lucratif de Suisse ont re\u00e7u quelque 1,79 milliard de francs de dons.\" \/>\n<meta property=\"og:url\" content=\"https:\/\/zewo.ch\/fr\/news-zewoforum-03-2017-fr\/\" \/>\n<meta property=\"og:site_name\" content=\"Zewo\" \/>\n<meta property=\"article:publisher\" content=\"https:\/\/www.facebook.com\/Stiftung.ZEWO\/\" \/>\n<meta property=\"article:published_time\" content=\"2017-09-30T07:00:00+00:00\" \/>\n<meta property=\"article:modified_time\" content=\"2021-01-05T13:26:55+00:00\" \/>\n<meta property=\"og:image\" content=\"https:\/\/zewo.ch\/wp-content\/uploads\/2020\/12\/Zewoforum-FR-2017_3.jpg\" \/>\n\t<meta property=\"og:image:width\" content=\"1200\" \/>\n\t<meta property=\"og:image:height\" content=\"600\" \/>\n\t<meta property=\"og:image:type\" content=\"image\/jpeg\" \/>\n<meta name=\"author\" content=\"Martina Ziegerer\" \/>\n<meta name=\"twitter:card\" content=\"summary_large_image\" \/>\n<meta name=\"twitter:creator\" content=\"@stiftung_zewo\" \/>\n<meta name=\"twitter:site\" content=\"@stiftung_zewo\" \/>\n<meta name=\"twitter:label1\" content=\"\u00c9crit par\" \/>\n\t<meta name=\"twitter:data1\" content=\"Martina Ziegerer\" \/>\n\t<meta name=\"twitter:label2\" content=\"Dur\u00e9e de lecture estim\u00e9e\" \/>\n\t<meta name=\"twitter:data2\" content=\"2 minutes\" \/>\n<script type=\"application\/ld+json\" class=\"yoast-schema-graph\">{\"@context\":\"https:\/\/schema.org\",\"@graph\":[{\"@type\":\"Article\",\"@id\":\"https:\/\/zewo.ch\/fr\/news-zewoforum-03-2017-fr\/#article\",\"isPartOf\":{\"@id\":\"https:\/\/zewo.ch\/fr\/news-zewoforum-03-2017-fr\/\"},\"author\":{\"name\":\"Martina Ziegerer\",\"@id\":\"https:\/\/zewo.ch\/fr\/#\/schema\/person\/96b10222a0cd263eca56b23cdad51c90\"},\"headline\":\"Zewoforum 03_2017\",\"datePublished\":\"2017-09-30T07:00:00+00:00\",\"dateModified\":\"2021-01-05T13:26:55+00:00\",\"mainEntityOfPage\":{\"@id\":\"https:\/\/zewo.ch\/fr\/news-zewoforum-03-2017-fr\/\"},\"wordCount\":420,\"publisher\":{\"@id\":\"https:\/\/zewo.ch\/fr\/#organization\"},\"image\":{\"@id\":\"https:\/\/zewo.ch\/fr\/news-zewoforum-03-2017-fr\/#primaryimage\"},\"thumbnailUrl\":\"https:\/\/zewo.ch\/wp-content\/uploads\/2020\/12\/Zewoforum-FR-2017_3.jpg\",\"keywords\":[\"Zewoforum\"],\"articleSection\":[\"Communication\",\"Finances\",\"Fundraising\",\"Gestion et organisation\"],\"inLanguage\":\"fr-FR\"},{\"@type\":\"WebPage\",\"@id\":\"https:\/\/zewo.ch\/fr\/news-zewoforum-03-2017-fr\/#webpage\",\"url\":\"https:\/\/zewo.ch\/fr\/news-zewoforum-03-2017-fr\/#webpage\",\"name\":\"\",\"isPartOf\":{\"@id\":\"https:\/\/zewo.ch\/fr\/#website\"},\"primaryImageOfPage\":{\"@id\":\"https:\/\/zewo.ch\/fr\/news-zewoforum-03-2017-fr\/#primaryimage\"},\"image\":{\"@id\":\"https:\/\/zewo.ch\/fr\/news-zewoforum-03-2017-fr\/#primaryimage\"},\"thumbnailUrl\":\"https:\/\/zewo.ch\/wp-content\/uploads\/2020\/12\/Zewoforum-FR-2017_3.jpg\",\"datePublished\":\"2017-09-30T07:00:00+00:00\",\"dateModified\":\"2021-01-05T13:26:55+00:00\",\"description\":\"L\u2019an pass\u00e9, les organisations d\u2019utilit\u00e9 publique \u00e0 but non lucratif de Suisse ont re\u00e7u quelque 1,79 milliard de francs de dons.\",\"breadcrumb\":{\"@id\":\"https:\/\/zewo.ch\/fr\/news-zewoforum-03-2017-fr\/#breadcrumb\"},\"inLanguage\":\"fr-FR\",\"potentialAction\":[{\"@type\":\"ReadAction\",\"target\":[\"https:\/\/zewo.ch\/fr\/news-zewoforum-03-2017-fr\/\"]}]},{\"@type\":\"ImageObject\",\"inLanguage\":\"fr-FR\",\"@id\":\"https:\/\/zewo.ch\/fr\/news-zewoforum-03-2017-fr\/#primaryimage\",\"url\":\"https:\/\/zewo.ch\/wp-content\/uploads\/2020\/12\/Zewoforum-FR-2017_3.jpg\",\"contentUrl\":\"https:\/\/zewo.ch\/wp-content\/uploads\/2020\/12\/Zewoforum-FR-2017_3.jpg\",\"width\":1200,\"height\":600},{\"@type\":\"BreadcrumbList\",\"@id\":\"https:\/\/zewo.ch\/fr\/news-zewoforum-03-2017-fr\/#breadcrumb\",\"itemListElement\":[{\"@type\":\"ListItem\",\"position\":1,\"name\":\"Home\",\"item\":\"https:\/\/zewo.ch\/fr\/\"},{\"@type\":\"ListItem\",\"position\":2,\"name\":\"Zewoforum 03_2017\"}]},{\"@type\":\"WebSite\",\"@id\":\"https:\/\/zewo.ch\/fr\/#website\",\"url\":\"https:\/\/zewo.ch\/fr\/\",\"name\":\"Zewo\",\"description\":\"Votre don en bonnes mains.\",\"publisher\":{\"@id\":\"https:\/\/zewo.ch\/fr\/#organization\"},\"potentialAction\":[{\"@type\":\"SearchAction\",\"target\":{\"@type\":\"EntryPoint\",\"urlTemplate\":\"https:\/\/zewo.ch\/fr\/?s={search_term_string}\"},\"query-input\":{\"@type\":\"PropertyValueSpecification\",\"valueRequired\":true,\"valueName\":\"search_term_string\"}}],\"inLanguage\":\"fr-FR\"},{\"@type\":\"Organization\",\"@id\":\"https:\/\/zewo.ch\/fr\/#organization\",\"name\":\"Stiftung Zewo\",\"url\":\"https:\/\/zewo.ch\/fr\/\",\"logo\":{\"@type\":\"ImageObject\",\"inLanguage\":\"fr-FR\",\"@id\":\"https:\/\/zewo.ch\/fr\/#\/schema\/logo\/image\/\",\"url\":\"https:\/\/zewo.ch\/wp-content\/uploads\/2019\/08\/Zewo_Logo_Claim_D.svg\",\"contentUrl\":\"https:\/\/zewo.ch\/wp-content\/uploads\/2019\/08\/Zewo_Logo_Claim_D.svg\",\"width\":1,\"height\":1,\"caption\":\"Stiftung Zewo\"},\"image\":{\"@id\":\"https:\/\/zewo.ch\/fr\/#\/schema\/logo\/image\/\"},\"sameAs\":[\"https:\/\/www.facebook.com\/Stiftung.ZEWO\/\",\"https:\/\/x.com\/stiftung_zewo\",\"https:\/\/www.linkedin.com\/company\/stiftung-zewo\",\"https:\/\/www.youtube.com\/channel\/UCzjsVJro12OXcvvx1LQP8tw\",\"https:\/\/de.wikipedia.org\/wiki\/Zewo\"]},{\"@type\":\"Person\",\"@id\":\"https:\/\/zewo.ch\/fr\/#\/schema\/person\/96b10222a0cd263eca56b23cdad51c90\",\"name\":\"Martina Ziegerer\",\"image\":{\"@type\":\"ImageObject\",\"inLanguage\":\"fr-FR\",\"@id\":\"https:\/\/zewo.ch\/fr\/#\/schema\/person\/image\/\",\"url\":\"https:\/\/secure.gravatar.com\/avatar\/94cb36f58dbc034cdf9b7032ddc49ce2e1b34ebecaad083aa00e2fe46d3f299b?s=96&d=mm&r=g\",\"contentUrl\":\"https:\/\/secure.gravatar.com\/avatar\/94cb36f58dbc034cdf9b7032ddc49ce2e1b34ebecaad083aa00e2fe46d3f299b?s=96&d=mm&r=g\",\"caption\":\"Martina Ziegerer\"},\"sameAs\":[\"https:\/\/www.zewo.ch\/\"]}]}<\/script>\n<!-- \/ Yoast SEO Premium plugin. -->","yoast_head_json":{"title":"Zewo","description":"L\u2019an pass\u00e9, les organisations d\u2019utilit\u00e9 publique \u00e0 but non lucratif de Suisse ont re\u00e7u quelque 1,79 milliard de francs de dons.","robots":{"index":"index","follow":"follow","max-snippet":"max-snippet:-1","max-image-preview":"max-image-preview:large","max-video-preview":"max-video-preview:-1"},"canonical":"https:\/\/zewo.ch\/fr\/news-zewoforum-03-2017-fr\/","og_locale":"fr_FR","og_type":"article","og_description":"L\u2019an pass\u00e9, les organisations d\u2019utilit\u00e9 publique \u00e0 but non lucratif de Suisse ont re\u00e7u quelque 1,79 milliard de francs de dons.","og_url":"https:\/\/zewo.ch\/fr\/news-zewoforum-03-2017-fr\/","og_site_name":"Zewo","article_publisher":"https:\/\/www.facebook.com\/Stiftung.ZEWO\/","article_published_time":"2017-09-30T07:00:00+00:00","article_modified_time":"2021-01-05T13:26:55+00:00","og_image":[{"width":1200,"height":600,"url":"https:\/\/zewo.ch\/wp-content\/uploads\/2020\/12\/Zewoforum-FR-2017_3.jpg","type":"image\/jpeg"}],"author":"Martina Ziegerer","twitter_card":"summary_large_image","twitter_creator":"@stiftung_zewo","twitter_site":"@stiftung_zewo","twitter_misc":{"\u00c9crit par":"Martina Ziegerer","Dur\u00e9e de lecture estim\u00e9e":"2 minutes"},"schema":{"@context":"https:\/\/schema.org","@graph":[{"@type":"Article","@id":"https:\/\/zewo.ch\/fr\/news-zewoforum-03-2017-fr\/#article","isPartOf":{"@id":"https:\/\/zewo.ch\/fr\/news-zewoforum-03-2017-fr\/"},"author":{"name":"Martina Ziegerer","@id":"https:\/\/zewo.ch\/fr\/#\/schema\/person\/96b10222a0cd263eca56b23cdad51c90"},"headline":"Zewoforum 03_2017","datePublished":"2017-09-30T07:00:00+00:00","dateModified":"2021-01-05T13:26:55+00:00","mainEntityOfPage":{"@id":"https:\/\/zewo.ch\/fr\/news-zewoforum-03-2017-fr\/"},"wordCount":420,"publisher":{"@id":"https:\/\/zewo.ch\/fr\/#organization"},"image":{"@id":"https:\/\/zewo.ch\/fr\/news-zewoforum-03-2017-fr\/#primaryimage"},"thumbnailUrl":"https:\/\/zewo.ch\/wp-content\/uploads\/2020\/12\/Zewoforum-FR-2017_3.jpg","keywords":["Zewoforum"],"articleSection":["Communication","Finances","Fundraising","Gestion et organisation"],"inLanguage":"fr-FR"},{"@type":"WebPage","@id":"https:\/\/zewo.ch\/fr\/news-zewoforum-03-2017-fr\/#webpage","url":"https:\/\/zewo.ch\/fr\/news-zewoforum-03-2017-fr\/#webpage","name":"","isPartOf":{"@id":"https:\/\/zewo.ch\/fr\/#website"},"primaryImageOfPage":{"@id":"https:\/\/zewo.ch\/fr\/news-zewoforum-03-2017-fr\/#primaryimage"},"image":{"@id":"https:\/\/zewo.ch\/fr\/news-zewoforum-03-2017-fr\/#primaryimage"},"thumbnailUrl":"https:\/\/zewo.ch\/wp-content\/uploads\/2020\/12\/Zewoforum-FR-2017_3.jpg","datePublished":"2017-09-30T07:00:00+00:00","dateModified":"2021-01-05T13:26:55+00:00","description":"L\u2019an pass\u00e9, les organisations d\u2019utilit\u00e9 publique \u00e0 but non lucratif de Suisse ont re\u00e7u quelque 1,79 milliard de francs de dons.","breadcrumb":{"@id":"https:\/\/zewo.ch\/fr\/news-zewoforum-03-2017-fr\/#breadcrumb"},"inLanguage":"fr-FR","potentialAction":[{"@type":"ReadAction","target":["https:\/\/zewo.ch\/fr\/news-zewoforum-03-2017-fr\/"]}]},{"@type":"ImageObject","inLanguage":"fr-FR","@id":"https:\/\/zewo.ch\/fr\/news-zewoforum-03-2017-fr\/#primaryimage","url":"https:\/\/zewo.ch\/wp-content\/uploads\/2020\/12\/Zewoforum-FR-2017_3.jpg","contentUrl":"https:\/\/zewo.ch\/wp-content\/uploads\/2020\/12\/Zewoforum-FR-2017_3.jpg","width":1200,"height":600},{"@type":"BreadcrumbList","@id":"https:\/\/zewo.ch\/fr\/news-zewoforum-03-2017-fr\/#breadcrumb","itemListElement":[{"@type":"ListItem","position":1,"name":"Home","item":"https:\/\/zewo.ch\/fr\/"},{"@type":"ListItem","position":2,"name":"Zewoforum 03_2017"}]},{"@type":"WebSite","@id":"https:\/\/zewo.ch\/fr\/#website","url":"https:\/\/zewo.ch\/fr\/","name":"Zewo","description":"Votre don en bonnes mains.","publisher":{"@id":"https:\/\/zewo.ch\/fr\/#organization"},"potentialAction":[{"@type":"SearchAction","target":{"@type":"EntryPoint","urlTemplate":"https:\/\/zewo.ch\/fr\/?s={search_term_string}"},"query-input":{"@type":"PropertyValueSpecification","valueRequired":true,"valueName":"search_term_string"}}],"inLanguage":"fr-FR"},{"@type":"Organization","@id":"https:\/\/zewo.ch\/fr\/#organization","name":"Stiftung Zewo","url":"https:\/\/zewo.ch\/fr\/","logo":{"@type":"ImageObject","inLanguage":"fr-FR","@id":"https:\/\/zewo.ch\/fr\/#\/schema\/logo\/image\/","url":"https:\/\/zewo.ch\/wp-content\/uploads\/2019\/08\/Zewo_Logo_Claim_D.svg","contentUrl":"https:\/\/zewo.ch\/wp-content\/uploads\/2019\/08\/Zewo_Logo_Claim_D.svg","width":1,"height":1,"caption":"Stiftung Zewo"},"image":{"@id":"https:\/\/zewo.ch\/fr\/#\/schema\/logo\/image\/"},"sameAs":["https:\/\/www.facebook.com\/Stiftung.ZEWO\/","https:\/\/x.com\/stiftung_zewo","https:\/\/www.linkedin.com\/company\/stiftung-zewo","https:\/\/www.youtube.com\/channel\/UCzjsVJro12OXcvvx1LQP8tw","https:\/\/de.wikipedia.org\/wiki\/Zewo"]},{"@type":"Person","@id":"https:\/\/zewo.ch\/fr\/#\/schema\/person\/96b10222a0cd263eca56b23cdad51c90","name":"Martina Ziegerer","image":{"@type":"ImageObject","inLanguage":"fr-FR","@id":"https:\/\/zewo.ch\/fr\/#\/schema\/person\/image\/","url":"https:\/\/secure.gravatar.com\/avatar\/94cb36f58dbc034cdf9b7032ddc49ce2e1b34ebecaad083aa00e2fe46d3f299b?s=96&d=mm&r=g","contentUrl":"https:\/\/secure.gravatar.com\/avatar\/94cb36f58dbc034cdf9b7032ddc49ce2e1b34ebecaad083aa00e2fe46d3f299b?s=96&d=mm&r=g","caption":"Martina Ziegerer"},"sameAs":["https:\/\/www.zewo.ch\/"]}]}},"publishpress_future_action":{"enabled":false,"date":"2026-05-07 09:54:25","action":"change-status","newStatus":"draft","terms":[],"taxonomy":"category","extraData":[]},"publishpress_future_workflow_manual_trigger":{"enabledWorkflows":[]},"_links":{"self":[{"href":"https:\/\/zewo.ch\/fr\/wp-json\/wp\/v2\/posts\/4623359","targetHints":{"allow":["GET"]}}],"collection":[{"href":"https:\/\/zewo.ch\/fr\/wp-json\/wp\/v2\/posts"}],"about":[{"href":"https:\/\/zewo.ch\/fr\/wp-json\/wp\/v2\/types\/post"}],"author":[{"embeddable":true,"href":"https:\/\/zewo.ch\/fr\/wp-json\/wp\/v2\/users\/7"}],"replies":[{"embeddable":true,"href":"https:\/\/zewo.ch\/fr\/wp-json\/wp\/v2\/comments?post=4623359"}],"version-history":[{"count":3,"href":"https:\/\/zewo.ch\/fr\/wp-json\/wp\/v2\/posts\/4623359\/revisions"}],"predecessor-version":[{"id":4623363,"href":"https:\/\/zewo.ch\/fr\/wp-json\/wp\/v2\/posts\/4623359\/revisions\/4623363"}],"wp:featuredmedia":[{"embeddable":true,"href":"https:\/\/zewo.ch\/fr\/wp-json\/wp\/v2\/media\/4621467"}],"wp:attachment":[{"href":"https:\/\/zewo.ch\/fr\/wp-json\/wp\/v2\/media?parent=4623359"}],"wp:term":[{"taxonomy":"category","embeddable":true,"href":"https:\/\/zewo.ch\/fr\/wp-json\/wp\/v2\/categories?post=4623359"},{"taxonomy":"post_tag","embeddable":true,"href":"https:\/\/zewo.ch\/fr\/wp-json\/wp\/v2\/tags?post=4623359"}],"curies":[{"name":"wp","href":"https:\/\/api.w.org\/{rel}","templated":true}]}}