{"id":5945908,"date":"2026-09-03T15:22:11","date_gmt":"2026-09-03T13:22:11","guid":{"rendered":"https:\/\/zewo.ch\/?p=5945908"},"modified":"2026-09-03T16:03:44","modified_gmt":"2026-09-03T14:03:44","slug":"news-zewo-tagung-2026-npos-neu-denken","status":"publish","type":"post","link":"https:\/\/zewo.ch\/de\/news-zewo-tagung-2026-npos-neu-denken\/","title":{"rendered":"Zewo-Tagung 2026: NPOs neu denken"},"content":{"rendered":"\n<p>Unter dem Motto <strong>\u00abNPOs neu denken\u00bb<\/strong> bot die Zewo-Tagung Impulse, Diskussionen und viel Raum f\u00fcr Austausch dar\u00fcber, wie NPOs Ver\u00e4nderungen gestalten, Verantwortung teilen und Vertrauen sichern k\u00f6nnen.<\/p>\n\n\n\n<p>Dass der Wandel in der Arbeitswelt Chancen, aber auch Kehrseiten mit sich bringt, zeigte <strong>HR-Experte Thomas B\u00f6sch<\/strong> gleich zu Beginn. Ein Beispiel daf\u00fcr sind partizipative Arbeitsmodelle: Sie kommen dem Bed\u00fcrfnis vieler Mitarbeitender nach Mitsprache und Beteiligung entgegen. Im \u00dcbermass und ohne klare Vereinbarungen k\u00f6nnen sie jedoch in kollektiver Unverantwortlichkeit m\u00fcnden. Es geh\u00f6rt deshalb zu den F\u00fchrungsaufgaben, die Zusammenarbeit so auszugestalten, dass sie die Bed\u00fcrfnisse der Mitarbeitenden und der Organisation in eine gute Balance bringt.<\/p>\n\n\n\n<p><strong>Markus Gm\u00fcr<\/strong> pr\u00e4sentierte die Ergebnisse der neuen Zewo-Verg\u00fctungsstudie 2026. Sie zeigt: Die Verg\u00fctungen in Schweizer Hilfswerken bleiben zur\u00fcckhaltend und sind weitgehend erkl\u00e4rbar<strong>.<\/strong><\/p>\n\n\n\n<p>Die <strong>Nobelpreistr\u00e4gerin<\/strong> <strong>Esther Duflo<\/strong> ermutigte NPOs, knapper werdende Mittel dort einzusetzen, wo sie m\u00f6glichst viel bewirken \u2013 und daf\u00fcr bestehende Erkenntnisse aus der evidenzbasierten Forschung zu nutzen. Was nachweislich funktioniert, soll skaliert werden. Gleichzeitig m\u00fcssen neue Ideen getestet und sauber evaluiert werden. Dass etwas nicht funktioniert, kommt h\u00e4ufig vor. Entscheidend ist, dies fr\u00fch zu erkennen, zu handeln und daraus zu lernen. Im Zentrum evidenzbasierter Forschung sollte dabei nie die Frage stehen, <strong>was es uns n\u00fctzt, sondern was den Menschen n\u00fctzt, um die es geht<\/strong>.<\/p>\n\n\n\n<p>In f\u00fcnf Fokusgruppen standen konkrete Fragen aus der NPO-Praxis im Zentrum: der Einsatz von KI im Finanz- und Personalwesen, die Herausforderung, als Organisation im Zeitalter von KI-Agenten sichtbar zu bleiben, die Frage, wie NPOs Erkenntnisse aus der Wirkungsmessung f\u00fcr Lernen und Weiterentwicklung nutzen k\u00f6nnen, sowie die risikobasierte Due Diligence von Partnern, Beg\u00fcnstigten und Mittelfl\u00fcssen zur Vorbeugung von Missbrauchsrisiken.<\/p>\n\n\n\n<p>Auf dem Podium diskutierte <strong>Moderatorin Ladina Spiess<\/strong> mit <strong>Nora Kronig<\/strong>, Direktorin des Schweizerischen Roten Kreuzes, <strong>Melchior Lengsfeld<\/strong>, Direktor von Helvetas, und <strong>Florian Steinbacher<\/strong>, Vizedirektor des Bundesamts f\u00fcr Sozialversicherungen (BSV), \u00fcber aktuelle Herausforderungen f\u00fcr NPOs und die Frage, wie sich der gemeinn\u00fctzige Sektor unter ver\u00e4nderten Rahmenbedingungen weiterentwickeln kann.<\/p>\n\n\n\n<p><strong>Martina Ziegerer<\/strong> gab einen ersten Einblick in die aktuellsten Daten der Zewo-Einnahmenstatistik. Sie zeigte, dass digitale Zahlungsmittel und die angek\u00fcndigte Abl\u00f6sung des Lastschriftverfahrens f\u00fcr den NPO-Sektor aktuelle Themen sind, f\u00fcr die sich die Zewo gemeinsam mit anderen Akteuren des NPO-Sektors einsetzt. Mit neuen Hilfsmitteln zu den Zewo-Standards und Spendenverst\u00e4rkern f\u00fcr NPOs unterst\u00fctzt die Zewo zertifizierte Organisationen zudem dabei, Vertrauen sichtbar zu machen und zu st\u00e4rken.<\/p>\n\n\n\n<p>Zum Abschluss gab <strong>Nora Wilhelm<\/strong> den Teilnehmenden Impulse zum Systemdenken mit auf den Weg. Ihr Appell: Wer Zukunft gestalten will, muss Zusammenh\u00e4nge erkennen, vertraute Denkmuster hinterfragen und bereit sein, neu zu denken. Passend zum Motto der Tagung zitierte sie: <strong>\u00abWe cannot solve our problems with the same thinking we used when we created them.\u00bb<\/strong><\/p>\n\n\n\n<p>Und weil nach der Tagung vor der Tagung ist: Wir freuen uns auf ein Wiedersehen an der n\u00e4chsten Zewo-Tagung am <strong>7. September 2027 im Casino Bern<\/strong>. Tragen Sie sich das Datum am besten schon heute ein!<\/p>\n\n\n\n<div style=\"height:30px\" aria-hidden=\"true\" class=\"wp-block-spacer\"><\/div>\n\n\n\n<p><strong>Impressionen von der Zewo-Tagung 2026<\/strong><\/p>\n\n\n\n<p>Hier sind einige Eindr\u00fccke eines Tages voller Impulse, Begegnungen und anregender Diskussionen.<\/p>\n\n\n\n<div class=\"wp-block-columns is-layout-flex wp-container-core-columns-is-layout-9d6595d7 wp-block-columns-is-layout-flex\">\n<div class=\"wp-block-column is-layout-flow wp-block-column-is-layout-flow\">\n<figure class=\"wp-block-gallery has-nested-images columns-default is-cropped wp-block-gallery-2 is-layout-flex wp-block-gallery-is-layout-flex\">\n<figure class=\"wp-block-image size-large\"><img loading=\"lazy\" decoding=\"async\" width=\"1024\" height=\"683\" data-id=\"5945979\" src=\"https:\/\/zewo.ch\/wp-content\/uploads\/2026\/09\/01-ZewoTagung_2026_Web_Referenten-1024x683.jpg\" alt=\"\" class=\"wp-image-5945979\" srcset=\"https:\/\/zewo.ch\/wp-content\/uploads\/2026\/09\/01-ZewoTagung_2026_Web_Referenten-1024x683.jpg 1024w, https:\/\/zewo.ch\/wp-content\/uploads\/2026\/09\/01-ZewoTagung_2026_Web_Referenten-300x200.jpg 300w, https:\/\/zewo.ch\/wp-content\/uploads\/2026\/09\/01-ZewoTagung_2026_Web_Referenten-768x512.jpg 768w, https:\/\/zewo.ch\/wp-content\/uploads\/2026\/09\/01-ZewoTagung_2026_Web_Referenten-1536x1024.jpg 1536w, https:\/\/zewo.ch\/wp-content\/uploads\/2026\/09\/01-ZewoTagung_2026_Web_Referenten.jpg 1800w\" sizes=\"auto, (min-width: 960px) 75vw, 100vw\" \/><figcaption class=\"wp-element-caption\">Kurt Gr\u00fcter<\/figcaption><\/figure>\n\n\n\n<figure class=\"wp-block-image size-large\"><img loading=\"lazy\" decoding=\"async\" width=\"1024\" height=\"683\" data-id=\"5945858\" src=\"https:\/\/zewo.ch\/wp-content\/uploads\/2026\/09\/05-ZewoTagung_2026_Web_Referenten-1024x683.jpg\" alt=\"\" class=\"wp-image-5945858\" srcset=\"https:\/\/zewo.ch\/wp-content\/uploads\/2026\/09\/05-ZewoTagung_2026_Web_Referenten-1024x683.jpg 1024w, https:\/\/zewo.ch\/wp-content\/uploads\/2026\/09\/05-ZewoTagung_2026_Web_Referenten-300x200.jpg 300w, https:\/\/zewo.ch\/wp-content\/uploads\/2026\/09\/05-ZewoTagung_2026_Web_Referenten-768x512.jpg 768w, https:\/\/zewo.ch\/wp-content\/uploads\/2026\/09\/05-ZewoTagung_2026_Web_Referenten-1536x1024.jpg 1536w, https:\/\/zewo.ch\/wp-content\/uploads\/2026\/09\/05-ZewoTagung_2026_Web_Referenten.jpg 1800w\" sizes=\"auto, (min-width: 960px) 75vw, 100vw\" \/><figcaption class=\"wp-element-caption\">Thomas B\u00f6sch<\/figcaption><\/figure>\n<\/figure>\n<\/div>\n<\/div>\n\n\n\n<div style=\"height:19px\" aria-hidden=\"true\" class=\"wp-block-spacer\"><\/div>\n\n\n\n<figure class=\"wp-block-gallery has-nested-images columns-default is-cropped wp-block-gallery-3 is-layout-flex wp-block-gallery-is-layout-flex\">\n<figure class=\"wp-block-image size-large\"><img loading=\"lazy\" decoding=\"async\" width=\"1024\" height=\"683\" data-id=\"5945864\" src=\"https:\/\/zewo.ch\/wp-content\/uploads\/2026\/09\/14-ZewoTagung_2026_Web_Referenten-1024x683.jpg\" alt=\"\" class=\"wp-image-5945864\" srcset=\"https:\/\/zewo.ch\/wp-content\/uploads\/2026\/09\/14-ZewoTagung_2026_Web_Referenten-1024x683.jpg 1024w, https:\/\/zewo.ch\/wp-content\/uploads\/2026\/09\/14-ZewoTagung_2026_Web_Referenten-300x200.jpg 300w, https:\/\/zewo.ch\/wp-content\/uploads\/2026\/09\/14-ZewoTagung_2026_Web_Referenten-768x512.jpg 768w, https:\/\/zewo.ch\/wp-content\/uploads\/2026\/09\/14-ZewoTagung_2026_Web_Referenten-1536x1024.jpg 1536w, https:\/\/zewo.ch\/wp-content\/uploads\/2026\/09\/14-ZewoTagung_2026_Web_Referenten.jpg 1800w\" sizes=\"auto, (min-width: 960px) 75vw, 100vw\" \/><figcaption class=\"wp-element-caption\">Esther Duflo<\/figcaption><\/figure>\n<\/figure>\n\n\n\n<div style=\"height:19px\" aria-hidden=\"true\" class=\"wp-block-spacer\"><\/div>\n\n\n\n<div class=\"wp-block-group is-nowrap is-layout-flex wp-container-core-group-is-layout-ad2f72ca wp-block-group-is-layout-flex\">\n<figure class=\"wp-block-gallery has-nested-images columns-2 is-cropped wp-block-gallery-4 is-layout-flex wp-block-gallery-is-layout-flex\">\n<figure class=\"wp-block-image size-large\"><img loading=\"lazy\" decoding=\"async\" width=\"1024\" height=\"683\" data-id=\"5946018\" src=\"https:\/\/zewo.ch\/wp-content\/uploads\/2026\/09\/09-ZewoTagung_2026_Web_Referenten-1024x683.jpg\" alt=\"\" class=\"wp-image-5946018\" style=\"aspect-ratio:4\/3\" srcset=\"https:\/\/zewo.ch\/wp-content\/uploads\/2026\/09\/09-ZewoTagung_2026_Web_Referenten-1024x683.jpg 1024w, https:\/\/zewo.ch\/wp-content\/uploads\/2026\/09\/09-ZewoTagung_2026_Web_Referenten-300x200.jpg 300w, https:\/\/zewo.ch\/wp-content\/uploads\/2026\/09\/09-ZewoTagung_2026_Web_Referenten-768x512.jpg 768w, https:\/\/zewo.ch\/wp-content\/uploads\/2026\/09\/09-ZewoTagung_2026_Web_Referenten-1536x1024.jpg 1536w, https:\/\/zewo.ch\/wp-content\/uploads\/2026\/09\/09-ZewoTagung_2026_Web_Referenten.jpg 1800w\" sizes=\"auto, (min-width: 960px) 75vw, 100vw\" \/><figcaption class=\"wp-element-caption\">Markus Gm\u00fcr<\/figcaption><\/figure>\n\n\n\n<figure class=\"wp-block-image size-large\"><img loading=\"lazy\" decoding=\"async\" width=\"1024\" height=\"683\" data-id=\"5945870\" src=\"https:\/\/zewo.ch\/wp-content\/uploads\/2026\/09\/24-ZewoTagung_2026_Web_Referenten-1024x683.jpg\" alt=\"\" class=\"wp-image-5945870\" style=\"aspect-ratio:4\/3\" srcset=\"https:\/\/zewo.ch\/wp-content\/uploads\/2026\/09\/24-ZewoTagung_2026_Web_Referenten-1024x683.jpg 1024w, https:\/\/zewo.ch\/wp-content\/uploads\/2026\/09\/24-ZewoTagung_2026_Web_Referenten-300x200.jpg 300w, https:\/\/zewo.ch\/wp-content\/uploads\/2026\/09\/24-ZewoTagung_2026_Web_Referenten-768x512.jpg 768w, https:\/\/zewo.ch\/wp-content\/uploads\/2026\/09\/24-ZewoTagung_2026_Web_Referenten-1536x1024.jpg 1536w, https:\/\/zewo.ch\/wp-content\/uploads\/2026\/09\/24-ZewoTagung_2026_Web_Referenten.jpg 1800w\" sizes=\"auto, (min-width: 960px) 75vw, 100vw\" \/><figcaption class=\"wp-element-caption\">Florian Steinbacher<\/figcaption><\/figure>\n\n\n\n<figure class=\"wp-block-image size-large\"><img loading=\"lazy\" decoding=\"async\" width=\"1024\" height=\"683\" data-id=\"5945988\" src=\"https:\/\/zewo.ch\/wp-content\/uploads\/2026\/09\/28-ZewoTagung_2026_Web_Referenten-1024x683.jpg\" alt=\"\" class=\"wp-image-5945988\" style=\"aspect-ratio:4\/3\" srcset=\"https:\/\/zewo.ch\/wp-content\/uploads\/2026\/09\/28-ZewoTagung_2026_Web_Referenten-1024x683.jpg 1024w, https:\/\/zewo.ch\/wp-content\/uploads\/2026\/09\/28-ZewoTagung_2026_Web_Referenten-300x200.jpg 300w, https:\/\/zewo.ch\/wp-content\/uploads\/2026\/09\/28-ZewoTagung_2026_Web_Referenten-768x512.jpg 768w, https:\/\/zewo.ch\/wp-content\/uploads\/2026\/09\/28-ZewoTagung_2026_Web_Referenten-1536x1024.jpg 1536w, https:\/\/zewo.ch\/wp-content\/uploads\/2026\/09\/28-ZewoTagung_2026_Web_Referenten.jpg 1800w\" sizes=\"auto, (min-width: 960px) 75vw, 100vw\" \/><figcaption class=\"wp-element-caption\">Lukas Regli<\/figcaption><\/figure>\n\n\n\n<figure class=\"wp-block-image size-large\"><img loading=\"lazy\" decoding=\"async\" width=\"1024\" height=\"683\" data-id=\"5945867\" src=\"https:\/\/zewo.ch\/wp-content\/uploads\/2026\/09\/23-ZewoTagung_2026_Web_Referenten-1024x683.jpg\" alt=\"\" class=\"wp-image-5945867\" style=\"aspect-ratio:4\/3\" srcset=\"https:\/\/zewo.ch\/wp-content\/uploads\/2026\/09\/23-ZewoTagung_2026_Web_Referenten-1024x683.jpg 1024w, https:\/\/zewo.ch\/wp-content\/uploads\/2026\/09\/23-ZewoTagung_2026_Web_Referenten-300x200.jpg 300w, https:\/\/zewo.ch\/wp-content\/uploads\/2026\/09\/23-ZewoTagung_2026_Web_Referenten-768x512.jpg 768w, https:\/\/zewo.ch\/wp-content\/uploads\/2026\/09\/23-ZewoTagung_2026_Web_Referenten-1536x1024.jpg 1536w, https:\/\/zewo.ch\/wp-content\/uploads\/2026\/09\/23-ZewoTagung_2026_Web_Referenten.jpg 1800w\" sizes=\"auto, (min-width: 960px) 75vw, 100vw\" \/><figcaption class=\"wp-element-caption\">Roger Zimmermann<\/figcaption><\/figure>\n\n\n\n<figure class=\"wp-block-image size-large\"><img loading=\"lazy\" decoding=\"async\" width=\"1024\" height=\"683\" data-id=\"5945879\" src=\"https:\/\/zewo.ch\/wp-content\/uploads\/2026\/09\/31-ZewoTagung_2026_Web_Referenten-1024x683.jpg\" alt=\"\" class=\"wp-image-5945879\" style=\"aspect-ratio:4\/3\" srcset=\"https:\/\/zewo.ch\/wp-content\/uploads\/2026\/09\/31-ZewoTagung_2026_Web_Referenten-1024x683.jpg 1024w, https:\/\/zewo.ch\/wp-content\/uploads\/2026\/09\/31-ZewoTagung_2026_Web_Referenten-300x200.jpg 300w, https:\/\/zewo.ch\/wp-content\/uploads\/2026\/09\/31-ZewoTagung_2026_Web_Referenten-768x512.jpg 768w, https:\/\/zewo.ch\/wp-content\/uploads\/2026\/09\/31-ZewoTagung_2026_Web_Referenten-1536x1024.jpg 1536w, https:\/\/zewo.ch\/wp-content\/uploads\/2026\/09\/31-ZewoTagung_2026_Web_Referenten.jpg 1800w\" sizes=\"auto, (min-width: 960px) 75vw, 100vw\" \/><figcaption class=\"wp-element-caption\">Fokusgruppe: v. l. n. r. Markus Gasser und St\u00e9phanie Aepli<\/figcaption><\/figure>\n<\/figure>\n<\/div>\n\n\n\n<div style=\"height:19px\" aria-hidden=\"true\" class=\"wp-block-spacer\"><\/div>\n\n\n\n<figure class=\"wp-block-gallery has-nested-images columns-2 is-cropped wp-block-gallery-5 is-layout-flex wp-block-gallery-is-layout-flex\">\n<figure class=\"wp-block-image size-large\"><img loading=\"lazy\" decoding=\"async\" width=\"1024\" height=\"683\" data-id=\"5945873\" src=\"https:\/\/zewo.ch\/wp-content\/uploads\/2026\/09\/27-ZewoTagung_2026_Web_Referenten-1024x683.jpg\" alt=\"\" class=\"wp-image-5945873\" style=\"aspect-ratio:4\/3\" srcset=\"https:\/\/zewo.ch\/wp-content\/uploads\/2026\/09\/27-ZewoTagung_2026_Web_Referenten-1024x683.jpg 1024w, https:\/\/zewo.ch\/wp-content\/uploads\/2026\/09\/27-ZewoTagung_2026_Web_Referenten-300x200.jpg 300w, https:\/\/zewo.ch\/wp-content\/uploads\/2026\/09\/27-ZewoTagung_2026_Web_Referenten-768x512.jpg 768w, https:\/\/zewo.ch\/wp-content\/uploads\/2026\/09\/27-ZewoTagung_2026_Web_Referenten-1536x1024.jpg 1536w, https:\/\/zewo.ch\/wp-content\/uploads\/2026\/09\/27-ZewoTagung_2026_Web_Referenten.jpg 1800w\" sizes=\"auto, (min-width: 960px) 75vw, 100vw\" \/><figcaption class=\"wp-element-caption\">Kimon Schneider<\/figcaption><\/figure>\n\n\n\n<figure class=\"wp-block-image size-large\"><img loading=\"lazy\" decoding=\"async\" width=\"1024\" height=\"683\" data-id=\"5946037\" src=\"https:\/\/zewo.ch\/wp-content\/uploads\/2026\/09\/47-ZewoTagung_2026_Web_Referenten-1024x683.jpg\" alt=\"\" class=\"wp-image-5946037\" style=\"aspect-ratio:4\/3\" srcset=\"https:\/\/zewo.ch\/wp-content\/uploads\/2026\/09\/47-ZewoTagung_2026_Web_Referenten-1024x683.jpg 1024w, https:\/\/zewo.ch\/wp-content\/uploads\/2026\/09\/47-ZewoTagung_2026_Web_Referenten-300x200.jpg 300w, https:\/\/zewo.ch\/wp-content\/uploads\/2026\/09\/47-ZewoTagung_2026_Web_Referenten-768x512.jpg 768w, https:\/\/zewo.ch\/wp-content\/uploads\/2026\/09\/47-ZewoTagung_2026_Web_Referenten-1536x1024.jpg 1536w, https:\/\/zewo.ch\/wp-content\/uploads\/2026\/09\/47-ZewoTagung_2026_Web_Referenten.jpg 1800w\" sizes=\"auto, (min-width: 960px) 75vw, 100vw\" \/><figcaption class=\"wp-element-caption\">Nora Kronig<\/figcaption><\/figure>\n\n\n\n<figure class=\"wp-block-image size-large\"><img loading=\"lazy\" decoding=\"async\" width=\"1024\" height=\"683\" data-id=\"5945985\" src=\"https:\/\/zewo.ch\/wp-content\/uploads\/2026\/09\/20-ZewoTagung_2026_Web_Referenten-1024x683.jpg\" alt=\"\" class=\"wp-image-5945985\" style=\"aspect-ratio:4\/3\" srcset=\"https:\/\/zewo.ch\/wp-content\/uploads\/2026\/09\/20-ZewoTagung_2026_Web_Referenten-1024x683.jpg 1024w, https:\/\/zewo.ch\/wp-content\/uploads\/2026\/09\/20-ZewoTagung_2026_Web_Referenten-300x200.jpg 300w, https:\/\/zewo.ch\/wp-content\/uploads\/2026\/09\/20-ZewoTagung_2026_Web_Referenten-768x512.jpg 768w, https:\/\/zewo.ch\/wp-content\/uploads\/2026\/09\/20-ZewoTagung_2026_Web_Referenten-1536x1024.jpg 1536w, https:\/\/zewo.ch\/wp-content\/uploads\/2026\/09\/20-ZewoTagung_2026_Web_Referenten.jpg 1800w\" sizes=\"auto, (min-width: 960px) 75vw, 100vw\" \/><figcaption class=\"wp-element-caption\">Adriano D\u00e4ppen<\/figcaption><\/figure>\n\n\n\n<figure class=\"wp-block-image size-large\"><img loading=\"lazy\" decoding=\"async\" width=\"1024\" height=\"683\" data-id=\"5945888\" src=\"https:\/\/zewo.ch\/wp-content\/uploads\/2026\/09\/36-ZewoTagung_2026_Web_Referenten-1024x683.jpg\" alt=\"\" class=\"wp-image-5945888\" style=\"aspect-ratio:4\/3\" srcset=\"https:\/\/zewo.ch\/wp-content\/uploads\/2026\/09\/36-ZewoTagung_2026_Web_Referenten-1024x683.jpg 1024w, https:\/\/zewo.ch\/wp-content\/uploads\/2026\/09\/36-ZewoTagung_2026_Web_Referenten-300x200.jpg 300w, https:\/\/zewo.ch\/wp-content\/uploads\/2026\/09\/36-ZewoTagung_2026_Web_Referenten-768x512.jpg 768w, https:\/\/zewo.ch\/wp-content\/uploads\/2026\/09\/36-ZewoTagung_2026_Web_Referenten-1536x1024.jpg 1536w, https:\/\/zewo.ch\/wp-content\/uploads\/2026\/09\/36-ZewoTagung_2026_Web_Referenten.jpg 1800w\" sizes=\"auto, (min-width: 960px) 75vw, 100vw\" \/><figcaption class=\"wp-element-caption\">Nora Willhelm<\/figcaption><\/figure>\n\n\n\n<figure class=\"wp-block-image size-large\"><img loading=\"lazy\" decoding=\"async\" width=\"1024\" height=\"683\" data-id=\"5946034\" src=\"https:\/\/zewo.ch\/wp-content\/uploads\/2026\/09\/45-ZewoTagung_2026_Web_Referenten-1024x683.jpg\" alt=\"\" class=\"wp-image-5946034\" style=\"aspect-ratio:4\/3\" srcset=\"https:\/\/zewo.ch\/wp-content\/uploads\/2026\/09\/45-ZewoTagung_2026_Web_Referenten-1024x683.jpg 1024w, https:\/\/zewo.ch\/wp-content\/uploads\/2026\/09\/45-ZewoTagung_2026_Web_Referenten-300x200.jpg 300w, https:\/\/zewo.ch\/wp-content\/uploads\/2026\/09\/45-ZewoTagung_2026_Web_Referenten-768x512.jpg 768w, https:\/\/zewo.ch\/wp-content\/uploads\/2026\/09\/45-ZewoTagung_2026_Web_Referenten-1536x1024.jpg 1536w, https:\/\/zewo.ch\/wp-content\/uploads\/2026\/09\/45-ZewoTagung_2026_Web_Referenten.jpg 1800w\" sizes=\"auto, (min-width: 960px) 75vw, 100vw\" \/><figcaption class=\"wp-element-caption\">Melchior Lengsfeld<\/figcaption><\/figure>\n\n\n\n<figure class=\"wp-block-image size-large\"><img loading=\"lazy\" decoding=\"async\" width=\"1024\" height=\"683\" data-id=\"5946031\" src=\"https:\/\/zewo.ch\/wp-content\/uploads\/2026\/09\/44-ZewoTagung_2026_Web_Referenten-1024x683.jpg\" alt=\"\" class=\"wp-image-5946031\" style=\"aspect-ratio:4\/3\" srcset=\"https:\/\/zewo.ch\/wp-content\/uploads\/2026\/09\/44-ZewoTagung_2026_Web_Referenten-1024x683.jpg 1024w, https:\/\/zewo.ch\/wp-content\/uploads\/2026\/09\/44-ZewoTagung_2026_Web_Referenten-300x200.jpg 300w, https:\/\/zewo.ch\/wp-content\/uploads\/2026\/09\/44-ZewoTagung_2026_Web_Referenten-768x512.jpg 768w, https:\/\/zewo.ch\/wp-content\/uploads\/2026\/09\/44-ZewoTagung_2026_Web_Referenten-1536x1024.jpg 1536w, https:\/\/zewo.ch\/wp-content\/uploads\/2026\/09\/44-ZewoTagung_2026_Web_Referenten.jpg 1800w\" sizes=\"auto, (min-width: 960px) 75vw, 100vw\" \/><figcaption class=\"wp-element-caption\">Florian Steinbacher<\/figcaption><\/figure>\n<\/figure>\n\n\n\n<div style=\"height:0px\" aria-hidden=\"true\" class=\"wp-block-spacer\"><\/div>\n\n\n\n<div style=\"height:19px\" aria-hidden=\"true\" class=\"wp-block-spacer\"><\/div>\n\n\n\n<figure class=\"wp-block-gallery has-nested-images columns-default is-cropped wp-block-gallery-6 is-layout-flex wp-block-gallery-is-layout-flex\">\n<figure class=\"wp-block-image size-large\"><img loading=\"lazy\" decoding=\"async\" width=\"1024\" height=\"683\" data-id=\"5945900\" src=\"https:\/\/zewo.ch\/wp-content\/uploads\/2026\/09\/42-ZewoTagung_2026_Web_Referenten-1024x683.jpg\" alt=\"\" class=\"wp-image-5945900\" srcset=\"https:\/\/zewo.ch\/wp-content\/uploads\/2026\/09\/42-ZewoTagung_2026_Web_Referenten-1024x683.jpg 1024w, https:\/\/zewo.ch\/wp-content\/uploads\/2026\/09\/42-ZewoTagung_2026_Web_Referenten-300x200.jpg 300w, https:\/\/zewo.ch\/wp-content\/uploads\/2026\/09\/42-ZewoTagung_2026_Web_Referenten-768x512.jpg 768w, https:\/\/zewo.ch\/wp-content\/uploads\/2026\/09\/42-ZewoTagung_2026_Web_Referenten-1536x1024.jpg 1536w, https:\/\/zewo.ch\/wp-content\/uploads\/2026\/09\/42-ZewoTagung_2026_Web_Referenten.jpg 1800w\" sizes=\"auto, (min-width: 960px) 75vw, 100vw\" \/><\/figure>\n\n\n\n<figure class=\"wp-block-image size-large\"><img loading=\"lazy\" decoding=\"async\" width=\"1024\" height=\"683\" data-id=\"5945991\" src=\"https:\/\/zewo.ch\/wp-content\/uploads\/2026\/09\/40-ZewoTagung_2026_Web_Referenten-1024x683.jpg\" alt=\"\" class=\"wp-image-5945991\" srcset=\"https:\/\/zewo.ch\/wp-content\/uploads\/2026\/09\/40-ZewoTagung_2026_Web_Referenten-1024x683.jpg 1024w, https:\/\/zewo.ch\/wp-content\/uploads\/2026\/09\/40-ZewoTagung_2026_Web_Referenten-300x200.jpg 300w, https:\/\/zewo.ch\/wp-content\/uploads\/2026\/09\/40-ZewoTagung_2026_Web_Referenten-768x512.jpg 768w, https:\/\/zewo.ch\/wp-content\/uploads\/2026\/09\/40-ZewoTagung_2026_Web_Referenten-1536x1024.jpg 1536w, https:\/\/zewo.ch\/wp-content\/uploads\/2026\/09\/40-ZewoTagung_2026_Web_Referenten.jpg 1800w\" sizes=\"auto, (min-width: 960px) 75vw, 100vw\" \/><\/figure>\n<\/figure>\n\n\n\n<div style=\"height:19px\" aria-hidden=\"true\" class=\"wp-block-spacer\"><\/div>\n\n\n\n<figure class=\"wp-block-gallery has-nested-images columns-default is-cropped wp-block-gallery-7 is-layout-flex wp-block-gallery-is-layout-flex\">\n<figure class=\"wp-block-image size-large\"><img loading=\"lazy\" decoding=\"async\" width=\"1024\" height=\"683\" data-id=\"5945885\" src=\"https:\/\/zewo.ch\/wp-content\/uploads\/2026\/09\/34-ZewoTagung_2026_Web_Referenten-1024x683.jpg\" alt=\"\" class=\"wp-image-5945885\" srcset=\"https:\/\/zewo.ch\/wp-content\/uploads\/2026\/09\/34-ZewoTagung_2026_Web_Referenten-1024x683.jpg 1024w, https:\/\/zewo.ch\/wp-content\/uploads\/2026\/09\/34-ZewoTagung_2026_Web_Referenten-300x200.jpg 300w, https:\/\/zewo.ch\/wp-content\/uploads\/2026\/09\/34-ZewoTagung_2026_Web_Referenten-768x512.jpg 768w, https:\/\/zewo.ch\/wp-content\/uploads\/2026\/09\/34-ZewoTagung_2026_Web_Referenten-1536x1024.jpg 1536w, https:\/\/zewo.ch\/wp-content\/uploads\/2026\/09\/34-ZewoTagung_2026_Web_Referenten.jpg 1800w\" sizes=\"auto, (min-width: 960px) 75vw, 100vw\" \/><figcaption class=\"wp-element-caption\">Martina Ziegerer<\/figcaption><\/figure>\n<\/figure>\n\n\n\n<div style=\"height:19px\" aria-hidden=\"true\" class=\"wp-block-spacer\"><\/div>\n\n\n\n<figure class=\"wp-block-gallery has-nested-images columns-default is-cropped wp-block-gallery-8 is-layout-flex wp-block-gallery-is-layout-flex\">\n<figure class=\"wp-block-image size-large\"><img loading=\"lazy\" decoding=\"async\" width=\"1024\" height=\"683\" data-id=\"5945891\" src=\"https:\/\/zewo.ch\/wp-content\/uploads\/2026\/09\/51-ZewoTagung_2026_Web_Referenten-1024x683.jpg\" alt=\"\" class=\"wp-image-5945891\" srcset=\"https:\/\/zewo.ch\/wp-content\/uploads\/2026\/09\/51-ZewoTagung_2026_Web_Referenten-1024x683.jpg 1024w, https:\/\/zewo.ch\/wp-content\/uploads\/2026\/09\/51-ZewoTagung_2026_Web_Referenten-300x200.jpg 300w, https:\/\/zewo.ch\/wp-content\/uploads\/2026\/09\/51-ZewoTagung_2026_Web_Referenten-768x512.jpg 768w, https:\/\/zewo.ch\/wp-content\/uploads\/2026\/09\/51-ZewoTagung_2026_Web_Referenten-1536x1024.jpg 1536w, https:\/\/zewo.ch\/wp-content\/uploads\/2026\/09\/51-ZewoTagung_2026_Web_Referenten.jpg 1800w\" sizes=\"auto, (min-width: 960px) 75vw, 100vw\" \/><figcaption class=\"wp-element-caption\">Podium v. l. n. r.: Ladina Spiess (Moderatorin), Florian Steinbacher, Nora Kronig, Melchior Lengsfeld<\/figcaption><\/figure>\n<\/figure>\n\n\n\n<div style=\"height:19px\" aria-hidden=\"true\" class=\"wp-block-spacer\"><\/div>\n\n\n\n<figure class=\"wp-block-gallery has-nested-images columns-default is-cropped wp-block-gallery-9 is-layout-flex wp-block-gallery-is-layout-flex\">\n<figure class=\"wp-block-image size-large\"><img loading=\"lazy\" decoding=\"async\" width=\"683\" height=\"1024\" data-id=\"5945994\" src=\"https:\/\/zewo.ch\/wp-content\/uploads\/2026\/09\/41-ZewoTagung_2026_Web_Referenten-683x1024.jpg\" alt=\"\" class=\"wp-image-5945994\" srcset=\"https:\/\/zewo.ch\/wp-content\/uploads\/2026\/09\/41-ZewoTagung_2026_Web_Referenten-683x1024.jpg 683w, https:\/\/zewo.ch\/wp-content\/uploads\/2026\/09\/41-ZewoTagung_2026_Web_Referenten-200x300.jpg 200w, https:\/\/zewo.ch\/wp-content\/uploads\/2026\/09\/41-ZewoTagung_2026_Web_Referenten-768x1152.jpg 768w, https:\/\/zewo.ch\/wp-content\/uploads\/2026\/09\/41-ZewoTagung_2026_Web_Referenten-1024x1536.jpg 1024w, https:\/\/zewo.ch\/wp-content\/uploads\/2026\/09\/41-ZewoTagung_2026_Web_Referenten.jpg 1200w\" sizes=\"auto, (min-width: 960px) 75vw, 100vw\" \/><\/figure>\n<\/figure>\n\n\n\n<div style=\"height:19px\" aria-hidden=\"true\" class=\"wp-block-spacer\"><\/div>\n\n\n\n<p><em>Fotos: Jairo N\u2019tango<\/em><\/p>\n\n\n\n<div style=\"height:19px\" aria-hidden=\"true\" class=\"wp-block-spacer\"><\/div>\n\n\n\n<div class=\"wp-block-cgb-block-zewo-block-button ab-block-button\"><a href=\"https:\/\/zewo.ch\/de\/zewo-tagung\/\" class=\"button primary\"><span class=\"button-arrow\"><\/span>Zewo Tagung<\/a><\/div>\n\n\n\n<div style=\"height:19px\" aria-hidden=\"true\" class=\"wp-block-spacer\"><\/div>\n\n\n\n<p><\/p>\n","protected":false},"excerpt":{"rendered":"<p>Rund 250 Fach- und F\u00fchrungspersonen aus NPOs in der ganzen Schweiz trafen sich am 1. September 2026 im Volkshaus Z\u00fcrich zur Zewo-Tagung. Im Zentrum standen der Wandel in der Arbeitswelt und die Anforderungen an das Personalwesen, evidenzbasierte Wirkung mit Nobelpreistr\u00e4gerin Esther Duflo, der Einsatz von KI und der Umgang mit KI-Agenten, die risikobasierte Pr\u00fcfung von Partnern, Beg\u00fcnstigten und Mittelfl\u00fcssen sowie Systemdenken f\u00fcr Ver\u00e4nderung und Zukunftsgestaltung.<\/p>\n","protected":false},"author":38,"featured_media":5945982,"comment_status":"closed","ping_status":"closed","sticky":false,"template":"","format":"standard","meta":{"_acf_changed":false,"footnotes":""},"categories":[1,1860],"tags":[],"class_list":["post-5945908","post","type-post","status-publish","format-standard","has-post-thumbnail","hentry","category-fundraising_de","category-news"],"acf":[],"yoast_head":"<!-- This site is optimized with the Yoast SEO Premium plugin v27.5 (Yoast SEO v27.5) - https:\/\/yoast.com\/product\/yoast-seo-premium-wordpress\/ -->\n<title>Zewo<\/title>\n<meta name=\"description\" content=\"Rund 250 NPO-Fach- und F\u00fchrungspersonen diskutierten an der Zewo-Tagung 2026 \u00fcber Wirkung, KI, F\u00fchrung und die Zukunft des gemeinn\u00fctzigen Sektors.\" \/>\n<meta name=\"robots\" content=\"index, follow, max-snippet:-1, max-image-preview:large, max-video-preview:-1\" \/>\n<link rel=\"canonical\" href=\"https:\/\/zewo.ch\/de\/news-zewo-tagung-2026-npos-neu-denken\/\" \/>\n<meta property=\"og:locale\" content=\"de_DE\" \/>\n<meta property=\"og:type\" content=\"article\" \/>\n<meta property=\"og:description\" content=\"Rund 250 NPO-Fach- und F\u00fchrungspersonen diskutierten an der Zewo-Tagung 2026 \u00fcber Wirkung, KI, F\u00fchrung und die Zukunft des gemeinn\u00fctzigen Sektors.\" \/>\n<meta property=\"og:url\" content=\"https:\/\/zewo.ch\/de\/news-zewo-tagung-2026-npos-neu-denken\/\" \/>\n<meta property=\"og:site_name\" content=\"Zewo\" \/>\n<meta property=\"article:publisher\" content=\"https:\/\/www.facebook.com\/Stiftung.ZEWO\/\" \/>\n<meta property=\"article:published_time\" content=\"2026-09-03T13:22:11+00:00\" \/>\n<meta property=\"article:modified_time\" content=\"2026-09-03T14:03:44+00:00\" \/>\n<meta property=\"og:image\" content=\"https:\/\/zewo.ch\/wp-content\/uploads\/2026\/09\/13-ZewoTagung_2026_Web_Referenten.jpg\" \/>\n\t<meta property=\"og:image:width\" content=\"1800\" \/>\n\t<meta property=\"og:image:height\" content=\"1200\" \/>\n\t<meta property=\"og:image:type\" content=\"image\/jpeg\" \/>\n<meta name=\"author\" content=\"Maja Gloor\" \/>\n<meta name=\"twitter:card\" content=\"summary_large_image\" \/>\n<meta name=\"twitter:creator\" content=\"@stiftung_zewo\" \/>\n<meta name=\"twitter:site\" content=\"@stiftung_zewo\" \/>\n<meta name=\"twitter:label1\" content=\"Verfasst von\" \/>\n\t<meta name=\"twitter:data1\" content=\"Maja Gloor\" \/>\n\t<meta name=\"twitter:label2\" content=\"Gesch\u00e4tzte Lesezeit\" \/>\n\t<meta name=\"twitter:data2\" content=\"8\u00a0Minuten\" \/>\n<script type=\"application\/ld+json\" class=\"yoast-schema-graph\">{\"@context\":\"https:\\\/\\\/schema.org\",\"@graph\":[{\"@type\":\"Article\",\"@id\":\"https:\\\/\\\/zewo.ch\\\/de\\\/news-zewo-tagung-2026-npos-neu-denken\\\/#article\",\"isPartOf\":{\"@id\":\"https:\\\/\\\/zewo.ch\\\/de\\\/news-zewo-tagung-2026-npos-neu-denken\\\/\"},\"author\":{\"name\":\"Maja Gloor\",\"@id\":\"https:\\\/\\\/zewo.ch\\\/de\\\/#\\\/schema\\\/person\\\/5cf31137a255c852ba66f794541c3f8f\"},\"headline\":\"Zewo-Tagung 2026: NPOs neu denken\",\"datePublished\":\"2026-09-03T13:22:11+00:00\",\"dateModified\":\"2026-09-03T14:03:44+00:00\",\"mainEntityOfPage\":{\"@id\":\"https:\\\/\\\/zewo.ch\\\/de\\\/news-zewo-tagung-2026-npos-neu-denken\\\/\"},\"wordCount\":592,\"publisher\":{\"@id\":\"https:\\\/\\\/zewo.ch\\\/de\\\/#organization\"},\"image\":{\"@id\":\"https:\\\/\\\/zewo.ch\\\/de\\\/news-zewo-tagung-2026-npos-neu-denken\\\/#primaryimage\"},\"thumbnailUrl\":\"https:\\\/\\\/zewo.ch\\\/wp-content\\\/uploads\\\/2026\\\/09\\\/13-ZewoTagung_2026_Web_Referenten.jpg\",\"articleSection\":[\"Fundraising\",\"News\"],\"inLanguage\":\"de\"},{\"@type\":\"WebPage\",\"@id\":\"https:\\\/\\\/zewo.ch\\\/de\\\/news-zewo-tagung-2026-npos-neu-denken\\\/#webpage\",\"url\":\"https:\\\/\\\/zewo.ch\\\/de\\\/news-zewo-tagung-2026-npos-neu-denken\\\/#webpage\",\"name\":\"\",\"isPartOf\":{\"@id\":\"https:\\\/\\\/zewo.ch\\\/de\\\/#website\"},\"primaryImageOfPage\":{\"@id\":\"https:\\\/\\\/zewo.ch\\\/de\\\/news-zewo-tagung-2026-npos-neu-denken\\\/#primaryimage\"},\"image\":{\"@id\":\"https:\\\/\\\/zewo.ch\\\/de\\\/news-zewo-tagung-2026-npos-neu-denken\\\/#primaryimage\"},\"thumbnailUrl\":\"https:\\\/\\\/zewo.ch\\\/wp-content\\\/uploads\\\/2026\\\/09\\\/13-ZewoTagung_2026_Web_Referenten.jpg\",\"datePublished\":\"2026-09-03T13:22:11+00:00\",\"dateModified\":\"2026-09-03T14:03:44+00:00\",\"description\":\"Rund 250 NPO-Fach- und F\u00fchrungspersonen diskutierten an der Zewo-Tagung 2026 \u00fcber Wirkung, KI, F\u00fchrung und die Zukunft des gemeinn\u00fctzigen Sektors.\",\"breadcrumb\":{\"@id\":\"https:\\\/\\\/zewo.ch\\\/de\\\/news-zewo-tagung-2026-npos-neu-denken\\\/#breadcrumb\"},\"inLanguage\":\"de\",\"potentialAction\":[{\"@type\":\"ReadAction\",\"target\":[\"https:\\\/\\\/zewo.ch\\\/de\\\/news-zewo-tagung-2026-npos-neu-denken\\\/\"]}]},{\"@type\":\"ImageObject\",\"inLanguage\":\"de\",\"@id\":\"https:\\\/\\\/zewo.ch\\\/de\\\/news-zewo-tagung-2026-npos-neu-denken\\\/#primaryimage\",\"url\":\"https:\\\/\\\/zewo.ch\\\/wp-content\\\/uploads\\\/2026\\\/09\\\/13-ZewoTagung_2026_Web_Referenten.jpg\",\"contentUrl\":\"https:\\\/\\\/zewo.ch\\\/wp-content\\\/uploads\\\/2026\\\/09\\\/13-ZewoTagung_2026_Web_Referenten.jpg\",\"width\":1800,\"height\":1200},{\"@type\":\"BreadcrumbList\",\"@id\":\"https:\\\/\\\/zewo.ch\\\/de\\\/news-zewo-tagung-2026-npos-neu-denken\\\/#breadcrumb\",\"itemListElement\":[{\"@type\":\"ListItem\",\"position\":1,\"name\":\"Home\",\"item\":\"https:\\\/\\\/zewo.ch\\\/de\\\/\"},{\"@type\":\"ListItem\",\"position\":2,\"name\":\"Zewo-Tagung 2026: NPOs neu denken\"}]},{\"@type\":\"WebSite\",\"@id\":\"https:\\\/\\\/zewo.ch\\\/de\\\/#website\",\"url\":\"https:\\\/\\\/zewo.ch\\\/de\\\/\",\"name\":\"Zewo\",\"description\":\"Ihre Spende in guten H\u00e4nden.\",\"publisher\":{\"@id\":\"https:\\\/\\\/zewo.ch\\\/de\\\/#organization\"},\"potentialAction\":[{\"@type\":\"SearchAction\",\"target\":{\"@type\":\"EntryPoint\",\"urlTemplate\":\"https:\\\/\\\/zewo.ch\\\/de\\\/?s={search_term_string}\"},\"query-input\":{\"@type\":\"PropertyValueSpecification\",\"valueRequired\":true,\"valueName\":\"search_term_string\"}}],\"inLanguage\":\"de\"},{\"@type\":\"Organization\",\"@id\":\"https:\\\/\\\/zewo.ch\\\/de\\\/#organization\",\"name\":\"Stiftung Zewo\",\"url\":\"https:\\\/\\\/zewo.ch\\\/de\\\/\",\"logo\":{\"@type\":\"ImageObject\",\"inLanguage\":\"de\",\"@id\":\"https:\\\/\\\/zewo.ch\\\/de\\\/#\\\/schema\\\/logo\\\/image\\\/\",\"url\":\"https:\\\/\\\/zewo.ch\\\/wp-content\\\/uploads\\\/2019\\\/08\\\/Zewo_Logo_Claim_D.svg\",\"contentUrl\":\"https:\\\/\\\/zewo.ch\\\/wp-content\\\/uploads\\\/2019\\\/08\\\/Zewo_Logo_Claim_D.svg\",\"width\":1,\"height\":1,\"caption\":\"Stiftung Zewo\"},\"image\":{\"@id\":\"https:\\\/\\\/zewo.ch\\\/de\\\/#\\\/schema\\\/logo\\\/image\\\/\"},\"sameAs\":[\"https:\\\/\\\/www.facebook.com\\\/Stiftung.ZEWO\\\/\",\"https:\\\/\\\/x.com\\\/stiftung_zewo\",\"https:\\\/\\\/www.linkedin.com\\\/company\\\/stiftung-zewo\",\"https:\\\/\\\/www.youtube.com\\\/channel\\\/UCzjsVJro12OXcvvx1LQP8tw\",\"https:\\\/\\\/de.wikipedia.org\\\/wiki\\\/Zewo\"]},{\"@type\":\"Person\",\"@id\":\"https:\\\/\\\/zewo.ch\\\/de\\\/#\\\/schema\\\/person\\\/5cf31137a255c852ba66f794541c3f8f\",\"name\":\"Maja Gloor\",\"image\":{\"@type\":\"ImageObject\",\"inLanguage\":\"de\",\"@id\":\"https:\\\/\\\/secure.gravatar.com\\\/avatar\\\/433bbbc6f9ae2f3d867b9b184d8b32145a34edb2acdc04b544aa2d6023aaa24d?s=96&d=mm&r=g\",\"url\":\"https:\\\/\\\/secure.gravatar.com\\\/avatar\\\/433bbbc6f9ae2f3d867b9b184d8b32145a34edb2acdc04b544aa2d6023aaa24d?s=96&d=mm&r=g\",\"contentUrl\":\"https:\\\/\\\/secure.gravatar.com\\\/avatar\\\/433bbbc6f9ae2f3d867b9b184d8b32145a34edb2acdc04b544aa2d6023aaa24d?s=96&d=mm&r=g\",\"caption\":\"Maja Gloor\"},\"sameAs\":[\"https:\\\/\\\/www.zewo.ch\\\/\"]}]}<\/script>\n<!-- \/ Yoast SEO Premium plugin. -->","yoast_head_json":{"title":"Zewo","description":"Rund 250 NPO-Fach- und F\u00fchrungspersonen diskutierten an der Zewo-Tagung 2026 \u00fcber Wirkung, KI, F\u00fchrung und die Zukunft des gemeinn\u00fctzigen Sektors.","robots":{"index":"index","follow":"follow","max-snippet":"max-snippet:-1","max-image-preview":"max-image-preview:large","max-video-preview":"max-video-preview:-1"},"canonical":"https:\/\/zewo.ch\/de\/news-zewo-tagung-2026-npos-neu-denken\/","og_locale":"de_DE","og_type":"article","og_description":"Rund 250 NPO-Fach- und F\u00fchrungspersonen diskutierten an der Zewo-Tagung 2026 \u00fcber Wirkung, KI, F\u00fchrung und die Zukunft des gemeinn\u00fctzigen Sektors.","og_url":"https:\/\/zewo.ch\/de\/news-zewo-tagung-2026-npos-neu-denken\/","og_site_name":"Zewo","article_publisher":"https:\/\/www.facebook.com\/Stiftung.ZEWO\/","article_published_time":"2026-09-03T13:22:11+00:00","article_modified_time":"2026-09-03T14:03:44+00:00","og_image":[{"width":1800,"height":1200,"url":"https:\/\/zewo.ch\/wp-content\/uploads\/2026\/09\/13-ZewoTagung_2026_Web_Referenten.jpg","type":"image\/jpeg"}],"author":"Maja Gloor","twitter_card":"summary_large_image","twitter_creator":"@stiftung_zewo","twitter_site":"@stiftung_zewo","twitter_misc":{"Verfasst von":"Maja Gloor","Gesch\u00e4tzte Lesezeit":"8\u00a0Minuten"},"schema":{"@context":"https:\/\/schema.org","@graph":[{"@type":"Article","@id":"https:\/\/zewo.ch\/de\/news-zewo-tagung-2026-npos-neu-denken\/#article","isPartOf":{"@id":"https:\/\/zewo.ch\/de\/news-zewo-tagung-2026-npos-neu-denken\/"},"author":{"name":"Maja Gloor","@id":"https:\/\/zewo.ch\/de\/#\/schema\/person\/5cf31137a255c852ba66f794541c3f8f"},"headline":"Zewo-Tagung 2026: NPOs neu denken","datePublished":"2026-09-03T13:22:11+00:00","dateModified":"2026-09-03T14:03:44+00:00","mainEntityOfPage":{"@id":"https:\/\/zewo.ch\/de\/news-zewo-tagung-2026-npos-neu-denken\/"},"wordCount":592,"publisher":{"@id":"https:\/\/zewo.ch\/de\/#organization"},"image":{"@id":"https:\/\/zewo.ch\/de\/news-zewo-tagung-2026-npos-neu-denken\/#primaryimage"},"thumbnailUrl":"https:\/\/zewo.ch\/wp-content\/uploads\/2026\/09\/13-ZewoTagung_2026_Web_Referenten.jpg","articleSection":["Fundraising","News"],"inLanguage":"de"},{"@type":"WebPage","@id":"https:\/\/zewo.ch\/de\/news-zewo-tagung-2026-npos-neu-denken\/#webpage","url":"https:\/\/zewo.ch\/de\/news-zewo-tagung-2026-npos-neu-denken\/#webpage","name":"","isPartOf":{"@id":"https:\/\/zewo.ch\/de\/#website"},"primaryImageOfPage":{"@id":"https:\/\/zewo.ch\/de\/news-zewo-tagung-2026-npos-neu-denken\/#primaryimage"},"image":{"@id":"https:\/\/zewo.ch\/de\/news-zewo-tagung-2026-npos-neu-denken\/#primaryimage"},"thumbnailUrl":"https:\/\/zewo.ch\/wp-content\/uploads\/2026\/09\/13-ZewoTagung_2026_Web_Referenten.jpg","datePublished":"2026-09-03T13:22:11+00:00","dateModified":"2026-09-03T14:03:44+00:00","description":"Rund 250 NPO-Fach- und F\u00fchrungspersonen diskutierten an der Zewo-Tagung 2026 \u00fcber Wirkung, KI, F\u00fchrung und die Zukunft des gemeinn\u00fctzigen Sektors.","breadcrumb":{"@id":"https:\/\/zewo.ch\/de\/news-zewo-tagung-2026-npos-neu-denken\/#breadcrumb"},"inLanguage":"de","potentialAction":[{"@type":"ReadAction","target":["https:\/\/zewo.ch\/de\/news-zewo-tagung-2026-npos-neu-denken\/"]}]},{"@type":"ImageObject","inLanguage":"de","@id":"https:\/\/zewo.ch\/de\/news-zewo-tagung-2026-npos-neu-denken\/#primaryimage","url":"https:\/\/zewo.ch\/wp-content\/uploads\/2026\/09\/13-ZewoTagung_2026_Web_Referenten.jpg","contentUrl":"https:\/\/zewo.ch\/wp-content\/uploads\/2026\/09\/13-ZewoTagung_2026_Web_Referenten.jpg","width":1800,"height":1200},{"@type":"BreadcrumbList","@id":"https:\/\/zewo.ch\/de\/news-zewo-tagung-2026-npos-neu-denken\/#breadcrumb","itemListElement":[{"@type":"ListItem","position":1,"name":"Home","item":"https:\/\/zewo.ch\/de\/"},{"@type":"ListItem","position":2,"name":"Zewo-Tagung 2026: NPOs neu denken"}]},{"@type":"WebSite","@id":"https:\/\/zewo.ch\/de\/#website","url":"https:\/\/zewo.ch\/de\/","name":"Zewo","description":"Ihre Spende in guten H\u00e4nden.","publisher":{"@id":"https:\/\/zewo.ch\/de\/#organization"},"potentialAction":[{"@type":"SearchAction","target":{"@type":"EntryPoint","urlTemplate":"https:\/\/zewo.ch\/de\/?s={search_term_string}"},"query-input":{"@type":"PropertyValueSpecification","valueRequired":true,"valueName":"search_term_string"}}],"inLanguage":"de"},{"@type":"Organization","@id":"https:\/\/zewo.ch\/de\/#organization","name":"Stiftung Zewo","url":"https:\/\/zewo.ch\/de\/","logo":{"@type":"ImageObject","inLanguage":"de","@id":"https:\/\/zewo.ch\/de\/#\/schema\/logo\/image\/","url":"https:\/\/zewo.ch\/wp-content\/uploads\/2019\/08\/Zewo_Logo_Claim_D.svg","contentUrl":"https:\/\/zewo.ch\/wp-content\/uploads\/2019\/08\/Zewo_Logo_Claim_D.svg","width":1,"height":1,"caption":"Stiftung Zewo"},"image":{"@id":"https:\/\/zewo.ch\/de\/#\/schema\/logo\/image\/"},"sameAs":["https:\/\/www.facebook.com\/Stiftung.ZEWO\/","https:\/\/x.com\/stiftung_zewo","https:\/\/www.linkedin.com\/company\/stiftung-zewo","https:\/\/www.youtube.com\/channel\/UCzjsVJro12OXcvvx1LQP8tw","https:\/\/de.wikipedia.org\/wiki\/Zewo"]},{"@type":"Person","@id":"https:\/\/zewo.ch\/de\/#\/schema\/person\/5cf31137a255c852ba66f794541c3f8f","name":"Maja Gloor","image":{"@type":"ImageObject","inLanguage":"de","@id":"https:\/\/secure.gravatar.com\/avatar\/433bbbc6f9ae2f3d867b9b184d8b32145a34edb2acdc04b544aa2d6023aaa24d?s=96&d=mm&r=g","url":"https:\/\/secure.gravatar.com\/avatar\/433bbbc6f9ae2f3d867b9b184d8b32145a34edb2acdc04b544aa2d6023aaa24d?s=96&d=mm&r=g","contentUrl":"https:\/\/secure.gravatar.com\/avatar\/433bbbc6f9ae2f3d867b9b184d8b32145a34edb2acdc04b544aa2d6023aaa24d?s=96&d=mm&r=g","caption":"Maja Gloor"},"sameAs":["https:\/\/www.zewo.ch\/"]}]}},"publishpress_future_action":{"enabled":false,"date":"2026-09-11 06:18:58","action":"change-status","newStatus":"draft","terms":[],"taxonomy":"category","extraData":[]},"publishpress_future_workflow_manual_trigger":{"enabledWorkflows":[]},"_links":{"self":[{"href":"https:\/\/zewo.ch\/de\/wp-json\/wp\/v2\/posts\/5945908","targetHints":{"allow":["GET"]}}],"collection":[{"href":"https:\/\/zewo.ch\/de\/wp-json\/wp\/v2\/posts"}],"about":[{"href":"https:\/\/zewo.ch\/de\/wp-json\/wp\/v2\/types\/post"}],"author":[{"embeddable":true,"href":"https:\/\/zewo.ch\/de\/wp-json\/wp\/v2\/users\/38"}],"replies":[{"embeddable":true,"href":"https:\/\/zewo.ch\/de\/wp-json\/wp\/v2\/comments?post=5945908"}],"version-history":[{"count":28,"href":"https:\/\/zewo.ch\/de\/wp-json\/wp\/v2\/posts\/5945908\/revisions"}],"predecessor-version":[{"id":5946064,"href":"https:\/\/zewo.ch\/de\/wp-json\/wp\/v2\/posts\/5945908\/revisions\/5946064"}],"wp:featuredmedia":[{"embeddable":true,"href":"https:\/\/zewo.ch\/de\/wp-json\/wp\/v2\/media\/5945982"}],"wp:attachment":[{"href":"https:\/\/zewo.ch\/de\/wp-json\/wp\/v2\/media?parent=5945908"}],"wp:term":[{"taxonomy":"category","embeddable":true,"href":"https:\/\/zewo.ch\/de\/wp-json\/wp\/v2\/categories?post=5945908"},{"taxonomy":"post_tag","embeddable":true,"href":"https:\/\/zewo.ch\/de\/wp-json\/wp\/v2\/tags?post=5945908"}],"curies":[{"name":"wp","href":"https:\/\/api.w.org\/{rel}","templated":true}]}}