{"id":5919593,"date":"2024-06-27T10:09:17","date_gmt":"2024-06-27T08:09:17","guid":{"rendered":"https:\/\/zewo.ch\/?p=5919593"},"modified":"2025-07-02T17:26:30","modified_gmt":"2025-07-02T15:26:30","slug":"news-zewo-tagung-17-september-2024-volkshaus-zuerich","status":"publish","type":"post","link":"https:\/\/zewo.ch\/de\/news-zewo-tagung-17-september-2024-volkshaus-zuerich\/","title":{"rendered":"Zewo-Tagung am 17. September 2024 im Volkshaus Z\u00fcrich &#8211; Jetzt anmelden!"},"content":{"rendered":"\n<p><strong>Inspiration, Innovation und Networking im Volkshaus Z\u00fcrich <\/strong><br>Tauchen Sie ein in eine Welt voller inspirierender Vortr\u00e4ge und praxisnaher Fokusgruppen, die Ihnen helfen, das volle Potenzial neuer technologischer M\u00f6glichkeiten zu entdecken und in Ihrem Bereich erfolgreich umzusetzen. Nutzen Sie diese einzigartige Gelegenheit, um sich weiterzubilden und wertvolle Kontakte zu kn\u00fcpfen. <\/p>\n\n\n\n<p><strong>Simultan\u00fcbersetzung<\/strong><br>Alle Referate im Plenum werden simultan \u00fcbersetzt auf Franz\u00f6sisch oder Deutsch. <\/p>\n\n\n\n<p><strong>Jetzt anmelden! Zewo-Tagung 2024 am 17. September im Volkshaus Z\u00fcrich. Diese Veranstaltung ist ein Muss f\u00fcr alle, die bei gemeinn\u00fctzigen NPO t\u00e4tig sind.<\/strong><\/p>\n\n\n\n<div class=\"wp-block-cgb-block-zewo-block-button ab-block-button\"><a href=\"\/de\/zewo-tagung\/\" target=\"_blank\" rel=\"noopener noreferrer\" class=\"button primary\"><span class=\"button-arrow\"><\/span>Weiter zum Programm und zur Anmeldung<\/a><\/div>\n","protected":false},"excerpt":{"rendered":"<p>Bereit, die Zukunft zu gestalten? Lassen Sie sich zu neuen Ans\u00e4tzen und innovativen Strategien inspirieren. Gemeinsam packen wir Herausforderungen der NPO-Welt von morgen an und stellen die Weichen f\u00fcr eine erfolgreiche Zukunft.<\/p>\n","protected":false},"author":40,"featured_media":5920205,"comment_status":"closed","ping_status":"closed","sticky":false,"template":"","format":"standard","meta":{"_acf_changed":false,"footnotes":""},"categories":[14399,1860],"tags":[16448,1706],"class_list":["post-5919593","post","type-post","status-publish","format-standard","has-post-thumbnail","hentry","category-kommunikation","category-news","tag-tagung","tag-zewo-npo"],"acf":[],"yoast_head":"<!-- This site is optimized with the Yoast SEO Premium plugin v27.5 (Yoast SEO v27.5) - https:\/\/yoast.com\/product\/yoast-seo-premium-wordpress\/ -->\n<title>Zewo<\/title>\n<meta name=\"description\" content=\"Bereit, die Zukunft zu gestalten? Lassen Sie sich zu neuen Ans\u00e4tzen und innovativen Strategien inspirieren. Gemeinsam packen wir Herausforderungen der NPO-Welt von morgen an und stellen die Weichen f\u00fcr eine erfolgreiche Zukunft.\" \/>\n<meta name=\"robots\" content=\"index, follow, max-snippet:-1, max-image-preview:large, max-video-preview:-1\" \/>\n<link rel=\"canonical\" href=\"https:\/\/zewo.ch\/de\/news-zewo-tagung-17-september-2024-volkshaus-zuerich\/\" \/>\n<meta property=\"og:locale\" content=\"de_DE\" \/>\n<meta property=\"og:type\" content=\"article\" \/>\n<meta property=\"og:description\" content=\"Bereit, die Zukunft zu gestalten? Lassen Sie sich zu neuen Ans\u00e4tzen und innovativen Strategien inspirieren. Gemeinsam packen wir Herausforderungen der NPO-Welt von morgen an und stellen die Weichen f\u00fcr eine erfolgreiche Zukunft.\" \/>\n<meta property=\"og:url\" content=\"https:\/\/zewo.ch\/de\/news-zewo-tagung-17-september-2024-volkshaus-zuerich\/\" \/>\n<meta property=\"og:site_name\" content=\"Zewo\" \/>\n<meta property=\"article:publisher\" content=\"https:\/\/www.facebook.com\/Stiftung.ZEWO\/\" \/>\n<meta property=\"article:published_time\" content=\"2024-06-27T08:09:17+00:00\" \/>\n<meta property=\"article:modified_time\" content=\"2025-07-02T15:26:30+00:00\" \/>\n<meta property=\"og:image\" content=\"https:\/\/zewo.ch\/wp-content\/uploads\/2024\/06\/Bild_Tagung_24_D.png?ver=1741276978\" \/>\n\t<meta property=\"og:image:width\" content=\"600\" \/>\n\t<meta property=\"og:image:height\" content=\"400\" \/>\n\t<meta property=\"og:image:type\" content=\"image\/png\" \/>\n<meta name=\"author\" content=\"Elena Nguyen\" \/>\n<meta name=\"twitter:card\" content=\"summary_large_image\" \/>\n<meta name=\"twitter:creator\" content=\"@stiftung_zewo\" \/>\n<meta name=\"twitter:site\" content=\"@stiftung_zewo\" \/>\n<meta name=\"twitter:label1\" content=\"Verfasst von\" \/>\n\t<meta name=\"twitter:data1\" content=\"Elena Nguyen\" \/>\n\t<meta name=\"twitter:label2\" content=\"Gesch\u00e4tzte Lesezeit\" \/>\n\t<meta name=\"twitter:data2\" content=\"1\u00a0Minute\" \/>\n<script type=\"application\/ld+json\" class=\"yoast-schema-graph\">{\"@context\":\"https:\\\/\\\/schema.org\",\"@graph\":[{\"@type\":\"Article\",\"@id\":\"https:\\\/\\\/zewo.ch\\\/de\\\/news-zewo-tagung-17-september-2024-volkshaus-zuerich\\\/#article\",\"isPartOf\":{\"@id\":\"https:\\\/\\\/zewo.ch\\\/de\\\/news-zewo-tagung-17-september-2024-volkshaus-zuerich\\\/\"},\"author\":{\"name\":\"Elena Nguyen\",\"@id\":\"https:\\\/\\\/zewo.ch\\\/de\\\/#\\\/schema\\\/person\\\/2085644a18fec41e4bf4a9ca7b98436d\"},\"headline\":\"Zewo-Tagung am 17. September 2024 im Volkshaus Z\u00fcrich &#8211; Jetzt anmelden!\",\"datePublished\":\"2024-06-27T08:09:17+00:00\",\"dateModified\":\"2025-07-02T15:26:30+00:00\",\"mainEntityOfPage\":{\"@id\":\"https:\\\/\\\/zewo.ch\\\/de\\\/news-zewo-tagung-17-september-2024-volkshaus-zuerich\\\/\"},\"wordCount\":108,\"publisher\":{\"@id\":\"https:\\\/\\\/zewo.ch\\\/de\\\/#organization\"},\"image\":{\"@id\":\"https:\\\/\\\/zewo.ch\\\/de\\\/news-zewo-tagung-17-september-2024-volkshaus-zuerich\\\/#primaryimage\"},\"thumbnailUrl\":\"https:\\\/\\\/zewo.ch\\\/wp-content\\\/uploads\\\/2024\\\/06\\\/Bild_Tagung_24_D.png?ver=1741276978\",\"keywords\":[\"Tagung\",\"Zewo-NPO\"],\"articleSection\":[\"Kommunikation\",\"News\"],\"inLanguage\":\"de\"},{\"@type\":\"WebPage\",\"@id\":\"https:\\\/\\\/zewo.ch\\\/de\\\/news-zewo-tagung-17-september-2024-volkshaus-zuerich\\\/#webpage\",\"url\":\"https:\\\/\\\/zewo.ch\\\/de\\\/news-zewo-tagung-17-september-2024-volkshaus-zuerich\\\/#webpage\",\"name\":\"\",\"isPartOf\":{\"@id\":\"https:\\\/\\\/zewo.ch\\\/de\\\/#website\"},\"primaryImageOfPage\":{\"@id\":\"https:\\\/\\\/zewo.ch\\\/de\\\/news-zewo-tagung-17-september-2024-volkshaus-zuerich\\\/#primaryimage\"},\"image\":{\"@id\":\"https:\\\/\\\/zewo.ch\\\/de\\\/news-zewo-tagung-17-september-2024-volkshaus-zuerich\\\/#primaryimage\"},\"thumbnailUrl\":\"https:\\\/\\\/zewo.ch\\\/wp-content\\\/uploads\\\/2024\\\/06\\\/Bild_Tagung_24_D.png?ver=1741276978\",\"datePublished\":\"2024-06-27T08:09:17+00:00\",\"dateModified\":\"2025-07-02T15:26:30+00:00\",\"description\":\"Bereit, die Zukunft zu gestalten? Lassen Sie sich zu neuen Ans\u00e4tzen und innovativen Strategien inspirieren. Gemeinsam packen wir Herausforderungen der NPO-Welt von morgen an und stellen die Weichen f\u00fcr eine erfolgreiche Zukunft.\",\"breadcrumb\":{\"@id\":\"https:\\\/\\\/zewo.ch\\\/de\\\/news-zewo-tagung-17-september-2024-volkshaus-zuerich\\\/#breadcrumb\"},\"inLanguage\":\"de\",\"potentialAction\":[{\"@type\":\"ReadAction\",\"target\":[\"https:\\\/\\\/zewo.ch\\\/de\\\/news-zewo-tagung-17-september-2024-volkshaus-zuerich\\\/\"]}]},{\"@type\":\"ImageObject\",\"inLanguage\":\"de\",\"@id\":\"https:\\\/\\\/zewo.ch\\\/de\\\/news-zewo-tagung-17-september-2024-volkshaus-zuerich\\\/#primaryimage\",\"url\":\"https:\\\/\\\/zewo.ch\\\/wp-content\\\/uploads\\\/2024\\\/06\\\/Bild_Tagung_24_D.png?ver=1741276978\",\"contentUrl\":\"https:\\\/\\\/zewo.ch\\\/wp-content\\\/uploads\\\/2024\\\/06\\\/Bild_Tagung_24_D.png?ver=1741276978\",\"width\":600,\"height\":400,\"caption\":\"Bild Zewo Tagung 2024\"},{\"@type\":\"BreadcrumbList\",\"@id\":\"https:\\\/\\\/zewo.ch\\\/de\\\/news-zewo-tagung-17-september-2024-volkshaus-zuerich\\\/#breadcrumb\",\"itemListElement\":[{\"@type\":\"ListItem\",\"position\":1,\"name\":\"Home\",\"item\":\"https:\\\/\\\/zewo.ch\\\/de\\\/\"},{\"@type\":\"ListItem\",\"position\":2,\"name\":\"Zewo-Tagung am 17. September 2024 im Volkshaus Z\u00fcrich &#8211; Jetzt anmelden!\"}]},{\"@type\":\"WebSite\",\"@id\":\"https:\\\/\\\/zewo.ch\\\/de\\\/#website\",\"url\":\"https:\\\/\\\/zewo.ch\\\/de\\\/\",\"name\":\"Zewo\",\"description\":\"Ihre Spende in guten H\u00e4nden.\",\"publisher\":{\"@id\":\"https:\\\/\\\/zewo.ch\\\/de\\\/#organization\"},\"potentialAction\":[{\"@type\":\"SearchAction\",\"target\":{\"@type\":\"EntryPoint\",\"urlTemplate\":\"https:\\\/\\\/zewo.ch\\\/de\\\/?s={search_term_string}\"},\"query-input\":{\"@type\":\"PropertyValueSpecification\",\"valueRequired\":true,\"valueName\":\"search_term_string\"}}],\"inLanguage\":\"de\"},{\"@type\":\"Organization\",\"@id\":\"https:\\\/\\\/zewo.ch\\\/de\\\/#organization\",\"name\":\"Stiftung Zewo\",\"url\":\"https:\\\/\\\/zewo.ch\\\/de\\\/\",\"logo\":{\"@type\":\"ImageObject\",\"inLanguage\":\"de\",\"@id\":\"https:\\\/\\\/zewo.ch\\\/de\\\/#\\\/schema\\\/logo\\\/image\\\/\",\"url\":\"https:\\\/\\\/zewo.ch\\\/wp-content\\\/uploads\\\/2019\\\/08\\\/Zewo_Logo_Claim_D.svg\",\"contentUrl\":\"https:\\\/\\\/zewo.ch\\\/wp-content\\\/uploads\\\/2019\\\/08\\\/Zewo_Logo_Claim_D.svg\",\"width\":1,\"height\":1,\"caption\":\"Stiftung Zewo\"},\"image\":{\"@id\":\"https:\\\/\\\/zewo.ch\\\/de\\\/#\\\/schema\\\/logo\\\/image\\\/\"},\"sameAs\":[\"https:\\\/\\\/www.facebook.com\\\/Stiftung.ZEWO\\\/\",\"https:\\\/\\\/x.com\\\/stiftung_zewo\",\"https:\\\/\\\/www.linkedin.com\\\/company\\\/stiftung-zewo\",\"https:\\\/\\\/www.youtube.com\\\/channel\\\/UCzjsVJro12OXcvvx1LQP8tw\",\"https:\\\/\\\/de.wikipedia.org\\\/wiki\\\/Zewo\"]},{\"@type\":\"Person\",\"@id\":\"https:\\\/\\\/zewo.ch\\\/de\\\/#\\\/schema\\\/person\\\/2085644a18fec41e4bf4a9ca7b98436d\",\"name\":\"Elena Nguyen\",\"image\":{\"@type\":\"ImageObject\",\"inLanguage\":\"de\",\"@id\":\"https:\\\/\\\/secure.gravatar.com\\\/avatar\\\/760babcd5d5ebbcb115aea99579fe44a83f4ca654fd613595f197cdd58f11fd6?s=96&d=mm&r=g\",\"url\":\"https:\\\/\\\/secure.gravatar.com\\\/avatar\\\/760babcd5d5ebbcb115aea99579fe44a83f4ca654fd613595f197cdd58f11fd6?s=96&d=mm&r=g\",\"contentUrl\":\"https:\\\/\\\/secure.gravatar.com\\\/avatar\\\/760babcd5d5ebbcb115aea99579fe44a83f4ca654fd613595f197cdd58f11fd6?s=96&d=mm&r=g\",\"caption\":\"Elena Nguyen\"},\"sameAs\":[\"http:\\\/\\\/zewo.ch\"]}]}<\/script>\n<!-- \/ Yoast SEO Premium plugin. -->","yoast_head_json":{"title":"Zewo","description":"Bereit, die Zukunft zu gestalten? Lassen Sie sich zu neuen Ans\u00e4tzen und innovativen Strategien inspirieren. Gemeinsam packen wir Herausforderungen der NPO-Welt von morgen an und stellen die Weichen f\u00fcr eine erfolgreiche Zukunft.","robots":{"index":"index","follow":"follow","max-snippet":"max-snippet:-1","max-image-preview":"max-image-preview:large","max-video-preview":"max-video-preview:-1"},"canonical":"https:\/\/zewo.ch\/de\/news-zewo-tagung-17-september-2024-volkshaus-zuerich\/","og_locale":"de_DE","og_type":"article","og_description":"Bereit, die Zukunft zu gestalten? Lassen Sie sich zu neuen Ans\u00e4tzen und innovativen Strategien inspirieren. Gemeinsam packen wir Herausforderungen der NPO-Welt von morgen an und stellen die Weichen f\u00fcr eine erfolgreiche Zukunft.","og_url":"https:\/\/zewo.ch\/de\/news-zewo-tagung-17-september-2024-volkshaus-zuerich\/","og_site_name":"Zewo","article_publisher":"https:\/\/www.facebook.com\/Stiftung.ZEWO\/","article_published_time":"2024-06-27T08:09:17+00:00","article_modified_time":"2025-07-02T15:26:30+00:00","og_image":[{"width":600,"height":400,"url":"https:\/\/zewo.ch\/wp-content\/uploads\/2024\/06\/Bild_Tagung_24_D.png?ver=1741276978","type":"image\/png"}],"author":"Elena Nguyen","twitter_card":"summary_large_image","twitter_creator":"@stiftung_zewo","twitter_site":"@stiftung_zewo","twitter_misc":{"Verfasst von":"Elena Nguyen","Gesch\u00e4tzte Lesezeit":"1\u00a0Minute"},"schema":{"@context":"https:\/\/schema.org","@graph":[{"@type":"Article","@id":"https:\/\/zewo.ch\/de\/news-zewo-tagung-17-september-2024-volkshaus-zuerich\/#article","isPartOf":{"@id":"https:\/\/zewo.ch\/de\/news-zewo-tagung-17-september-2024-volkshaus-zuerich\/"},"author":{"name":"Elena Nguyen","@id":"https:\/\/zewo.ch\/de\/#\/schema\/person\/2085644a18fec41e4bf4a9ca7b98436d"},"headline":"Zewo-Tagung am 17. September 2024 im Volkshaus Z\u00fcrich &#8211; Jetzt anmelden!","datePublished":"2024-06-27T08:09:17+00:00","dateModified":"2025-07-02T15:26:30+00:00","mainEntityOfPage":{"@id":"https:\/\/zewo.ch\/de\/news-zewo-tagung-17-september-2024-volkshaus-zuerich\/"},"wordCount":108,"publisher":{"@id":"https:\/\/zewo.ch\/de\/#organization"},"image":{"@id":"https:\/\/zewo.ch\/de\/news-zewo-tagung-17-september-2024-volkshaus-zuerich\/#primaryimage"},"thumbnailUrl":"https:\/\/zewo.ch\/wp-content\/uploads\/2024\/06\/Bild_Tagung_24_D.png?ver=1741276978","keywords":["Tagung","Zewo-NPO"],"articleSection":["Kommunikation","News"],"inLanguage":"de"},{"@type":"WebPage","@id":"https:\/\/zewo.ch\/de\/news-zewo-tagung-17-september-2024-volkshaus-zuerich\/#webpage","url":"https:\/\/zewo.ch\/de\/news-zewo-tagung-17-september-2024-volkshaus-zuerich\/#webpage","name":"","isPartOf":{"@id":"https:\/\/zewo.ch\/de\/#website"},"primaryImageOfPage":{"@id":"https:\/\/zewo.ch\/de\/news-zewo-tagung-17-september-2024-volkshaus-zuerich\/#primaryimage"},"image":{"@id":"https:\/\/zewo.ch\/de\/news-zewo-tagung-17-september-2024-volkshaus-zuerich\/#primaryimage"},"thumbnailUrl":"https:\/\/zewo.ch\/wp-content\/uploads\/2024\/06\/Bild_Tagung_24_D.png?ver=1741276978","datePublished":"2024-06-27T08:09:17+00:00","dateModified":"2025-07-02T15:26:30+00:00","description":"Bereit, die Zukunft zu gestalten? Lassen Sie sich zu neuen Ans\u00e4tzen und innovativen Strategien inspirieren. Gemeinsam packen wir Herausforderungen der NPO-Welt von morgen an und stellen die Weichen f\u00fcr eine erfolgreiche Zukunft.","breadcrumb":{"@id":"https:\/\/zewo.ch\/de\/news-zewo-tagung-17-september-2024-volkshaus-zuerich\/#breadcrumb"},"inLanguage":"de","potentialAction":[{"@type":"ReadAction","target":["https:\/\/zewo.ch\/de\/news-zewo-tagung-17-september-2024-volkshaus-zuerich\/"]}]},{"@type":"ImageObject","inLanguage":"de","@id":"https:\/\/zewo.ch\/de\/news-zewo-tagung-17-september-2024-volkshaus-zuerich\/#primaryimage","url":"https:\/\/zewo.ch\/wp-content\/uploads\/2024\/06\/Bild_Tagung_24_D.png?ver=1741276978","contentUrl":"https:\/\/zewo.ch\/wp-content\/uploads\/2024\/06\/Bild_Tagung_24_D.png?ver=1741276978","width":600,"height":400,"caption":"Bild Zewo Tagung 2024"},{"@type":"BreadcrumbList","@id":"https:\/\/zewo.ch\/de\/news-zewo-tagung-17-september-2024-volkshaus-zuerich\/#breadcrumb","itemListElement":[{"@type":"ListItem","position":1,"name":"Home","item":"https:\/\/zewo.ch\/de\/"},{"@type":"ListItem","position":2,"name":"Zewo-Tagung am 17. September 2024 im Volkshaus Z\u00fcrich &#8211; Jetzt anmelden!"}]},{"@type":"WebSite","@id":"https:\/\/zewo.ch\/de\/#website","url":"https:\/\/zewo.ch\/de\/","name":"Zewo","description":"Ihre Spende in guten H\u00e4nden.","publisher":{"@id":"https:\/\/zewo.ch\/de\/#organization"},"potentialAction":[{"@type":"SearchAction","target":{"@type":"EntryPoint","urlTemplate":"https:\/\/zewo.ch\/de\/?s={search_term_string}"},"query-input":{"@type":"PropertyValueSpecification","valueRequired":true,"valueName":"search_term_string"}}],"inLanguage":"de"},{"@type":"Organization","@id":"https:\/\/zewo.ch\/de\/#organization","name":"Stiftung Zewo","url":"https:\/\/zewo.ch\/de\/","logo":{"@type":"ImageObject","inLanguage":"de","@id":"https:\/\/zewo.ch\/de\/#\/schema\/logo\/image\/","url":"https:\/\/zewo.ch\/wp-content\/uploads\/2019\/08\/Zewo_Logo_Claim_D.svg","contentUrl":"https:\/\/zewo.ch\/wp-content\/uploads\/2019\/08\/Zewo_Logo_Claim_D.svg","width":1,"height":1,"caption":"Stiftung Zewo"},"image":{"@id":"https:\/\/zewo.ch\/de\/#\/schema\/logo\/image\/"},"sameAs":["https:\/\/www.facebook.com\/Stiftung.ZEWO\/","https:\/\/x.com\/stiftung_zewo","https:\/\/www.linkedin.com\/company\/stiftung-zewo","https:\/\/www.youtube.com\/channel\/UCzjsVJro12OXcvvx1LQP8tw","https:\/\/de.wikipedia.org\/wiki\/Zewo"]},{"@type":"Person","@id":"https:\/\/zewo.ch\/de\/#\/schema\/person\/2085644a18fec41e4bf4a9ca7b98436d","name":"Elena Nguyen","image":{"@type":"ImageObject","inLanguage":"de","@id":"https:\/\/secure.gravatar.com\/avatar\/760babcd5d5ebbcb115aea99579fe44a83f4ca654fd613595f197cdd58f11fd6?s=96&d=mm&r=g","url":"https:\/\/secure.gravatar.com\/avatar\/760babcd5d5ebbcb115aea99579fe44a83f4ca654fd613595f197cdd58f11fd6?s=96&d=mm&r=g","contentUrl":"https:\/\/secure.gravatar.com\/avatar\/760babcd5d5ebbcb115aea99579fe44a83f4ca654fd613595f197cdd58f11fd6?s=96&d=mm&r=g","caption":"Elena Nguyen"},"sameAs":["http:\/\/zewo.ch"]}]}},"publishpress_future_action":{"enabled":false,"date":"2026-05-08 05:24:11","action":"change-status","newStatus":"draft","terms":[],"taxonomy":"category","extraData":[]},"publishpress_future_workflow_manual_trigger":{"enabledWorkflows":[]},"_links":{"self":[{"href":"https:\/\/zewo.ch\/de\/wp-json\/wp\/v2\/posts\/5919593","targetHints":{"allow":["GET"]}}],"collection":[{"href":"https:\/\/zewo.ch\/de\/wp-json\/wp\/v2\/posts"}],"about":[{"href":"https:\/\/zewo.ch\/de\/wp-json\/wp\/v2\/types\/post"}],"author":[{"embeddable":true,"href":"https:\/\/zewo.ch\/de\/wp-json\/wp\/v2\/users\/40"}],"replies":[{"embeddable":true,"href":"https:\/\/zewo.ch\/de\/wp-json\/wp\/v2\/comments?post=5919593"}],"version-history":[{"count":27,"href":"https:\/\/zewo.ch\/de\/wp-json\/wp\/v2\/posts\/5919593\/revisions"}],"predecessor-version":[{"id":5920240,"href":"https:\/\/zewo.ch\/de\/wp-json\/wp\/v2\/posts\/5919593\/revisions\/5920240"}],"wp:featuredmedia":[{"embeddable":true,"href":"https:\/\/zewo.ch\/de\/wp-json\/wp\/v2\/media\/5920205"}],"wp:attachment":[{"href":"https:\/\/zewo.ch\/de\/wp-json\/wp\/v2\/media?parent=5919593"}],"wp:term":[{"taxonomy":"category","embeddable":true,"href":"https:\/\/zewo.ch\/de\/wp-json\/wp\/v2\/categories?post=5919593"},{"taxonomy":"post_tag","embeddable":true,"href":"https:\/\/zewo.ch\/de\/wp-json\/wp\/v2\/tags?post=5919593"}],"curies":[{"name":"wp","href":"https:\/\/api.w.org\/{rel}","templated":true}]}}