{"id":5802281,"date":"2024-01-11T15:12:42","date_gmt":"2024-01-11T14:12:42","guid":{"rendered":"https:\/\/zewo.ch\/?p=5802281"},"modified":"2024-04-23T14:19:54","modified_gmt":"2024-04-23T12:19:54","slug":"news-anderungen-zewo-standards-per-1-januar-2024","status":"publish","type":"post","link":"https:\/\/zewo.ch\/de\/news-anderungen-zewo-standards-per-1-januar-2024\/","title":{"rendered":"\u00c4nderungen Zewo-Standards per 1. Januar 2024"},"content":{"rendered":"\n<p>Der Zewo-Stiftungsrat hat die \u00fcberarbeiteten Standards ab dem Gesch\u00e4ftsjahr 2024 in Kraft gesetzt. Zuvor erfolgte eine breit angelegte Vernehmlassung bei wichtigen Anspruchsgruppen. Insgesamt wurden \u00fcber 200 R\u00fcckmeldungen ausgewertet und, wo es m\u00f6glich war, ber\u00fccksichtigt. Nachfolgend erfahren Sie, was sich ab 2024 f\u00fcr zertifizierte Organisationen \u2013 und solche, die es werden wollen &#8211; \u00e4ndert.<\/p>\n\n\n\n<h3 class=\"wp-block-heading\" id=\"h-sammlungskalender-freie-terminwahl\"><strong>Sammlungskalender: Freie Terminwahl<\/strong><\/h3>\n\n\n<div class=\"wp-block-image\">\n<figure class=\"alignleft size-full is-resized\"><img loading=\"lazy\" decoding=\"async\" width=\"117\" height=\"117\" src=\"https:\/\/zewo.ch\/wp-content\/uploads\/2023\/12\/image-2.png\" alt=\"\" class=\"wp-image-5802300\" style=\"width:76px;height:auto\"\/><\/figure>\n<\/div>\n\n\n<p>Eine im Vorfeld der Revision durchgef\u00fchrte Spenderbefragung und die Diskussion mit Fundraisingverantwortlichen, die ihre Sammlungen im Kalender der Zewo koordinieren, ergab ein klares Bild: Die allgemeine Spendenwerbung von Hilfswerken, st\u00f6rt die Bev\u00f6lkerung wenig, weder am Fernsehen noch auf Plakaten, in Zeitschriften und Zeitungen oder im Internet. Einschr\u00e4nkende Regeln sind deshalb nicht mehr n\u00f6tig. Sensibel sind weiterhin Spendenwerbung mit direktem Kontakt zu Spenderinnen und Spender, zum Beispiel am Telefon, an der Haust\u00fcre oder auf der Strasse. Hilfswerke setzen diese Instrumente bereits heute mit der n\u00f6tigen Zur\u00fcckhaltung ein. So dass die Anzahl der Sammlungen f\u00fcr diese Art der Spendensammlungen nicht st\u00e4rker reguliert werden muss.<\/p>\n\n\n\n<h4 class=\"wp-block-heading\" id=\"h-koordination-und-planung-von-direct-marketing-massnahmen\"><strong>Koordination und Planung von Direct-Marketing Massnahmen<\/strong><\/h4>\n\n\n\n<p>Es bleibt also noch der Versand von adressierten Spendenbriefen und unadressierten Streuw\u00fcrfen. Diese Art des Spendensammelns ist am weitesten verbreitet. Gleichzeitig st\u00f6rt es Spenderinnen und Spender, wenn sie zu viele Sammlungsaufrufe in ihrem Briefkasten haben. Eine Koordination der Termine macht deshalb weiterhin Sinn. Anders als bei Emails, k\u00f6nnen sich die Empf\u00e4nger von Briefen nicht mit einem Klick vor zu viel Post sch\u00fctzen.<\/p>\n\n\n\n<h4 class=\"wp-block-heading\" id=\"h-keine-stammplatze-mehr-und-keine-limitierung\"><strong>Keine Stammpl\u00e4tze mehr und keine Limitierung<\/strong><\/h4>\n\n\n\n<p>Grosse Hilfswerke m\u00fcssen weiterhin ihre Direct Mailings mit mehr als 150&#8217;000 Fremdadressen sowie unadressierte Streuw\u00fcrfe an mehr als 250&#8217;000 Haushalte eintragen. Neu kann aber jede Organisation das Datum, die Dauer und die Anzahl der Sammlungen frei w\u00e4hlen. Es gibt keine Stammpl\u00e4tze und keine Begrenzung der Anzahl Sammlungen mehr. F\u00fcr zertifizierte Organisationen, die insgesamt mehr als 5 Millionen Franken Spenden einnehmen, bleibt einzig die Pflicht bestehen, diese Sammlungen einzutragen und sich an die eingetragenen Termine zu halten. Damit wird der Kalender von einem Instrument der Regulierung zu einem Instrument der Planung von Direct Marketing Massnahmen.<\/p>\n\n\n\n<h4 class=\"wp-block-heading\" id=\"h-neuer-planungsprozess\"><strong>Neuer Planungsprozess<\/strong><\/h4>\n\n\n\n<p>Die Zewo moderiert diesen Planungsprozess und gew\u00e4hrleistet die Transparenz, welche die Hilfswerke zum Planen und Abstimmen ihrer Aktivit\u00e4ten ben\u00f6tigen. Die betroffenen Hilfswerke erhalten eine Aufforderung sich innerhalb einer bestimmten Frist im Kalender einzutragen. Danach haben sie nochmals die M\u00f6glichkeit, ihre Termine innerhalb einer gewissen Frist zu verschieben. Anschliessend ist der  Kalender definitiv und verpflichtend. Die Zewo wird anhand der im Kalender eingetragenen Sammlungen weiterhin die Bewilligungen bei den zust\u00e4ndigen kantonalen Beh\u00f6rden einholen und diese \u00fcber die Sammlungen informieren. Sie tut dies auch f\u00fcr die bewilligungspflichtigen Strassen- und  Haust\u00fcrsammlungen, welche dazu ebenfalls in den Kalender eingetragen werden m\u00fcssen.<\/p>\n\n\n\n<h4 class=\"wp-block-heading\" id=\"h-aus-4-wird-1\"><strong>Aus 4 wird 1<\/strong><\/h4>\n\n\n\n<p>Der Sammlungskalender wird einfacher und \u00fcbersichtlicher dargestellt. Statt drei thematisch gegliederte Kalender und einen Zusatzkalender gibt es neu nur noch einen Kalender. Erstmals wird der Kalender im Jahr 2024 f\u00fcr das Jahr 2025 nach dem neuen System erstellt.<\/p>\n\n\n\n<h3 class=\"wp-block-heading\" id=\"h-spendenwerbung-tiefe-transaktionsgebuhren-sind-im-interesse-aller\"><strong>Spendenwerbung<\/strong>: <strong>Tiefe Transaktionsgeb\u00fchren sind im Interesse aller<\/strong><\/h3>\n\n\n<div class=\"wp-block-image\">\n<figure class=\"alignleft size-full is-resized\"><img loading=\"lazy\" decoding=\"async\" width=\"115\" height=\"115\" src=\"https:\/\/zewo.ch\/wp-content\/uploads\/2023\/12\/image-3.png\" alt=\"\" class=\"wp-image-5802303\" style=\"width:76px\"\/><\/figure>\n<\/div>\n\n\n<p>Geb\u00fchren, die anfallen, um eine Spende an das Hilfswerk zu \u00fcberweisen, k\u00f6nnen insbesondere bei digitalen Zahlungsmitteln ins Gewicht fallen. Nicht nur die H\u00f6he der Geb\u00fchren steht in der Kritik. Auch deren prozentuale Abh\u00e4ngigkeit vom Spendenbetrag ist ein Problem. Dazu kommt die mangelnde Transparenz gegen\u00fcber Spenderinnen und Spendern. Sie erkennen bei der Wahl des Zahlungsmittels oft nicht, wie hoch die Geb\u00fchren sind, die es verursacht.<\/p>\n\n\n\n<p>Eine Mehrheit der Hilfswerke, die an der Vernehmlassung teilgenommen haben, sprach sich daf\u00fcr aus, die Geb\u00fchren transparent zu machen und prozentuale Geb\u00fchren mit einem Kostendeckel zu limitieren. Es gab aber auch nachvollziehbare Bedenken zu diesem Vorschlag. Vor allem die Durchsetzung im Markt, die Komplexit\u00e4t der Geb\u00fchren und der damit verbundene Aufwand, diese transparent zu machen erwiesen sich als Stolpersteine. Angesichts der Tatsache, dass bei einem Spendenvolumen von 2,5 Milliarden Franken 1 % mehr oder weniger Transaktionsgeb\u00fchren 25 Millionen Franken entspricht, bleibt das Thema weiterhin relevant. Die Zewo hat sich deshalb f\u00fcr eine vereinfachte Variante entschieden, die den Hilfswerken bei der Umsetzung einen gewissen Spielraum l\u00e4sst:<\/p>\n\n\n\n<p><em>Hilfswerke, die zum \u00dcbermitteln einer Einzelspende, mehrere Zahlungsmittel anbieten, informieren in geeigneter Form, welches Zahlungsmittel die geringsten \u00dcberweisungs- und Verarbeitungskosten verursacht und verzichten nach M\u00f6glichkeit darauf, Zahlungsmittel einzusetzen, bei denen prozentuale Transaktionsgeb\u00fchren anfallen, die gemessen am tats\u00e4chlichen Aufwand unverh\u00e4ltnism\u00e4ssig hoch sind.<\/em><\/p>\n\n\n\n<p>So k\u00f6nnen sich Spenderinnen und Spender bei zertifizierten Hilfswerken informieren, welches Zahlungsmittel die geringsten Geb\u00fchren verursacht. Gleichzeitig haben die Hilfswerke den n\u00f6tigen Spielraum, um der Transparenzregel nachzukommen. Sie k\u00f6nnen mehr oder weniger prominent auf das kosteng\u00fcnstigste Zahlungsmittel hinweisen oder f\u00fcr alle Zahlungsmittel die effektiven Geb\u00fchren offenlegen.<\/p>\n\n\n\n<h4 class=\"wp-block-heading\" id=\"h-good-practice-fur-direktkontakte-und-geschenkbeilagen\"><strong>Good Practice f\u00fcr Direktkontakte und Geschenkbeilagen<\/strong><\/h4>\n\n\n\n<p>Spendensammeln mit direktem Kontakt zu Spenderinnen und Spendern erfordert besondere Sorgfalt. Aus diesem Grund hebt der Standard 18 die qualitativen Aspekte mit einer entsprechenden Erg\u00e4nzung hervor:<\/p>\n\n\n\n<p><em>Spenden sammelnde Organisationen sind sich bewusst, dass Spendensammlungen mit Direktkontakt, z.B. am Telefon, per SMS, an der Haust\u00fcre und auf der Strasse, besonders sensitiveSammlungsinstrumente sind. Sie w\u00e4hlen deshalb ihre Partnerfirmen sowie Mitarbeitenden besonders sorgf\u00e4ltig aus, schulen sie umfassend und achten bei Direktkontakten im Fundraising auf ethische Grunds\u00e4tze, wie beispielsweise Ehrlichkeit, Respekt und Integrit\u00e4t<\/em>.<\/p>\n\n\n\n<p>\u00dcber kleine Geschenke, die einem Spendenaufruf beiliegen, gibt es unterschiedliche Ansichten. Ein Teil der Hilfswerke verzichtet darauf, weil sich ihre Spenderinnen und Spender daran st\u00f6ren, es sich f\u00fcr sie nicht rechnet oder weil sie nicht dahinterstehen k\u00f6nnen. Andere setzen bewusst auf kleine Geschenke, weil sich ihre Spenderinnen und Spender dar\u00fcber freuen und mehr spenden. Standard 18 nimmt das kontroverse Thema neu wie folgt auf:<\/p>\n\n\n\n<p><em>Setzen Organisationen kleine Geschenkbeilagen zum Spendensammeln ein, so achten sie auf deren \u00f6kologische sowie soziale Nachhaltigkeit und analysieren periodisch den Effekt. W\u00fcnschen bestehende Spenderinnen und Spender keine Geschenkbeilagen, verzichtet die Organisation bei diesen Personen auf den Einsatz.<\/em><\/p>\n\n\n\n<h4 class=\"wp-block-heading\" id=\"h-freie-und-zweckgebundene-spenden-klar-und-eindeutig-unterscheiden\"><strong>Freie und zweckgebundene Spenden klar und eindeutig unterscheiden<\/strong><\/h4>\n\n\n\n<p>Die Art, wie ein Hilfswerk um Spenden bittet, bestimmt, ob es die Spende frei verwenden kann oder ob die Spende f\u00fcr einen bestimmten Zweck verwendet werden muss. Deshalb ist aus Sicht der Spendenden eine klare und eindeutige Formulierung im Spendenaufruf wichtig. Diese wirkt sich bis in die Buchhaltung und die Revision aus. Denn freie und zweckgebunden Spenden m\u00fcssen in der Betriebsrechnung separat ausgewiesen werden. In der Bilanz und in der Rechnung \u00fcber die Ver\u00e4nderung des Kapitals z\u00e4hlen zweckgebundene Spenden zum Fondskapital, w\u00e4hrend freie Spenden ins Organisationskapital geh\u00f6ren. Die verbreitete Meinung, dass der Aufwand f\u00fcr Administration und Fundraising aus freien Spenden gedeckt werden muss, w\u00e4hrend die zweckgebundenen Spenden ausschliesslich f\u00fcr Projekte eingesetzt werden m\u00fcssen, stimmt jedoch nicht. All dies macht Standard 18 jetzt mit folgenden Passagen klar:<br><br><em>Will eine Organisation \u00fcber die gesammelten Spendengelder frei im Rahmen des Organisationszwecks verf\u00fcgen k\u00f6nnen, muss dies die beabsichtigte freie Verwendung aus dem Sammlungsaufruf klar und eindeutig erkennbar sein. <\/em><\/p>\n\n\n\n<p><em>Zweckbestimmte Spenden werden separat erfasst und ausgewiesen sowie gem\u00e4ss dem deklarierten Zweck verwendet. Sofern mit den Geldgebern nichts anderes vereinbart wurde, darf ein der Kostenstruktur der Organisation entsprechender Anteil f\u00fcr administrative Aufgaben und die Mittelbeschaffung verwendet werden.<\/em><\/p>\n\n\n\n<h3 class=\"wp-block-heading\" id=\"h-datenschutz-neues-gesetz-umsetzen\"><strong>Datenschutz: Neues Gesetz umsetzen<\/strong><\/h3>\n\n\n<div class=\"wp-block-image\">\n<figure class=\"alignleft size-large is-resized\"><img loading=\"lazy\" decoding=\"async\" width=\"1024\" height=\"1024\" src=\"https:\/\/zewo.ch\/wp-content\/uploads\/2023\/12\/Standard-19-1024x1024.png\" alt=\"\" class=\"wp-image-5802309\" style=\"width:76px\" srcset=\"https:\/\/zewo.ch\/wp-content\/uploads\/2023\/12\/Standard-19-1024x1024.png 1024w, https:\/\/zewo.ch\/wp-content\/uploads\/2023\/12\/Standard-19-300x300.png 300w, https:\/\/zewo.ch\/wp-content\/uploads\/2023\/12\/Standard-19-150x150.png 150w, https:\/\/zewo.ch\/wp-content\/uploads\/2023\/12\/Standard-19-768x768.png 768w, https:\/\/zewo.ch\/wp-content\/uploads\/2023\/12\/Standard-19.png 1500w\" sizes=\"auto, (min-width: 960px) 75vw, 100vw\" \/><\/figure>\n<\/div>\n\n\n<p>Die Anforderungen des Zewo-Standards zum Datenschutz tragen den neuen gesetzlichen Bestimmungen Rechnung. Der Wortlaut des bisherigen Standards wurde mit juristischer Beratung an das neue Datenschutzgesetz angepasst. Er verweist explizit auf das revidierte Datenschutzgesetz und h\u00e4lt wichtige Aspekte daraus fest, die insbesondere aus Sicht von Spenderinnen und Spendern sowie von Organisationen, die Spenden sammeln, wichtig sind.<\/p>\n\n\n\n<p>Im Rahmen der Pr\u00fcfung, wird sich die Zewo ein Bild davon machen, ob die zu zertifizierende Organisation weiss, was sie regeln und dokumentieren muss, und ob sie sich damit befasst hat. So pr\u00fcft sie beispielsweise bei allen Organisationen,<\/p>\n\n\n\n<ul class=\"wp-block-list\">\n<li>ob die Organisation \u00fcber eine klare, gut sichtbare, einfach aufrufbare und aktuelle <strong>Datenschutzerkl\u00e4rung<\/strong> auf ihrer Webseite verf\u00fcgt. Diese muss insbesondere dar\u00fcber informieren, welche Personendaten zu welchen Zwecken beschafft und bearbeitet werden. Zudem nennt die Datenschutzerkl\u00e4rung den Namen der Spenden sammelnden Organisation sowie eine Kontaktadresse, an die sich betroffene Personen f\u00fcr datenschutzrechtliche Belange wenden k\u00f6nnen. Die Datenschutzerkl\u00e4rung regelt ausserdem die allf\u00e4llige Bekanntgabe von personenbezogenen Daten ins Ausland und die Rechte der Betroffenen;<\/li>\n\n\n\n<li>wie die Organisation mit <strong>Auskunfts- oder L\u00f6schbegehren<\/strong> sowie mit allf\u00e4lligen<strong> Datenpannen<\/strong> umgeht; ob die diesbez\u00fcglich die Verantwortlichkeiten klar sind und \u00dcberlegungen zum Prozess gemacht wurden.<\/li>\n\n\n\n<li>ob diesbez\u00fcglich die Verantwortlichkeiten klar sind und \u00dcberlegungen zum Prozess gemacht wurden.<\/li>\n<\/ul>\n\n\n\n<p>Je nach Risikoprofil der Organisation pr\u00fcft die Zewo weitere Aspekte, beispielsweise:<\/p>\n\n\n\n<ul class=\"wp-block-list\">\n<li>ob Organisationen, die Personendaten durch Dritte bearbeiten lassen, dies in einem Vertrag zur <strong>Auftragsdatenverarbeitung (AVV) <\/strong>geregelt haben. Davon betroffen sind etwa das Hosting, die Cloud-Sicherungen, die Lohnbuchhaltung sowie Analysen Anreicherungen oder Abgleiche von Personendaten durch Dritte. Aber auch die Bearbeitung von Personendaten durch Werbe- und Fundraising-Agenturen oder durch Lettershops sind zu regeln.<\/li>\n\n\n\n<li>ob Organisationen, die <strong>mehr als 250 Mitarbeitende<\/strong> besch\u00e4ftigen, ein Verarbeitungsverzeichnis (Inventar) erstellt haben;<\/li>\n\n\n\n<li>ob Organisationen, die <strong>besonders sch\u00fctzenswerte Personendaten umfangreich bearbeiten<\/strong>, zus\u00e4tzlich zum Verarbeitungsverzeichnis ein Bearbeitungsreglement haben. Zu den besonders sch\u00fctzenswerten Daten z\u00e4hlen etwa Gesundheitsdaten, Daten zur politischen Einstellung sowie zur religi\u00f6sen oder weltanschaulichen \u00dcberzeugung, aber auch Informationen \u00fcber die ethnische Herkunft oder die sexuelle Orientierung;<\/li>\n\n\n\n<li>ob Organisationen, <strong>die Profiling mit hohem Risiko<\/strong> durchf\u00fchren, eine Datenschutz-Folgenabsch\u00e4tzung gemacht haben und \u00fcber ein Bearbeitungsreglement verf\u00fcgen. Darin ist beispielsweise zu regeln, wann und wie eine ausdr\u00fcckliche Einwilligung der betroffenen Person eingeholt wird. Profiling bedeutet, dass eine Bewertung automatisiert erfolgt und Aussagen \u00fcber pers\u00f6nliche Aspekte hervorbringt, die sich auf eine nat\u00fcrliche Person beziehen. Ein Profiling mit hohem Risiko liegt vor, wenn durch Verkn\u00fcpfung von Daten eine Beurteilung wesentlicher Aspekte der Pers\u00f6nlichkeit m\u00f6glich ist.<\/li>\n<\/ul>\n\n\n\n<p>Mit dem Inkrafttreten des revidierten Datenschutzgesetzes hat die Zewo zudem eine <a href=\"https:\/\/zewo.ch\/wp-content\/uploads\/2024\/01\/Das_neue_Datenschutzgesetz_umsetzungshilfe_final_updated.pdf\">Umsetzungshilfe<\/a> publiziert. Diese unterst\u00fctzt die Hilfswerke dabei, die in ihrem Fall n\u00f6tigen Massnahmen zu identifizieren, um das neue Gesetz umzusetzen.<\/p>\n\n\n<div class=\"wp-block-image\">\n<figure class=\"aligncenter size-large is-resized\"><a href=\"https:\/\/zewo.ch\/wp-content\/uploads\/2024\/01\/Das_neue_Datenschutzgesetz_umsetzungshilfe_final_updated.pdf\"><img loading=\"lazy\" decoding=\"async\" width=\"724\" height=\"1024\" src=\"https:\/\/zewo.ch\/wp-content\/uploads\/2024\/01\/Cover_Umsetzungshilfe_D-724x1024.png\" alt=\"Bild Umsetzungshilfe zum neuen Datenschutzgesetz\" class=\"wp-image-5844145\" style=\"width:274px;height:auto\" srcset=\"https:\/\/zewo.ch\/wp-content\/uploads\/2024\/01\/Cover_Umsetzungshilfe_D-724x1024.png 724w, https:\/\/zewo.ch\/wp-content\/uploads\/2024\/01\/Cover_Umsetzungshilfe_D-212x300.png 212w, https:\/\/zewo.ch\/wp-content\/uploads\/2024\/01\/Cover_Umsetzungshilfe_D-768x1087.png 768w, https:\/\/zewo.ch\/wp-content\/uploads\/2024\/01\/Cover_Umsetzungshilfe_D-1086x1536.png 1086w, https:\/\/zewo.ch\/wp-content\/uploads\/2024\/01\/Cover_Umsetzungshilfe_D-1447x2048.png 1447w, https:\/\/zewo.ch\/wp-content\/uploads\/2024\/01\/Cover_Umsetzungshilfe_D.png 1653w\" sizes=\"auto, (min-width: 960px) 75vw, 100vw\" \/><\/a><\/figure>\n<\/div>\n\n\n<p>Die bisher geltenden Regeln, wonach Personendaten weder verkauft noch vermietet oder getauscht werden d\u00fcrfen und die W\u00fcnsche der Spendenden nach L\u00f6schung ihrer Daten oder nach weniger h\u00e4ufigen Kontakten, ber\u00fccksichtig werden m\u00fcssen, bleibt bestehen. Sie gelten soweit m\u00f6glich auch vor personalisierten Erstkontakten indem beispielsweise Fremdadressen mit der Robinsonliste abgeglichen werden m\u00fcssen.<\/p>\n\n\n\n<h3 class=\"wp-block-heading\" id=\"h-transparenz-digitale-jahresberichterstattung\"><strong>Transparenz: Digitale Jahresberichterstattung<\/strong><\/h3>\n\n\n<div class=\"wp-block-image\">\n<figure class=\"alignleft size-full is-resized\"><img loading=\"lazy\" decoding=\"async\" width=\"133\" height=\"134\" src=\"https:\/\/zewo.ch\/wp-content\/uploads\/2023\/12\/image-5.png\" alt=\"\" class=\"wp-image-5802312\" style=\"width:76px\"\/><\/figure>\n<\/div>\n\n\n<p>Neu kann die j\u00e4hrliche Berichterstattung als rein digitales Textdokument erstellt werden, zum Beispiel als PDF. Es ist jetzt m\u00f6glich, den Jahresbericht und die vollst\u00e4ndige revidierte Jahresrechnung in zwei separaten Dokumenten zu publizieren. Allerdings muss dann im Jahresbericht gut sichtbar darauf hingewiesen werden, dass die vollst\u00e4ndige revidierte Jahresrechnung auf der Webseite ver\u00f6ffentlicht ist. Sie muss dort &#8211; ebenso wie der Jahresbericht &#8211; frei zug\u00e4nglich und leicht auffindbar zum Herunterladen angeboten werden.<\/p>\n\n\n\n<p>Der Standard h\u00e4lt nun auch explizit fest, dass der Jahresbericht innerhalb von sechs Monaten nach Ablauf des Gesch\u00e4ftsjahres erstellt, dem zust\u00e4ndigen Organ zur Abnahme vorgelegt und ver\u00f6ffentlicht werden muss. Kann diese Frist ausnahmsweise nicht eingehalten werden, kann die Zewo in schriftlich begr\u00fcndeten F\u00e4llen unter Einhaltung von gesetzlichen Vorgaben, die f\u00fcr grosse Vereine und Stiftungen gelten, eine Fristverl\u00e4ngerung gew\u00e4hren.<\/p>\n\n\n\n<p>Zudem definiert der Standard, folgende Mindestinhalte, die im Jahresbericht und auf der Webseite enthalten sein m\u00fcssen:<\/p>\n\n\n\n<ul class=\"wp-block-list\">\n<li>Zweck und Ziel der Organisation;<\/li>\n\n\n\n<li>Mitglieder des obersten Leitungsorgans;<\/li>\n\n\n\n<li>Mitglieder der Gesch\u00e4ftsleitung;<\/li>\n\n\n\n<li>eine Zusammenfassung der in der Berichtsperiode erbrachten Leistungen (Jahresbericht) \/ eine \u00dcbersicht der T\u00e4tigkeitsfelder (Webseite);<\/li>\n\n\n\n<li>Aussagen zum Thema Wirkung gem\u00e4ss Standard 10.<\/li>\n<\/ul>\n\n\n\n<h3 class=\"wp-block-heading\" id=\"h-in-folgenden-standards-gibt-es-kleine-prazisierungen\"><strong>In folgenden Standards gibt es kleine Pr\u00e4zisierungen<\/strong><\/h3>\n\n\n\n<p>Die \u00dcberarbeitung der Standards bot die Gelegenheit, den Wortlaut auf Klarheit der Formulierung zu pr\u00fcfen. In einigen Standards gab es kleine Pr\u00e4zisierungen, die in der Regel aber nicht zu inhaltlichen Anpassungen f\u00fchren, da der pr\u00e4zisierte Sachverhalt bereits in der Praxis verankert ist.<\/p>\n\n\n<div class=\"wp-block-image\">\n<figure class=\"alignleft size-large is-resized\"><img loading=\"lazy\" decoding=\"async\" width=\"1024\" height=\"1024\" src=\"https:\/\/zewo.ch\/wp-content\/uploads\/2023\/12\/Standard-1-1024x1024.png\" alt=\"\" class=\"wp-image-5802318\" style=\"width:76px\" srcset=\"https:\/\/zewo.ch\/wp-content\/uploads\/2023\/12\/Standard-1-1024x1024.png 1024w, https:\/\/zewo.ch\/wp-content\/uploads\/2023\/12\/Standard-1-300x300.png 300w, https:\/\/zewo.ch\/wp-content\/uploads\/2023\/12\/Standard-1-150x150.png 150w, https:\/\/zewo.ch\/wp-content\/uploads\/2023\/12\/Standard-1-768x768.png 768w, https:\/\/zewo.ch\/wp-content\/uploads\/2023\/12\/Standard-1.png 1500w\" sizes=\"auto, (min-width: 960px) 75vw, 100vw\" \/><\/figure>\n<\/div>\n\n\n<p>Neu wurde im <strong>Standard 1<\/strong> erg\u00e4nzt, dass die Zewo von allen zertifizierten Organisationen eine uneingeschr\u00e4nkte Steuerbefreiung wegen Gemeinn\u00fctzigkeit verlangt. Faktisch war dies bereits bisher der Fall.<\/p>\n\n\n\n<p>Zudem pr\u00e4zisiert der Standard, welche Sammelorganisationen sich zertifizieren lassen k\u00f6nnen. Dies hat keine Auswirkung auf die bereits zertifizierten Hilfsorganisationen. Mit der folgenden Formulierung grenzt der Standard Vergabe- und F\u00f6rderorganisationen von Spenden- und Crowdfundingplattformen ab:<\/p>\n\n\n\n<p><em>Vergabe- und F\u00f6rderorganisa<\/em><em>ti<\/em><em>onen sowie andere In<\/em><em>stit<\/em><em>u<\/em><em>ti<\/em><em>onen, die Spenden sammeln, selbst gemeinn\u00fctzige Organisa<\/em><em>ti<\/em><em>onen sind und ihre Ak<\/em><em>ti<\/em><em>vit\u00e4ten in Zusammenarbeit mit Partnerorganisa<\/em><em>ti<\/em><em>onen erbringen, k\u00f6nnen zer<\/em><em>ti<\/em><em>fiziert werden, sofern sie die erbrachte Leistung mitverantworten und kontrollieren.<\/em><\/p>\n\n\n<div class=\"wp-block-image\">\n<figure class=\"alignleft size-large is-resized\"><img loading=\"lazy\" decoding=\"async\" width=\"1024\" height=\"1024\" src=\"https:\/\/zewo.ch\/wp-content\/uploads\/2023\/12\/Standard-8-1024x1024.png\" alt=\"\" class=\"wp-image-5802324\" style=\"width:76px\" srcset=\"https:\/\/zewo.ch\/wp-content\/uploads\/2023\/12\/Standard-8-1024x1024.png 1024w, https:\/\/zewo.ch\/wp-content\/uploads\/2023\/12\/Standard-8-300x300.png 300w, https:\/\/zewo.ch\/wp-content\/uploads\/2023\/12\/Standard-8-150x150.png 150w, https:\/\/zewo.ch\/wp-content\/uploads\/2023\/12\/Standard-8-768x768.png 768w, https:\/\/zewo.ch\/wp-content\/uploads\/2023\/12\/Standard-8.png 1500w\" sizes=\"auto, (min-width: 960px) 75vw, 100vw\" \/><\/figure>\n<\/div>\n\n\n<p>Der <strong>Standard 8<\/strong> weist nun explizit darauf hin, dass der Vorstand oder der Stiftungsrat unter gewissen Voraussetzungen moderat verg\u00fctet werden kann. Dies war bereits bisher der Fall, ging aber weniger explizit aus dem Wortlaut des Standards hervor. Zudem verweist der Standard jetzt auf den Verg\u00fctungsrechner der Zewo und empfiehlt Hilfswerken, diesen zu nutzen.<\/p>\n\n\n<div class=\"wp-block-image\">\n<figure class=\"alignleft size-large is-resized\"><img loading=\"lazy\" decoding=\"async\" width=\"1024\" height=\"1024\" src=\"https:\/\/zewo.ch\/wp-content\/uploads\/2023\/12\/Standard-11-1024x1024.png\" alt=\"\" class=\"wp-image-5802327\" style=\"width:76px\" srcset=\"https:\/\/zewo.ch\/wp-content\/uploads\/2023\/12\/Standard-11-1024x1024.png 1024w, https:\/\/zewo.ch\/wp-content\/uploads\/2023\/12\/Standard-11-300x300.png 300w, https:\/\/zewo.ch\/wp-content\/uploads\/2023\/12\/Standard-11-150x150.png 150w, https:\/\/zewo.ch\/wp-content\/uploads\/2023\/12\/Standard-11-768x768.png 768w, https:\/\/zewo.ch\/wp-content\/uploads\/2023\/12\/Standard-11.png 1500w\" sizes=\"auto, (min-width: 960px) 75vw, 100vw\" \/><\/figure>\n<\/div>\n\n\n<p>Der <strong>Standard 11 <\/strong>h\u00e4lt neu fest, dass Reservenziele, die ausserhalb der Bandbreiten liegen, begr\u00fcndet werden m\u00fcssen. Bei Bedarf sind geeignete Massnahmen einzuleiten, um die gesetzten Ziele zu erreichen. Weiter erm\u00f6glicht der Standard neu, die Kennzahlen, ohne betrieblich genutzte Immobilien oder betriebsnotwendige Sachanlagen zu berechnen. Dies wurde aufgrund der Erkenntnisse aus der letzten Kennzahlenstudie bei der Pr\u00fcfung der Organisationen bereits bisher so gehandhabt.<\/p>\n\n\n<div class=\"wp-block-image\">\n<figure class=\"alignleft size-large is-resized\"><img loading=\"lazy\" decoding=\"async\" width=\"1024\" height=\"1024\" src=\"https:\/\/zewo.ch\/wp-content\/uploads\/2023\/12\/Standard-13-1024x1024.png\" alt=\"\" class=\"wp-image-5802330\" style=\"width:76px\" srcset=\"https:\/\/zewo.ch\/wp-content\/uploads\/2023\/12\/Standard-13-1024x1024.png 1024w, https:\/\/zewo.ch\/wp-content\/uploads\/2023\/12\/Standard-13-300x300.png 300w, https:\/\/zewo.ch\/wp-content\/uploads\/2023\/12\/Standard-13-150x150.png 150w, https:\/\/zewo.ch\/wp-content\/uploads\/2023\/12\/Standard-13-768x768.png 768w, https:\/\/zewo.ch\/wp-content\/uploads\/2023\/12\/Standard-13.png 1500w\" sizes=\"auto, (min-width: 960px) 75vw, 100vw\" \/><\/figure>\n<\/div>\n\n\n<p>Die Erl\u00e4uterungen zu <strong>Standard 13<\/strong>, welche auf der Website der Zewo publiziert sind, wurden in \u00dcbereinstimmung mit den Bestimmungen von Swiss GAAP FER aktualisiert. Neu m\u00fcssen Organisationen zus\u00e4tzlich zu den gesamten FER-Bestimmungen auch Swiss GAAP FER 28 \u00abZuwendungen der \u00f6ffentlichen Hand\u00bb ber\u00fccksichtigen, sofern sie zwei der folgenden Gr\u00f6ssenkriterien in zwei aufeinanderfolgenden Jahren \u00fcberschreiten: Bilanzsumme 10 Millionen Franken, Jahresumsatz 20 Millionen Franken oder 50 Vollzeitstellen im Jahresdurchschnitt.<\/p>\n\n\n\n<p>F\u00fcr Organisationen, die diese Gr\u00f6ssenkriterien nicht \u00fcberschreiten, \u00e4ndert sich nichts. Sie m\u00fcssen weiterhin lediglich das Rahmenkonzept, Swiss GAAP FER 21 und die Ker-FER 1 bis 6 anwenden. Handelt es sich um eine konsolidierungspflichtige Organisation, ist zus\u00e4tzlich Swiss GAAP FER 30 anzuwenden.<\/p>\n\n\n\n<p>Organisationen, die an zwei aufeinanderfolgenden Bilanzstichtagen zwei der nachfolgenden drei Gr\u00f6ssen nicht \u00fcberschreiten: Bilanzsumme 2 Millionen Franken; Jahresumsatz, 1 Million Franken; 10 bezahlte Vollzeitstellen im Jahresdurchschnitt; k\u00f6nnen auf die Erstellung einer Geldflussrechnung verzichten.<\/p>\n\n\n<div class=\"wp-block-image\">\n<figure class=\"alignleft size-large is-resized\"><img loading=\"lazy\" decoding=\"async\" width=\"1024\" height=\"1024\" src=\"https:\/\/zewo.ch\/wp-content\/uploads\/2023\/12\/Standard-16-1024x1024.png\" alt=\"\" class=\"wp-image-5802333\" style=\"width:76px\" srcset=\"https:\/\/zewo.ch\/wp-content\/uploads\/2023\/12\/Standard-16-1024x1024.png 1024w, https:\/\/zewo.ch\/wp-content\/uploads\/2023\/12\/Standard-16-300x300.png 300w, https:\/\/zewo.ch\/wp-content\/uploads\/2023\/12\/Standard-16-150x150.png 150w, https:\/\/zewo.ch\/wp-content\/uploads\/2023\/12\/Standard-16-768x768.png 768w, https:\/\/zewo.ch\/wp-content\/uploads\/2023\/12\/Standard-16.png 1500w\" sizes=\"auto, (min-width: 960px) 75vw, 100vw\" \/><\/figure>\n<\/div>\n\n\n<p>Der Klarheit halber pr\u00e4zisiert <strong>Standard 16<\/strong> nun, dass Organisationen, die einem heterogenen Dachverband angeh\u00f6ren oder in einer losen Allianz zusammengeschlossen sind, nicht als Unterorganisationen im Sinne von Ziffer 2 gelten und eigenes Pr\u00fcfverfahren durchlaufen m\u00fcssen. In der Vergangenheit hatte sich gezeigt, dass die Standards diesbez\u00fcglich gewissen Interpretationsspielraum offenliessen.<\/p>\n\n\n<div class=\"wp-block-image\">\n<figure class=\"alignleft size-large is-resized\"><img loading=\"lazy\" decoding=\"async\" width=\"1024\" height=\"1024\" src=\"https:\/\/zewo.ch\/wp-content\/uploads\/2023\/12\/Standard-17-1024x1024.png\" alt=\"\" class=\"wp-image-5802336\" style=\"width:76px\" srcset=\"https:\/\/zewo.ch\/wp-content\/uploads\/2023\/12\/Standard-17-1024x1024.png 1024w, https:\/\/zewo.ch\/wp-content\/uploads\/2023\/12\/Standard-17-300x300.png 300w, https:\/\/zewo.ch\/wp-content\/uploads\/2023\/12\/Standard-17-150x150.png 150w, https:\/\/zewo.ch\/wp-content\/uploads\/2023\/12\/Standard-17-768x768.png 768w, https:\/\/zewo.ch\/wp-content\/uploads\/2023\/12\/Standard-17.png 1500w\" sizes=\"auto, (min-width: 960px) 75vw, 100vw\" \/><\/figure>\n<\/div>\n\n\n<p>Der <strong>Standard 17<\/strong> besagt, dass Organisation, die Teil eines internationalen Netzwerkes sind, die Verantwortung f\u00fcr den Einsatz der ihr anvertrauten Mittel behalten nicht an den Hauptsitz oder an ein anderes Mitglied des internationalen Netzwerks abtreten k\u00f6nnen. Nun wurde erg\u00e4nzend pr\u00e4zisiert, dass sie die Verantwortung auch nicht an eine lokale Partnerorganisation abgeben k\u00f6nnen.<\/p>\n\n\n\n<p><strong>Die neuen Standards sind seit 1. Januar 2024 in Kraft. Die Zewo wird diese bei den Pr\u00fcfungen ab sofort ber\u00fccksichtigen.<\/strong><\/p>\n\n\n\n<div class=\"wp-block-cgb-block-zewo-block-button ab-block-button\"><a href=\"https:\/\/zewo.ch\/de\/die-21-zewo-standards\/\" class=\"button primary\"><span class=\"button-arrow\"><\/span>Weiter zu den 21 Zewo-Standards<\/a><\/div>\n\n\n\n<p><em><br><br><\/em><\/p>\n\n\n\n<p><strong><br><br><\/strong><\/p>\n\n\n\n<p> <\/p>\n","protected":false},"excerpt":{"rendered":"<p>Die Zewo hat ihre Standards an Entwicklungen im Fundraising, an neue Gesetze, ver\u00e4nderte technologischen M\u00f6glichkeiten und Erfahrungen aus der bisherigen Pr\u00fcfung angepasst. Wichtige Neuerungen betreffen den Sammlungskalenden, das Fundraising, den Datenschutz und die Transparenz.<\/p>\n","protected":false},"author":38,"featured_media":5804344,"comment_status":"open","ping_status":"closed","sticky":false,"template":"","format":"standard","meta":{"_acf_changed":false,"footnotes":""},"categories":[1,1860],"tags":[15876,16462,14400,16463,16436,16396],"class_list":["post-5802281","post","type-post","status-publish","format-standard","has-post-thumbnail","hentry","category-fundraising_de","category-news","tag-datenschutz","tag-datenschutzgesetz","tag-fundraising","tag-sammlungskalender","tag-spendenwerbung","tag-zewo-standards"],"acf":[],"yoast_head":"<!-- This site is optimized with the Yoast SEO Premium plugin v27.5 (Yoast SEO v27.5) - https:\/\/yoast.com\/product\/yoast-seo-premium-wordpress\/ -->\n<title>Zewo<\/title>\n<meta name=\"description\" content=\"Der Zewo-Stiftungsrat hat die \u00fcberarbeiteten Standards ab dem Gesch\u00e4ftsjahr 2024 in Kraft gesetzt. Nachfolgend erfahren Sie, was sich seit 2024 f\u00fcr zertifizierte Organisationen \u2013 und solche, die es werden wollen - ge\u00e4ndert hat.\" \/>\n<meta name=\"robots\" content=\"index, follow, max-snippet:-1, max-image-preview:large, max-video-preview:-1\" \/>\n<link rel=\"canonical\" href=\"https:\/\/zewo.ch\/de\/news-anderungen-zewo-standards-per-1-januar-2024\/\" \/>\n<meta property=\"og:locale\" content=\"de_DE\" \/>\n<meta property=\"og:type\" content=\"article\" \/>\n<meta property=\"og:description\" content=\"Der Zewo-Stiftungsrat hat die \u00fcberarbeiteten Standards ab dem Gesch\u00e4ftsjahr 2024 in Kraft gesetzt. Nachfolgend erfahren Sie, was sich seit 2024 f\u00fcr zertifizierte Organisationen \u2013 und solche, die es werden wollen - ge\u00e4ndert hat.\" \/>\n<meta property=\"og:url\" content=\"https:\/\/zewo.ch\/de\/news-anderungen-zewo-standards-per-1-januar-2024\/\" \/>\n<meta property=\"og:site_name\" content=\"Zewo\" \/>\n<meta property=\"article:publisher\" content=\"https:\/\/www.facebook.com\/Stiftung.ZEWO\/\" \/>\n<meta property=\"article:published_time\" content=\"2024-01-11T14:12:42+00:00\" \/>\n<meta property=\"article:modified_time\" content=\"2024-04-23T12:19:54+00:00\" \/>\n<meta property=\"og:image\" content=\"https:\/\/zewo.ch\/wp-content\/uploads\/2024\/01\/Bild__Anpassungen_Standards-600-x-400-px-1.png\" \/>\n\t<meta property=\"og:image:width\" content=\"600\" \/>\n\t<meta property=\"og:image:height\" content=\"400\" \/>\n\t<meta property=\"og:image:type\" content=\"image\/png\" \/>\n<meta name=\"author\" content=\"Maja Gloor\" \/>\n<meta name=\"twitter:card\" content=\"summary_large_image\" \/>\n<meta name=\"twitter:creator\" content=\"@stiftung_zewo\" \/>\n<meta name=\"twitter:site\" content=\"@stiftung_zewo\" \/>\n<meta name=\"twitter:label1\" content=\"Verfasst von\" \/>\n\t<meta name=\"twitter:data1\" content=\"Maja Gloor\" \/>\n\t<meta name=\"twitter:label2\" content=\"Gesch\u00e4tzte Lesezeit\" \/>\n\t<meta name=\"twitter:data2\" content=\"16\u00a0Minuten\" \/>\n<script type=\"application\/ld+json\" class=\"yoast-schema-graph\">{\"@context\":\"https:\\\/\\\/schema.org\",\"@graph\":[{\"@type\":\"Article\",\"@id\":\"https:\\\/\\\/zewo.ch\\\/de\\\/news-anderungen-zewo-standards-per-1-januar-2024\\\/#article\",\"isPartOf\":{\"@id\":\"https:\\\/\\\/zewo.ch\\\/de\\\/news-anderungen-zewo-standards-per-1-januar-2024\\\/\"},\"author\":{\"name\":\"Maja Gloor\",\"@id\":\"https:\\\/\\\/zewo.ch\\\/de\\\/#\\\/schema\\\/person\\\/5cf31137a255c852ba66f794541c3f8f\"},\"headline\":\"\u00c4nderungen Zewo-Standards per 1. Januar 2024\",\"datePublished\":\"2024-01-11T14:12:42+00:00\",\"dateModified\":\"2024-04-23T12:19:54+00:00\",\"mainEntityOfPage\":{\"@id\":\"https:\\\/\\\/zewo.ch\\\/de\\\/news-anderungen-zewo-standards-per-1-januar-2024\\\/\"},\"wordCount\":2467,\"commentCount\":0,\"publisher\":{\"@id\":\"https:\\\/\\\/zewo.ch\\\/de\\\/#organization\"},\"image\":{\"@id\":\"https:\\\/\\\/zewo.ch\\\/de\\\/news-anderungen-zewo-standards-per-1-januar-2024\\\/#primaryimage\"},\"thumbnailUrl\":\"https:\\\/\\\/zewo.ch\\\/wp-content\\\/uploads\\\/2024\\\/01\\\/Bild__Anpassungen_Standards-600-x-400-px-1.png\",\"keywords\":[\"Datenschutz\",\"Datenschutzgesetz\",\"Fundraising\",\"Sammlungskalender\",\"Spendenwerbung\",\"Zewo-Standards\"],\"articleSection\":[\"Fundraising\",\"News\"],\"inLanguage\":\"de\",\"potentialAction\":[{\"@type\":\"CommentAction\",\"name\":\"Comment\",\"target\":[\"https:\\\/\\\/zewo.ch\\\/de\\\/news-anderungen-zewo-standards-per-1-januar-2024\\\/#respond\"]}]},{\"@type\":\"WebPage\",\"@id\":\"https:\\\/\\\/zewo.ch\\\/de\\\/news-anderungen-zewo-standards-per-1-januar-2024\\\/#webpage\",\"url\":\"https:\\\/\\\/zewo.ch\\\/de\\\/news-anderungen-zewo-standards-per-1-januar-2024\\\/#webpage\",\"name\":\"\",\"isPartOf\":{\"@id\":\"https:\\\/\\\/zewo.ch\\\/de\\\/#website\"},\"primaryImageOfPage\":{\"@id\":\"https:\\\/\\\/zewo.ch\\\/de\\\/news-anderungen-zewo-standards-per-1-januar-2024\\\/#primaryimage\"},\"image\":{\"@id\":\"https:\\\/\\\/zewo.ch\\\/de\\\/news-anderungen-zewo-standards-per-1-januar-2024\\\/#primaryimage\"},\"thumbnailUrl\":\"https:\\\/\\\/zewo.ch\\\/wp-content\\\/uploads\\\/2024\\\/01\\\/Bild__Anpassungen_Standards-600-x-400-px-1.png\",\"datePublished\":\"2024-01-11T14:12:42+00:00\",\"dateModified\":\"2024-04-23T12:19:54+00:00\",\"description\":\"Der Zewo-Stiftungsrat hat die \u00fcberarbeiteten Standards ab dem Gesch\u00e4ftsjahr 2024 in Kraft gesetzt. Nachfolgend erfahren Sie, was sich seit 2024 f\u00fcr zertifizierte Organisationen \u2013 und solche, die es werden wollen - ge\u00e4ndert hat.\",\"breadcrumb\":{\"@id\":\"https:\\\/\\\/zewo.ch\\\/de\\\/news-anderungen-zewo-standards-per-1-januar-2024\\\/#breadcrumb\"},\"inLanguage\":\"de\",\"potentialAction\":[{\"@type\":\"ReadAction\",\"target\":[\"https:\\\/\\\/zewo.ch\\\/de\\\/news-anderungen-zewo-standards-per-1-januar-2024\\\/\"]}]},{\"@type\":\"ImageObject\",\"inLanguage\":\"de\",\"@id\":\"https:\\\/\\\/zewo.ch\\\/de\\\/news-anderungen-zewo-standards-per-1-januar-2024\\\/#primaryimage\",\"url\":\"https:\\\/\\\/zewo.ch\\\/wp-content\\\/uploads\\\/2024\\\/01\\\/Bild__Anpassungen_Standards-600-x-400-px-1.png\",\"contentUrl\":\"https:\\\/\\\/zewo.ch\\\/wp-content\\\/uploads\\\/2024\\\/01\\\/Bild__Anpassungen_Standards-600-x-400-px-1.png\",\"width\":600,\"height\":400,\"caption\":\"Bild_Anpassung_Zewo_Standards_2024\"},{\"@type\":\"BreadcrumbList\",\"@id\":\"https:\\\/\\\/zewo.ch\\\/de\\\/news-anderungen-zewo-standards-per-1-januar-2024\\\/#breadcrumb\",\"itemListElement\":[{\"@type\":\"ListItem\",\"position\":1,\"name\":\"Home\",\"item\":\"https:\\\/\\\/zewo.ch\\\/de\\\/\"},{\"@type\":\"ListItem\",\"position\":2,\"name\":\"\u00c4nderungen Zewo-Standards per 1. Januar 2024\"}]},{\"@type\":\"WebSite\",\"@id\":\"https:\\\/\\\/zewo.ch\\\/de\\\/#website\",\"url\":\"https:\\\/\\\/zewo.ch\\\/de\\\/\",\"name\":\"Zewo\",\"description\":\"Ihre Spende in guten H\u00e4nden.\",\"publisher\":{\"@id\":\"https:\\\/\\\/zewo.ch\\\/de\\\/#organization\"},\"potentialAction\":[{\"@type\":\"SearchAction\",\"target\":{\"@type\":\"EntryPoint\",\"urlTemplate\":\"https:\\\/\\\/zewo.ch\\\/de\\\/?s={search_term_string}\"},\"query-input\":{\"@type\":\"PropertyValueSpecification\",\"valueRequired\":true,\"valueName\":\"search_term_string\"}}],\"inLanguage\":\"de\"},{\"@type\":\"Organization\",\"@id\":\"https:\\\/\\\/zewo.ch\\\/de\\\/#organization\",\"name\":\"Stiftung Zewo\",\"url\":\"https:\\\/\\\/zewo.ch\\\/de\\\/\",\"logo\":{\"@type\":\"ImageObject\",\"inLanguage\":\"de\",\"@id\":\"https:\\\/\\\/zewo.ch\\\/de\\\/#\\\/schema\\\/logo\\\/image\\\/\",\"url\":\"https:\\\/\\\/zewo.ch\\\/wp-content\\\/uploads\\\/2019\\\/08\\\/Zewo_Logo_Claim_D.svg\",\"contentUrl\":\"https:\\\/\\\/zewo.ch\\\/wp-content\\\/uploads\\\/2019\\\/08\\\/Zewo_Logo_Claim_D.svg\",\"width\":1,\"height\":1,\"caption\":\"Stiftung Zewo\"},\"image\":{\"@id\":\"https:\\\/\\\/zewo.ch\\\/de\\\/#\\\/schema\\\/logo\\\/image\\\/\"},\"sameAs\":[\"https:\\\/\\\/www.facebook.com\\\/Stiftung.ZEWO\\\/\",\"https:\\\/\\\/x.com\\\/stiftung_zewo\",\"https:\\\/\\\/www.linkedin.com\\\/company\\\/stiftung-zewo\",\"https:\\\/\\\/www.youtube.com\\\/channel\\\/UCzjsVJro12OXcvvx1LQP8tw\",\"https:\\\/\\\/de.wikipedia.org\\\/wiki\\\/Zewo\"]},{\"@type\":\"Person\",\"@id\":\"https:\\\/\\\/zewo.ch\\\/de\\\/#\\\/schema\\\/person\\\/5cf31137a255c852ba66f794541c3f8f\",\"name\":\"Maja Gloor\",\"image\":{\"@type\":\"ImageObject\",\"inLanguage\":\"de\",\"@id\":\"https:\\\/\\\/secure.gravatar.com\\\/avatar\\\/433bbbc6f9ae2f3d867b9b184d8b32145a34edb2acdc04b544aa2d6023aaa24d?s=96&d=mm&r=g\",\"url\":\"https:\\\/\\\/secure.gravatar.com\\\/avatar\\\/433bbbc6f9ae2f3d867b9b184d8b32145a34edb2acdc04b544aa2d6023aaa24d?s=96&d=mm&r=g\",\"contentUrl\":\"https:\\\/\\\/secure.gravatar.com\\\/avatar\\\/433bbbc6f9ae2f3d867b9b184d8b32145a34edb2acdc04b544aa2d6023aaa24d?s=96&d=mm&r=g\",\"caption\":\"Maja Gloor\"},\"sameAs\":[\"https:\\\/\\\/www.zewo.ch\\\/\"]}]}<\/script>\n<!-- \/ Yoast SEO Premium plugin. -->","yoast_head_json":{"title":"Zewo","description":"Der Zewo-Stiftungsrat hat die \u00fcberarbeiteten Standards ab dem Gesch\u00e4ftsjahr 2024 in Kraft gesetzt. Nachfolgend erfahren Sie, was sich seit 2024 f\u00fcr zertifizierte Organisationen \u2013 und solche, die es werden wollen - ge\u00e4ndert hat.","robots":{"index":"index","follow":"follow","max-snippet":"max-snippet:-1","max-image-preview":"max-image-preview:large","max-video-preview":"max-video-preview:-1"},"canonical":"https:\/\/zewo.ch\/de\/news-anderungen-zewo-standards-per-1-januar-2024\/","og_locale":"de_DE","og_type":"article","og_description":"Der Zewo-Stiftungsrat hat die \u00fcberarbeiteten Standards ab dem Gesch\u00e4ftsjahr 2024 in Kraft gesetzt. Nachfolgend erfahren Sie, was sich seit 2024 f\u00fcr zertifizierte Organisationen \u2013 und solche, die es werden wollen - ge\u00e4ndert hat.","og_url":"https:\/\/zewo.ch\/de\/news-anderungen-zewo-standards-per-1-januar-2024\/","og_site_name":"Zewo","article_publisher":"https:\/\/www.facebook.com\/Stiftung.ZEWO\/","article_published_time":"2024-01-11T14:12:42+00:00","article_modified_time":"2024-04-23T12:19:54+00:00","og_image":[{"width":600,"height":400,"url":"https:\/\/zewo.ch\/wp-content\/uploads\/2024\/01\/Bild__Anpassungen_Standards-600-x-400-px-1.png","type":"image\/png"}],"author":"Maja Gloor","twitter_card":"summary_large_image","twitter_creator":"@stiftung_zewo","twitter_site":"@stiftung_zewo","twitter_misc":{"Verfasst von":"Maja Gloor","Gesch\u00e4tzte Lesezeit":"16\u00a0Minuten"},"schema":{"@context":"https:\/\/schema.org","@graph":[{"@type":"Article","@id":"https:\/\/zewo.ch\/de\/news-anderungen-zewo-standards-per-1-januar-2024\/#article","isPartOf":{"@id":"https:\/\/zewo.ch\/de\/news-anderungen-zewo-standards-per-1-januar-2024\/"},"author":{"name":"Maja Gloor","@id":"https:\/\/zewo.ch\/de\/#\/schema\/person\/5cf31137a255c852ba66f794541c3f8f"},"headline":"\u00c4nderungen Zewo-Standards per 1. Januar 2024","datePublished":"2024-01-11T14:12:42+00:00","dateModified":"2024-04-23T12:19:54+00:00","mainEntityOfPage":{"@id":"https:\/\/zewo.ch\/de\/news-anderungen-zewo-standards-per-1-januar-2024\/"},"wordCount":2467,"commentCount":0,"publisher":{"@id":"https:\/\/zewo.ch\/de\/#organization"},"image":{"@id":"https:\/\/zewo.ch\/de\/news-anderungen-zewo-standards-per-1-januar-2024\/#primaryimage"},"thumbnailUrl":"https:\/\/zewo.ch\/wp-content\/uploads\/2024\/01\/Bild__Anpassungen_Standards-600-x-400-px-1.png","keywords":["Datenschutz","Datenschutzgesetz","Fundraising","Sammlungskalender","Spendenwerbung","Zewo-Standards"],"articleSection":["Fundraising","News"],"inLanguage":"de","potentialAction":[{"@type":"CommentAction","name":"Comment","target":["https:\/\/zewo.ch\/de\/news-anderungen-zewo-standards-per-1-januar-2024\/#respond"]}]},{"@type":"WebPage","@id":"https:\/\/zewo.ch\/de\/news-anderungen-zewo-standards-per-1-januar-2024\/#webpage","url":"https:\/\/zewo.ch\/de\/news-anderungen-zewo-standards-per-1-januar-2024\/#webpage","name":"","isPartOf":{"@id":"https:\/\/zewo.ch\/de\/#website"},"primaryImageOfPage":{"@id":"https:\/\/zewo.ch\/de\/news-anderungen-zewo-standards-per-1-januar-2024\/#primaryimage"},"image":{"@id":"https:\/\/zewo.ch\/de\/news-anderungen-zewo-standards-per-1-januar-2024\/#primaryimage"},"thumbnailUrl":"https:\/\/zewo.ch\/wp-content\/uploads\/2024\/01\/Bild__Anpassungen_Standards-600-x-400-px-1.png","datePublished":"2024-01-11T14:12:42+00:00","dateModified":"2024-04-23T12:19:54+00:00","description":"Der Zewo-Stiftungsrat hat die \u00fcberarbeiteten Standards ab dem Gesch\u00e4ftsjahr 2024 in Kraft gesetzt. Nachfolgend erfahren Sie, was sich seit 2024 f\u00fcr zertifizierte Organisationen \u2013 und solche, die es werden wollen - ge\u00e4ndert hat.","breadcrumb":{"@id":"https:\/\/zewo.ch\/de\/news-anderungen-zewo-standards-per-1-januar-2024\/#breadcrumb"},"inLanguage":"de","potentialAction":[{"@type":"ReadAction","target":["https:\/\/zewo.ch\/de\/news-anderungen-zewo-standards-per-1-januar-2024\/"]}]},{"@type":"ImageObject","inLanguage":"de","@id":"https:\/\/zewo.ch\/de\/news-anderungen-zewo-standards-per-1-januar-2024\/#primaryimage","url":"https:\/\/zewo.ch\/wp-content\/uploads\/2024\/01\/Bild__Anpassungen_Standards-600-x-400-px-1.png","contentUrl":"https:\/\/zewo.ch\/wp-content\/uploads\/2024\/01\/Bild__Anpassungen_Standards-600-x-400-px-1.png","width":600,"height":400,"caption":"Bild_Anpassung_Zewo_Standards_2024"},{"@type":"BreadcrumbList","@id":"https:\/\/zewo.ch\/de\/news-anderungen-zewo-standards-per-1-januar-2024\/#breadcrumb","itemListElement":[{"@type":"ListItem","position":1,"name":"Home","item":"https:\/\/zewo.ch\/de\/"},{"@type":"ListItem","position":2,"name":"\u00c4nderungen Zewo-Standards per 1. Januar 2024"}]},{"@type":"WebSite","@id":"https:\/\/zewo.ch\/de\/#website","url":"https:\/\/zewo.ch\/de\/","name":"Zewo","description":"Ihre Spende in guten H\u00e4nden.","publisher":{"@id":"https:\/\/zewo.ch\/de\/#organization"},"potentialAction":[{"@type":"SearchAction","target":{"@type":"EntryPoint","urlTemplate":"https:\/\/zewo.ch\/de\/?s={search_term_string}"},"query-input":{"@type":"PropertyValueSpecification","valueRequired":true,"valueName":"search_term_string"}}],"inLanguage":"de"},{"@type":"Organization","@id":"https:\/\/zewo.ch\/de\/#organization","name":"Stiftung Zewo","url":"https:\/\/zewo.ch\/de\/","logo":{"@type":"ImageObject","inLanguage":"de","@id":"https:\/\/zewo.ch\/de\/#\/schema\/logo\/image\/","url":"https:\/\/zewo.ch\/wp-content\/uploads\/2019\/08\/Zewo_Logo_Claim_D.svg","contentUrl":"https:\/\/zewo.ch\/wp-content\/uploads\/2019\/08\/Zewo_Logo_Claim_D.svg","width":1,"height":1,"caption":"Stiftung Zewo"},"image":{"@id":"https:\/\/zewo.ch\/de\/#\/schema\/logo\/image\/"},"sameAs":["https:\/\/www.facebook.com\/Stiftung.ZEWO\/","https:\/\/x.com\/stiftung_zewo","https:\/\/www.linkedin.com\/company\/stiftung-zewo","https:\/\/www.youtube.com\/channel\/UCzjsVJro12OXcvvx1LQP8tw","https:\/\/de.wikipedia.org\/wiki\/Zewo"]},{"@type":"Person","@id":"https:\/\/zewo.ch\/de\/#\/schema\/person\/5cf31137a255c852ba66f794541c3f8f","name":"Maja Gloor","image":{"@type":"ImageObject","inLanguage":"de","@id":"https:\/\/secure.gravatar.com\/avatar\/433bbbc6f9ae2f3d867b9b184d8b32145a34edb2acdc04b544aa2d6023aaa24d?s=96&d=mm&r=g","url":"https:\/\/secure.gravatar.com\/avatar\/433bbbc6f9ae2f3d867b9b184d8b32145a34edb2acdc04b544aa2d6023aaa24d?s=96&d=mm&r=g","contentUrl":"https:\/\/secure.gravatar.com\/avatar\/433bbbc6f9ae2f3d867b9b184d8b32145a34edb2acdc04b544aa2d6023aaa24d?s=96&d=mm&r=g","caption":"Maja Gloor"},"sameAs":["https:\/\/www.zewo.ch\/"]}]}},"publishpress_future_action":{"enabled":false,"date":"2026-05-07 18:24:15","action":"change-status","newStatus":"draft","terms":[],"taxonomy":"category","extraData":[]},"publishpress_future_workflow_manual_trigger":{"enabledWorkflows":[]},"_links":{"self":[{"href":"https:\/\/zewo.ch\/de\/wp-json\/wp\/v2\/posts\/5802281","targetHints":{"allow":["GET"]}}],"collection":[{"href":"https:\/\/zewo.ch\/de\/wp-json\/wp\/v2\/posts"}],"about":[{"href":"https:\/\/zewo.ch\/de\/wp-json\/wp\/v2\/types\/post"}],"author":[{"embeddable":true,"href":"https:\/\/zewo.ch\/de\/wp-json\/wp\/v2\/users\/38"}],"replies":[{"embeddable":true,"href":"https:\/\/zewo.ch\/de\/wp-json\/wp\/v2\/comments?post=5802281"}],"version-history":[{"count":16,"href":"https:\/\/zewo.ch\/de\/wp-json\/wp\/v2\/posts\/5802281\/revisions"}],"predecessor-version":[{"id":5917504,"href":"https:\/\/zewo.ch\/de\/wp-json\/wp\/v2\/posts\/5802281\/revisions\/5917504"}],"wp:featuredmedia":[{"embeddable":true,"href":"https:\/\/zewo.ch\/de\/wp-json\/wp\/v2\/media\/5804344"}],"wp:attachment":[{"href":"https:\/\/zewo.ch\/de\/wp-json\/wp\/v2\/media?parent=5802281"}],"wp:term":[{"taxonomy":"category","embeddable":true,"href":"https:\/\/zewo.ch\/de\/wp-json\/wp\/v2\/categories?post=5802281"},{"taxonomy":"post_tag","embeddable":true,"href":"https:\/\/zewo.ch\/de\/wp-json\/wp\/v2\/tags?post=5802281"}],"curies":[{"name":"wp","href":"https:\/\/api.w.org\/{rel}","templated":true}]}}