{"id":5795906,"date":"2023-05-22T11:32:15","date_gmt":"2023-05-22T09:32:15","guid":{"rendered":"https:\/\/zewo.ch\/?p=5795906"},"modified":"2023-12-07T09:49:34","modified_gmt":"2023-12-07T08:49:34","slug":"news-vernehmlassung-zu-punktuellen-anpassungen-der-zewo-standards-eroffnet","status":"publish","type":"post","link":"https:\/\/zewo.ch\/de\/news-vernehmlassung-zu-punktuellen-anpassungen-der-zewo-standards-eroffnet\/","title":{"rendered":"Vernehmlassung zu punktuellen Anpassungen der Zewo-Standards er\u00f6ffnet"},"content":{"rendered":"\n<p>Die Zewo-Standards st\u00e4rken das Vertrauen in die Hilfswerke und erhalten die Spendenfreude. Aufgrund von aktuellen Entwicklungen und ver\u00e4nderten Rahmenbedingungen sind Anpassungen n\u00f6tig. Betroffen sind insbesondere die Zewo-Standards 18, 19, 20 und 21, die den Datenschutz, das Fundraising und die Spendenwerbung regeln.&nbsp;<\/p>\n\n\n\n<p>Alle Hilfswerke, interessierten Kreise und Privatpersonen sind zur Teilnahme an der \u00f6ffentlichen Vernehmlassung eingeladen. Bringen Sie Ihre Anliegen <strong>bis am 30. Juni 2023<\/strong> ein. <\/p>\n\n\n\n<p>Hier geht es zur Umfrage: <a href=\"https:\/\/forms.office.com\/e\/g4nT7TyUbi\" target=\"_blank\" rel=\"noreferrer noopener\">https:\/\/forms.office.com\/e\/g4nT7TyUbi<\/a><\/p>\n\n\n\n<p>Die Zewo bittet um Teilnahme via obenstehenden Link. Gerne k\u00f6nnen Sie Ihre Stellungnahme auch in einem anderen Format aufbereiten und uns per E-Mail an <a href=\"mailto:vernehmlassung@zewo.ch\">vernehmlassung@zewo.ch<\/a> zukommen lassen. <\/p>\n\n\n\n<p>Eine \u00dcbersicht der geplanten Anpassungen finden Sie unter diesem <a href=\"https:\/\/zewo.ch\/wp-content\/uploads\/2023\/05\/punkt.Anpassungen-Zewo-Standards-2023.pdf\" target=\"_blank\" rel=\"noreferrer noopener\">Link<\/a>.<\/p>\n\n\n\n<p>Die Zewo behandelt alle R\u00fcckmeldung vertraulich, ber\u00fccksichtigt aber keine anonymen Antworten. Die Antworten werden ausgewertet und aufbereitet. Es werden keine individuellen Stellungnahmen publiziert.<\/p>\n\n\n\n<p>Der Zewo-Stiftungsrat wird voraussichtlich im Dezember 2023 \u00fcber die definitiven \u00c4nderungen entscheiden. Die aktualisierten Zewo-Standards gelten f\u00fcr alle Pr\u00fcfverfahren ab 2024.<\/p>\n","protected":false},"excerpt":{"rendered":"<p>Die Zewo aktualisiert 2023 einzelne Standards. Nehmen Sie bis am 30. Juni 2023 an der Vernehmlassung teil und bringen Sie Ihre Ansichten zu den geplanten \u00c4nderungen ein.<\/p>\n","protected":false},"author":40,"featured_media":5795907,"comment_status":"closed","ping_status":"closed","sticky":false,"template":"","format":"standard","meta":{"_acf_changed":false,"footnotes":""},"categories":[1,1860],"tags":[15876,14400,16436,16438,16437,16396],"class_list":["post-5795906","post","type-post","status-publish","format-standard","has-post-thumbnail","hentry","category-fundraising_de","category-news","tag-datenschutz","tag-fundraising","tag-spendenwerbung","tag-vernehmlassung","tag-werbung","tag-zewo-standards"],"acf":[],"yoast_head":"<!-- This site is optimized with the Yoast SEO Premium plugin v27.5 (Yoast SEO v27.5) - https:\/\/yoast.com\/product\/yoast-seo-premium-wordpress\/ -->\n<title>Zewo<\/title>\n<meta name=\"description\" content=\"Die Vernehmlassung zu punktuellen Anpassungen der Zewo-Standards ist er\u00f6ffnet. Betroffen sind die Zewo-Standards 18, 19, 20 und 21.\" \/>\n<meta name=\"robots\" content=\"index, follow, max-snippet:-1, max-image-preview:large, max-video-preview:-1\" \/>\n<link rel=\"canonical\" href=\"https:\/\/zewo.ch\/de\/news-vernehmlassung-zu-punktuellen-anpassungen-der-zewo-standards-eroffnet\/\" \/>\n<meta property=\"og:locale\" content=\"de_DE\" \/>\n<meta property=\"og:type\" content=\"article\" \/>\n<meta property=\"og:description\" content=\"Die Vernehmlassung zu punktuellen Anpassungen der Zewo-Standards ist er\u00f6ffnet. Betroffen sind die Zewo-Standards 18, 19, 20 und 21.\" \/>\n<meta property=\"og:url\" content=\"https:\/\/zewo.ch\/de\/news-vernehmlassung-zu-punktuellen-anpassungen-der-zewo-standards-eroffnet\/\" \/>\n<meta property=\"og:site_name\" content=\"Zewo\" \/>\n<meta property=\"article:publisher\" content=\"https:\/\/www.facebook.com\/Stiftung.ZEWO\/\" \/>\n<meta property=\"article:published_time\" content=\"2023-05-22T09:32:15+00:00\" \/>\n<meta property=\"article:modified_time\" content=\"2023-12-07T08:49:34+00:00\" \/>\n<meta property=\"og:image\" content=\"https:\/\/zewo.ch\/wp-content\/uploads\/2023\/05\/Bild1.png\" \/>\n\t<meta property=\"og:image:width\" content=\"585\" \/>\n\t<meta property=\"og:image:height\" content=\"235\" \/>\n\t<meta property=\"og:image:type\" content=\"image\/png\" \/>\n<meta name=\"author\" content=\"Elena Nguyen\" \/>\n<meta name=\"twitter:card\" content=\"summary_large_image\" \/>\n<meta name=\"twitter:creator\" content=\"@stiftung_zewo\" \/>\n<meta name=\"twitter:site\" content=\"@stiftung_zewo\" \/>\n<meta name=\"twitter:label1\" content=\"Verfasst von\" \/>\n\t<meta name=\"twitter:data1\" content=\"Elena Nguyen\" \/>\n\t<meta name=\"twitter:label2\" content=\"Gesch\u00e4tzte Lesezeit\" \/>\n\t<meta name=\"twitter:data2\" content=\"1\u00a0Minute\" \/>\n<script type=\"application\/ld+json\" class=\"yoast-schema-graph\">{\"@context\":\"https:\\\/\\\/schema.org\",\"@graph\":[{\"@type\":\"Article\",\"@id\":\"https:\\\/\\\/zewo.ch\\\/de\\\/news-vernehmlassung-zu-punktuellen-anpassungen-der-zewo-standards-eroffnet\\\/#article\",\"isPartOf\":{\"@id\":\"https:\\\/\\\/zewo.ch\\\/de\\\/news-vernehmlassung-zu-punktuellen-anpassungen-der-zewo-standards-eroffnet\\\/\"},\"author\":{\"name\":\"Elena Nguyen\",\"@id\":\"https:\\\/\\\/zewo.ch\\\/de\\\/#\\\/schema\\\/person\\\/2085644a18fec41e4bf4a9ca7b98436d\"},\"headline\":\"Vernehmlassung zu punktuellen Anpassungen der Zewo-Standards er\u00f6ffnet\",\"datePublished\":\"2023-05-22T09:32:15+00:00\",\"dateModified\":\"2023-12-07T08:49:34+00:00\",\"mainEntityOfPage\":{\"@id\":\"https:\\\/\\\/zewo.ch\\\/de\\\/news-vernehmlassung-zu-punktuellen-anpassungen-der-zewo-standards-eroffnet\\\/\"},\"wordCount\":170,\"publisher\":{\"@id\":\"https:\\\/\\\/zewo.ch\\\/de\\\/#organization\"},\"image\":{\"@id\":\"https:\\\/\\\/zewo.ch\\\/de\\\/news-vernehmlassung-zu-punktuellen-anpassungen-der-zewo-standards-eroffnet\\\/#primaryimage\"},\"thumbnailUrl\":\"https:\\\/\\\/zewo.ch\\\/wp-content\\\/uploads\\\/2023\\\/05\\\/Bild1.png\",\"keywords\":[\"Datenschutz\",\"Fundraising\",\"Spendenwerbung\",\"Vernehmlassung\",\"Werbung\",\"Zewo-Standards\"],\"articleSection\":[\"Fundraising\",\"News\"],\"inLanguage\":\"de\"},{\"@type\":\"WebPage\",\"@id\":\"https:\\\/\\\/zewo.ch\\\/de\\\/news-vernehmlassung-zu-punktuellen-anpassungen-der-zewo-standards-eroffnet\\\/#webpage\",\"url\":\"https:\\\/\\\/zewo.ch\\\/de\\\/news-vernehmlassung-zu-punktuellen-anpassungen-der-zewo-standards-eroffnet\\\/#webpage\",\"name\":\"\",\"isPartOf\":{\"@id\":\"https:\\\/\\\/zewo.ch\\\/de\\\/#website\"},\"primaryImageOfPage\":{\"@id\":\"https:\\\/\\\/zewo.ch\\\/de\\\/news-vernehmlassung-zu-punktuellen-anpassungen-der-zewo-standards-eroffnet\\\/#primaryimage\"},\"image\":{\"@id\":\"https:\\\/\\\/zewo.ch\\\/de\\\/news-vernehmlassung-zu-punktuellen-anpassungen-der-zewo-standards-eroffnet\\\/#primaryimage\"},\"thumbnailUrl\":\"https:\\\/\\\/zewo.ch\\\/wp-content\\\/uploads\\\/2023\\\/05\\\/Bild1.png\",\"datePublished\":\"2023-05-22T09:32:15+00:00\",\"dateModified\":\"2023-12-07T08:49:34+00:00\",\"description\":\"Die Vernehmlassung zu punktuellen Anpassungen der Zewo-Standards ist er\u00f6ffnet. Betroffen sind die Zewo-Standards 18, 19, 20 und 21.\",\"breadcrumb\":{\"@id\":\"https:\\\/\\\/zewo.ch\\\/de\\\/news-vernehmlassung-zu-punktuellen-anpassungen-der-zewo-standards-eroffnet\\\/#breadcrumb\"},\"inLanguage\":\"de\",\"potentialAction\":[{\"@type\":\"ReadAction\",\"target\":[\"https:\\\/\\\/zewo.ch\\\/de\\\/news-vernehmlassung-zu-punktuellen-anpassungen-der-zewo-standards-eroffnet\\\/\"]}]},{\"@type\":\"ImageObject\",\"inLanguage\":\"de\",\"@id\":\"https:\\\/\\\/zewo.ch\\\/de\\\/news-vernehmlassung-zu-punktuellen-anpassungen-der-zewo-standards-eroffnet\\\/#primaryimage\",\"url\":\"https:\\\/\\\/zewo.ch\\\/wp-content\\\/uploads\\\/2023\\\/05\\\/Bild1.png\",\"contentUrl\":\"https:\\\/\\\/zewo.ch\\\/wp-content\\\/uploads\\\/2023\\\/05\\\/Bild1.png\",\"width\":585,\"height\":235,\"caption\":\"Vernehmlassung Standards News\"},{\"@type\":\"BreadcrumbList\",\"@id\":\"https:\\\/\\\/zewo.ch\\\/de\\\/news-vernehmlassung-zu-punktuellen-anpassungen-der-zewo-standards-eroffnet\\\/#breadcrumb\",\"itemListElement\":[{\"@type\":\"ListItem\",\"position\":1,\"name\":\"Home\",\"item\":\"https:\\\/\\\/zewo.ch\\\/de\\\/\"},{\"@type\":\"ListItem\",\"position\":2,\"name\":\"Vernehmlassung zu punktuellen Anpassungen der Zewo-Standards er\u00f6ffnet\"}]},{\"@type\":\"WebSite\",\"@id\":\"https:\\\/\\\/zewo.ch\\\/de\\\/#website\",\"url\":\"https:\\\/\\\/zewo.ch\\\/de\\\/\",\"name\":\"Zewo\",\"description\":\"Ihre Spende in guten H\u00e4nden.\",\"publisher\":{\"@id\":\"https:\\\/\\\/zewo.ch\\\/de\\\/#organization\"},\"potentialAction\":[{\"@type\":\"SearchAction\",\"target\":{\"@type\":\"EntryPoint\",\"urlTemplate\":\"https:\\\/\\\/zewo.ch\\\/de\\\/?s={search_term_string}\"},\"query-input\":{\"@type\":\"PropertyValueSpecification\",\"valueRequired\":true,\"valueName\":\"search_term_string\"}}],\"inLanguage\":\"de\"},{\"@type\":\"Organization\",\"@id\":\"https:\\\/\\\/zewo.ch\\\/de\\\/#organization\",\"name\":\"Stiftung Zewo\",\"url\":\"https:\\\/\\\/zewo.ch\\\/de\\\/\",\"logo\":{\"@type\":\"ImageObject\",\"inLanguage\":\"de\",\"@id\":\"https:\\\/\\\/zewo.ch\\\/de\\\/#\\\/schema\\\/logo\\\/image\\\/\",\"url\":\"https:\\\/\\\/zewo.ch\\\/wp-content\\\/uploads\\\/2019\\\/08\\\/Zewo_Logo_Claim_D.svg\",\"contentUrl\":\"https:\\\/\\\/zewo.ch\\\/wp-content\\\/uploads\\\/2019\\\/08\\\/Zewo_Logo_Claim_D.svg\",\"width\":1,\"height\":1,\"caption\":\"Stiftung Zewo\"},\"image\":{\"@id\":\"https:\\\/\\\/zewo.ch\\\/de\\\/#\\\/schema\\\/logo\\\/image\\\/\"},\"sameAs\":[\"https:\\\/\\\/www.facebook.com\\\/Stiftung.ZEWO\\\/\",\"https:\\\/\\\/x.com\\\/stiftung_zewo\",\"https:\\\/\\\/www.linkedin.com\\\/company\\\/stiftung-zewo\",\"https:\\\/\\\/www.youtube.com\\\/channel\\\/UCzjsVJro12OXcvvx1LQP8tw\",\"https:\\\/\\\/de.wikipedia.org\\\/wiki\\\/Zewo\"]},{\"@type\":\"Person\",\"@id\":\"https:\\\/\\\/zewo.ch\\\/de\\\/#\\\/schema\\\/person\\\/2085644a18fec41e4bf4a9ca7b98436d\",\"name\":\"Elena Nguyen\",\"image\":{\"@type\":\"ImageObject\",\"inLanguage\":\"de\",\"@id\":\"https:\\\/\\\/secure.gravatar.com\\\/avatar\\\/760babcd5d5ebbcb115aea99579fe44a83f4ca654fd613595f197cdd58f11fd6?s=96&d=mm&r=g\",\"url\":\"https:\\\/\\\/secure.gravatar.com\\\/avatar\\\/760babcd5d5ebbcb115aea99579fe44a83f4ca654fd613595f197cdd58f11fd6?s=96&d=mm&r=g\",\"contentUrl\":\"https:\\\/\\\/secure.gravatar.com\\\/avatar\\\/760babcd5d5ebbcb115aea99579fe44a83f4ca654fd613595f197cdd58f11fd6?s=96&d=mm&r=g\",\"caption\":\"Elena Nguyen\"},\"sameAs\":[\"http:\\\/\\\/zewo.ch\"]}]}<\/script>\n<!-- \/ Yoast SEO Premium plugin. -->","yoast_head_json":{"title":"Zewo","description":"Die Vernehmlassung zu punktuellen Anpassungen der Zewo-Standards ist er\u00f6ffnet. Betroffen sind die Zewo-Standards 18, 19, 20 und 21.","robots":{"index":"index","follow":"follow","max-snippet":"max-snippet:-1","max-image-preview":"max-image-preview:large","max-video-preview":"max-video-preview:-1"},"canonical":"https:\/\/zewo.ch\/de\/news-vernehmlassung-zu-punktuellen-anpassungen-der-zewo-standards-eroffnet\/","og_locale":"de_DE","og_type":"article","og_description":"Die Vernehmlassung zu punktuellen Anpassungen der Zewo-Standards ist er\u00f6ffnet. Betroffen sind die Zewo-Standards 18, 19, 20 und 21.","og_url":"https:\/\/zewo.ch\/de\/news-vernehmlassung-zu-punktuellen-anpassungen-der-zewo-standards-eroffnet\/","og_site_name":"Zewo","article_publisher":"https:\/\/www.facebook.com\/Stiftung.ZEWO\/","article_published_time":"2023-05-22T09:32:15+00:00","article_modified_time":"2023-12-07T08:49:34+00:00","og_image":[{"width":585,"height":235,"url":"https:\/\/zewo.ch\/wp-content\/uploads\/2023\/05\/Bild1.png","type":"image\/png"}],"author":"Elena Nguyen","twitter_card":"summary_large_image","twitter_creator":"@stiftung_zewo","twitter_site":"@stiftung_zewo","twitter_misc":{"Verfasst von":"Elena Nguyen","Gesch\u00e4tzte Lesezeit":"1\u00a0Minute"},"schema":{"@context":"https:\/\/schema.org","@graph":[{"@type":"Article","@id":"https:\/\/zewo.ch\/de\/news-vernehmlassung-zu-punktuellen-anpassungen-der-zewo-standards-eroffnet\/#article","isPartOf":{"@id":"https:\/\/zewo.ch\/de\/news-vernehmlassung-zu-punktuellen-anpassungen-der-zewo-standards-eroffnet\/"},"author":{"name":"Elena Nguyen","@id":"https:\/\/zewo.ch\/de\/#\/schema\/person\/2085644a18fec41e4bf4a9ca7b98436d"},"headline":"Vernehmlassung zu punktuellen Anpassungen der Zewo-Standards er\u00f6ffnet","datePublished":"2023-05-22T09:32:15+00:00","dateModified":"2023-12-07T08:49:34+00:00","mainEntityOfPage":{"@id":"https:\/\/zewo.ch\/de\/news-vernehmlassung-zu-punktuellen-anpassungen-der-zewo-standards-eroffnet\/"},"wordCount":170,"publisher":{"@id":"https:\/\/zewo.ch\/de\/#organization"},"image":{"@id":"https:\/\/zewo.ch\/de\/news-vernehmlassung-zu-punktuellen-anpassungen-der-zewo-standards-eroffnet\/#primaryimage"},"thumbnailUrl":"https:\/\/zewo.ch\/wp-content\/uploads\/2023\/05\/Bild1.png","keywords":["Datenschutz","Fundraising","Spendenwerbung","Vernehmlassung","Werbung","Zewo-Standards"],"articleSection":["Fundraising","News"],"inLanguage":"de"},{"@type":"WebPage","@id":"https:\/\/zewo.ch\/de\/news-vernehmlassung-zu-punktuellen-anpassungen-der-zewo-standards-eroffnet\/#webpage","url":"https:\/\/zewo.ch\/de\/news-vernehmlassung-zu-punktuellen-anpassungen-der-zewo-standards-eroffnet\/#webpage","name":"","isPartOf":{"@id":"https:\/\/zewo.ch\/de\/#website"},"primaryImageOfPage":{"@id":"https:\/\/zewo.ch\/de\/news-vernehmlassung-zu-punktuellen-anpassungen-der-zewo-standards-eroffnet\/#primaryimage"},"image":{"@id":"https:\/\/zewo.ch\/de\/news-vernehmlassung-zu-punktuellen-anpassungen-der-zewo-standards-eroffnet\/#primaryimage"},"thumbnailUrl":"https:\/\/zewo.ch\/wp-content\/uploads\/2023\/05\/Bild1.png","datePublished":"2023-05-22T09:32:15+00:00","dateModified":"2023-12-07T08:49:34+00:00","description":"Die Vernehmlassung zu punktuellen Anpassungen der Zewo-Standards ist er\u00f6ffnet. Betroffen sind die Zewo-Standards 18, 19, 20 und 21.","breadcrumb":{"@id":"https:\/\/zewo.ch\/de\/news-vernehmlassung-zu-punktuellen-anpassungen-der-zewo-standards-eroffnet\/#breadcrumb"},"inLanguage":"de","potentialAction":[{"@type":"ReadAction","target":["https:\/\/zewo.ch\/de\/news-vernehmlassung-zu-punktuellen-anpassungen-der-zewo-standards-eroffnet\/"]}]},{"@type":"ImageObject","inLanguage":"de","@id":"https:\/\/zewo.ch\/de\/news-vernehmlassung-zu-punktuellen-anpassungen-der-zewo-standards-eroffnet\/#primaryimage","url":"https:\/\/zewo.ch\/wp-content\/uploads\/2023\/05\/Bild1.png","contentUrl":"https:\/\/zewo.ch\/wp-content\/uploads\/2023\/05\/Bild1.png","width":585,"height":235,"caption":"Vernehmlassung Standards News"},{"@type":"BreadcrumbList","@id":"https:\/\/zewo.ch\/de\/news-vernehmlassung-zu-punktuellen-anpassungen-der-zewo-standards-eroffnet\/#breadcrumb","itemListElement":[{"@type":"ListItem","position":1,"name":"Home","item":"https:\/\/zewo.ch\/de\/"},{"@type":"ListItem","position":2,"name":"Vernehmlassung zu punktuellen Anpassungen der Zewo-Standards er\u00f6ffnet"}]},{"@type":"WebSite","@id":"https:\/\/zewo.ch\/de\/#website","url":"https:\/\/zewo.ch\/de\/","name":"Zewo","description":"Ihre Spende in guten H\u00e4nden.","publisher":{"@id":"https:\/\/zewo.ch\/de\/#organization"},"potentialAction":[{"@type":"SearchAction","target":{"@type":"EntryPoint","urlTemplate":"https:\/\/zewo.ch\/de\/?s={search_term_string}"},"query-input":{"@type":"PropertyValueSpecification","valueRequired":true,"valueName":"search_term_string"}}],"inLanguage":"de"},{"@type":"Organization","@id":"https:\/\/zewo.ch\/de\/#organization","name":"Stiftung Zewo","url":"https:\/\/zewo.ch\/de\/","logo":{"@type":"ImageObject","inLanguage":"de","@id":"https:\/\/zewo.ch\/de\/#\/schema\/logo\/image\/","url":"https:\/\/zewo.ch\/wp-content\/uploads\/2019\/08\/Zewo_Logo_Claim_D.svg","contentUrl":"https:\/\/zewo.ch\/wp-content\/uploads\/2019\/08\/Zewo_Logo_Claim_D.svg","width":1,"height":1,"caption":"Stiftung Zewo"},"image":{"@id":"https:\/\/zewo.ch\/de\/#\/schema\/logo\/image\/"},"sameAs":["https:\/\/www.facebook.com\/Stiftung.ZEWO\/","https:\/\/x.com\/stiftung_zewo","https:\/\/www.linkedin.com\/company\/stiftung-zewo","https:\/\/www.youtube.com\/channel\/UCzjsVJro12OXcvvx1LQP8tw","https:\/\/de.wikipedia.org\/wiki\/Zewo"]},{"@type":"Person","@id":"https:\/\/zewo.ch\/de\/#\/schema\/person\/2085644a18fec41e4bf4a9ca7b98436d","name":"Elena Nguyen","image":{"@type":"ImageObject","inLanguage":"de","@id":"https:\/\/secure.gravatar.com\/avatar\/760babcd5d5ebbcb115aea99579fe44a83f4ca654fd613595f197cdd58f11fd6?s=96&d=mm&r=g","url":"https:\/\/secure.gravatar.com\/avatar\/760babcd5d5ebbcb115aea99579fe44a83f4ca654fd613595f197cdd58f11fd6?s=96&d=mm&r=g","contentUrl":"https:\/\/secure.gravatar.com\/avatar\/760babcd5d5ebbcb115aea99579fe44a83f4ca654fd613595f197cdd58f11fd6?s=96&d=mm&r=g","caption":"Elena Nguyen"},"sameAs":["http:\/\/zewo.ch"]}]}},"publishpress_future_action":{"enabled":false,"date":"2026-05-07 20:09:14","action":"change-status","newStatus":"draft","terms":[],"taxonomy":"category","extraData":[]},"publishpress_future_workflow_manual_trigger":{"enabledWorkflows":[]},"_links":{"self":[{"href":"https:\/\/zewo.ch\/de\/wp-json\/wp\/v2\/posts\/5795906","targetHints":{"allow":["GET"]}}],"collection":[{"href":"https:\/\/zewo.ch\/de\/wp-json\/wp\/v2\/posts"}],"about":[{"href":"https:\/\/zewo.ch\/de\/wp-json\/wp\/v2\/types\/post"}],"author":[{"embeddable":true,"href":"https:\/\/zewo.ch\/de\/wp-json\/wp\/v2\/users\/40"}],"replies":[{"embeddable":true,"href":"https:\/\/zewo.ch\/de\/wp-json\/wp\/v2\/comments?post=5795906"}],"version-history":[{"count":7,"href":"https:\/\/zewo.ch\/de\/wp-json\/wp\/v2\/posts\/5795906\/revisions"}],"predecessor-version":[{"id":5796140,"href":"https:\/\/zewo.ch\/de\/wp-json\/wp\/v2\/posts\/5795906\/revisions\/5796140"}],"wp:featuredmedia":[{"embeddable":true,"href":"https:\/\/zewo.ch\/de\/wp-json\/wp\/v2\/media\/5795907"}],"wp:attachment":[{"href":"https:\/\/zewo.ch\/de\/wp-json\/wp\/v2\/media?parent=5795906"}],"wp:term":[{"taxonomy":"category","embeddable":true,"href":"https:\/\/zewo.ch\/de\/wp-json\/wp\/v2\/categories?post=5795906"},{"taxonomy":"post_tag","embeddable":true,"href":"https:\/\/zewo.ch\/de\/wp-json\/wp\/v2\/tags?post=5795906"}],"curies":[{"name":"wp","href":"https:\/\/api.w.org\/{rel}","templated":true}]}}