{"id":5789208,"date":"2022-06-22T09:30:05","date_gmt":"2022-06-22T07:30:05","guid":{"rendered":"https:\/\/zewo.ch\/?p=5789208"},"modified":"2022-06-22T09:30:07","modified_gmt":"2022-06-22T07:30:07","slug":"freikirchliche-kreise-lobbyieren-gegen-deza-und-zewo","status":"publish","type":"post","link":"https:\/\/zewo.ch\/de\/freikirchliche-kreise-lobbyieren-gegen-deza-und-zewo\/","title":{"rendered":"Freikirchliche Kreise lobbyieren gegen Deza und Zewo \u2013 CH Media l\u00e4sst sich daf\u00fcr einspannen"},"content":{"rendered":"\n<p><strong>&nbsp;<\/strong><\/p>\n\n\n\n<ul class=\"wp-block-list\"><li><strong>Der Beitrag weckt den falschen Eindruck, dass die Zewo christliche Hilfswerke nicht zertifiziere. Er suggeriert, diesen entstehe dadurch ein Nachteil und sie seien deswegen unzufrieden.<\/strong><br>Richtig ist vielmehr, dass zahlreiche christliche Hilfswerke das Zewo-G\u00fctesiegel tragen. Zum Beispiel: Caritas, Heks, Heilsarmee, Fastenaktion, Schweizerischer katholischer Frauenbund, Kolping Werk, Comundo, Mission 21, Medair, Solidarit\u00e4t mit der Welt, Christlicher Friedensdienst und viele mehr. Teilweise tragen sie gleichzeitig das Ehrenkodex-Label, das die Schweizerischen Evangelischen Allianz (SEA) ins Leben gerufen hat oder waren zumindest fr\u00fcher dort dabei. Selbstverst\u00e4ndlich k\u00f6nnen sich christliche Hilfswerke von der Zewo zertifizieren lassen. Sie erhalten das Zewo-G\u00fctesiegel, wenn sie die Standards erf\u00fcllen. Anders als im Artikel unwidersprochen behauptet wird, haben sie keine M\u00fche mit einer sogenannten Religionsklausel der Zewo. Die Zewo musste kaum je eine Organisation ablehnen, weil sie \u00fcberwiegend religi\u00f6s t\u00e4tig ist.<br><\/li><li><strong>Der Beitrag stellt sich in den Dienst von einigen freikirchlichen Organisationen, die dem Ehrenkodex der Schweizerischen Evangelischen Allianz (SEA) angeschlossen sind.<\/strong><br>Viele von ihnen erf\u00fcllen die Qualit\u00e4ts-Standards der Zewo nicht. So publiziert nicht einmal der im Artikel prominent erw\u00e4hnte Verein \u00abHilfe f\u00fcr Mensch und Kirche\u00bb eine Jahresrechnung auf seiner Website, die seine finanziellen Verh\u00e4ltnisse offenlegen w\u00fcrde.<br><\/li><li><strong>Die Unterschiede zwischen einer Zewo-Zertifizierung und dem SEA-Ehrenkodex seien marginal, wird im Artikel behauptet.<\/strong> <br>Das ist eindeutig falsch. In Tat und Wahrheit sind die Unterschiede betr\u00e4chtlich. Zwar klingen einige Anforderungen \u00e4hnlich. Doch damit hat es sich dann auch. Viel wesentlicher ist n\u00e4mlich, was tats\u00e4chlich eingefordert wird. W\u00e4hrend die Zewo mit Pr\u00fcfungen und Nachkontrollen verlangt, dass zertifizierte Hilfswerke sich an alle Standards halten, begn\u00fcgt sich der Ehrenkodex damit, wenn die NGO nur 85% der m\u00f6glichen Punkte erreicht. Somit kann die NGO ausw\u00e4hlen, welche Normen sie erf\u00fcllen will und welche eben nicht. Sie muss weder zwingend eine Jahresrechnung nach Swiss GAAP FER erstellen, noch eine Revision durchf\u00fchren oder ein Kostendach einhalten. Die Liste der Beispiele liesse sich beliebig verl\u00e4ngern. Eine \u00e0 la carte Auswahl eben. Dies macht deutlich, dass eine Vielfalt von G\u00fctesiegeln das Qualit\u00e4tsniveau der NGO nicht erh\u00f6ht, sondern senkt.<br><\/li><li><strong>Der SEA-Ehrenkodex verlangt von Hilfswerken ausdr\u00fccklich einen Glaubensbezug. <\/strong><br>Als Nischenprodukt erm\u00f6glicht der Ehrenkodex auch ausgepr\u00e4gte missionarische T\u00e4tigkeiten. Die Zewo-Standards verlangen, dass Menschen unabh\u00e4ngig von ihrem Glauben Hilfe erhalten. Eine solche Formulierung sucht mach im Ehrenkodex vergebens.<br><\/li><li><strong>Dass ein Gutachten dennoch zum Schluss gekommen sein soll, der Ehrenkodex und eine Zewo-Zertifizierung seien zu 98% deckungsgleich, erstaunt doch sehr.<\/strong><br>Wenn man allerdings anf\u00fcgt, dass die Schweizerische Evangelische Allianz das Gutachten selber in Auftrag gab und dazu einen Experten w\u00e4hlte, dessen Name auch schon auf EVP-Wahllisten zu finden war, erstaunt die Aussage etwas weniger.\u00a0<br><\/li><li><strong>Der SEA-Ehrenkodex l\u00e4sst ethisch problematische 1:1-Patenschaften mit direktem Kontakt zu einem pers\u00f6nlichen Patenkind zu.<\/strong> <br>Die Zewo lehnt diesen Marketingtrick ab, ebenso wie f\u00fchrende Schweizer Hilfswerke, der Berufsverband der Fundraiserinnen und Fundraiser und die Deza. In der Schweiz setzt einzig World Vision im grossen Stil auf diese Marketingmethode, welche nicht den Zewo-Standards entspricht. World Vision ist aber auch eine der wenigen \u2013 wenn nicht die einzige \u2013 NGO, die auf zus\u00e4tzliche Bundesmillionen hoffen k\u00f6nnen, sollte die Deza den Ehrenkodex f\u00fcr ihre institutionelle Partner zulassen.\u00a0<br><\/li><li><strong>Im Parlament ist in dieser Sache die Schwiegermutter des CEOs von World Vision die treibende Kraft, Mitte-Nationalr\u00e4tin Christine Bulliard-Marbach.<\/strong> <br>Im Kontext ist dies eine nicht ganz unwesentliche Tatsache. Leider l\u00e4sst der Journalist die Leserinnen und Leser der diversen Tageszeitungen \u00fcber diese Verbindung im Dunkeln.<br><\/li><li><strong>Weder die Deza, noch Hilfswerke mit Zewo-Siegel oder die Zewo kommen im Artikel zu Wort.<\/strong> <br>Wir haben die Fragen des Journalisten ausf\u00fchrlich beantwortet. Trotzdem zitiert er weder die Zewo, noch ein Hilfswerk mit Zewo-G\u00fctesiegel oder die kritisierte Deza zu den kontroversen Punkten direkt. Umso mehr Raum erhalten die evangelikalen Vertreter, um ihre Sicht zu verbreiten und Forderungen zu erheben. Etwa Marc Jost, der gleichzeitig drei H\u00fcte tr\u00e4gt: Er ist SEA-Gesch\u00e4ftsf\u00fchrer, Stiftungsrat des Ehrenkodex sowie Pr\u00e4sident von Interaction, dem Kompetenzzentrum der SEA f\u00fcr Entwicklungszusammenarbeit. Ebenfalls im Vorstand von Interaction ist Linus Pfister, der als Gesch\u00e4ftsf\u00fchrer eines unbekannten evangelikalen Hilfswerks eine grosse Plattform f\u00fcr seine Botschaften erh\u00e4lt. Ihre Aussagen bleiben im Artikel v\u00f6llig unwidersprochen. Einseitiger geht es kaum.\u00a0<\/li><\/ul>\n\n\n\n<p>Ob dem Journalisten bewusst war, in wessen Dienst er sich da stellt oder ob er einfach zu wenig recherchiert hat, k\u00f6nnen wir nicht beurteilen.<\/p>\n","protected":false},"excerpt":{"rendered":"<p>Am 17. Juni 2022 ist der Artikel \u00abChristliche Hilfswerke im Nachteil\u00bb in mehreren Tageszeitungen von CH Media erschienen. Er ist einseitig, enth\u00e4lt Fehler und verschweigt mehr, als dass er aussagt.<\/p>\n","protected":false},"author":38,"featured_media":5789216,"comment_status":"closed","ping_status":"closed","sticky":false,"template":"","format":"standard","meta":{"_acf_changed":false,"footnotes":""},"categories":[14399,1860,1328,14956,1329],"tags":[1706,16396],"class_list":["post-5789208","post","type-post","status-publish","format-standard","has-post-thumbnail","hentry","category-kommunikation","category-news","category-studien","category-tipps","category-vermischtes","tag-zewo-npo","tag-zewo-standards"],"acf":[],"yoast_head":"<!-- This site is optimized with the Yoast SEO Premium plugin v27.5 (Yoast SEO v27.5) - https:\/\/yoast.com\/product\/yoast-seo-premium-wordpress\/ -->\n<title>Zewo<\/title>\n<meta name=\"description\" content=\"Ein Artikel der CH Media sorgt f\u00fcr Aufruhr. Er ist einseitig, enth\u00e4lt Fehler und verschweigt mehr, als dass er aussagt.\" \/>\n<meta name=\"robots\" content=\"index, follow, max-snippet:-1, max-image-preview:large, max-video-preview:-1\" \/>\n<link rel=\"canonical\" href=\"https:\/\/zewo.ch\/de\/freikirchliche-kreise-lobbyieren-gegen-deza-und-zewo\/\" \/>\n<meta property=\"og:locale\" content=\"de_DE\" \/>\n<meta property=\"og:type\" content=\"article\" \/>\n<meta property=\"og:description\" content=\"Ein Artikel der CH Media sorgt f\u00fcr Aufruhr. Er ist einseitig, enth\u00e4lt Fehler und verschweigt mehr, als dass er aussagt.\" \/>\n<meta property=\"og:url\" content=\"https:\/\/zewo.ch\/de\/freikirchliche-kreise-lobbyieren-gegen-deza-und-zewo\/\" \/>\n<meta property=\"og:site_name\" content=\"Zewo\" \/>\n<meta property=\"article:publisher\" content=\"https:\/\/www.facebook.com\/Stiftung.ZEWO\/\" \/>\n<meta property=\"article:published_time\" content=\"2022-06-22T07:30:05+00:00\" \/>\n<meta property=\"article:modified_time\" content=\"2022-06-22T07:30:07+00:00\" \/>\n<meta property=\"og:image\" content=\"https:\/\/zewo.ch\/wp-content\/uploads\/2022\/06\/news-zewo-210622.jpg\" \/>\n\t<meta property=\"og:image:width\" content=\"1200\" \/>\n\t<meta property=\"og:image:height\" content=\"600\" \/>\n\t<meta property=\"og:image:type\" content=\"image\/jpeg\" \/>\n<meta name=\"author\" content=\"Maja Gloor\" \/>\n<meta name=\"twitter:card\" content=\"summary_large_image\" \/>\n<meta name=\"twitter:creator\" content=\"@stiftung_zewo\" \/>\n<meta name=\"twitter:site\" content=\"@stiftung_zewo\" \/>\n<meta name=\"twitter:label1\" content=\"Verfasst von\" \/>\n\t<meta name=\"twitter:data1\" content=\"Maja Gloor\" \/>\n\t<meta name=\"twitter:label2\" content=\"Gesch\u00e4tzte Lesezeit\" \/>\n\t<meta name=\"twitter:data2\" content=\"3\u00a0Minuten\" \/>\n<script type=\"application\/ld+json\" class=\"yoast-schema-graph\">{\"@context\":\"https:\\\/\\\/schema.org\",\"@graph\":[{\"@type\":\"Article\",\"@id\":\"https:\\\/\\\/zewo.ch\\\/de\\\/freikirchliche-kreise-lobbyieren-gegen-deza-und-zewo\\\/#article\",\"isPartOf\":{\"@id\":\"https:\\\/\\\/zewo.ch\\\/de\\\/freikirchliche-kreise-lobbyieren-gegen-deza-und-zewo\\\/\"},\"author\":{\"name\":\"Maja Gloor\",\"@id\":\"https:\\\/\\\/zewo.ch\\\/de\\\/#\\\/schema\\\/person\\\/5cf31137a255c852ba66f794541c3f8f\"},\"headline\":\"Freikirchliche Kreise lobbyieren gegen Deza und Zewo \u2013 CH Media l\u00e4sst sich daf\u00fcr einspannen\",\"datePublished\":\"2022-06-22T07:30:05+00:00\",\"dateModified\":\"2022-06-22T07:30:07+00:00\",\"mainEntityOfPage\":{\"@id\":\"https:\\\/\\\/zewo.ch\\\/de\\\/freikirchliche-kreise-lobbyieren-gegen-deza-und-zewo\\\/\"},\"wordCount\":753,\"publisher\":{\"@id\":\"https:\\\/\\\/zewo.ch\\\/de\\\/#organization\"},\"image\":{\"@id\":\"https:\\\/\\\/zewo.ch\\\/de\\\/freikirchliche-kreise-lobbyieren-gegen-deza-und-zewo\\\/#primaryimage\"},\"thumbnailUrl\":\"https:\\\/\\\/zewo.ch\\\/wp-content\\\/uploads\\\/2022\\\/06\\\/news-zewo-210622.jpg\",\"keywords\":[\"Zewo-NPO\",\"Zewo-Standards\"],\"articleSection\":[\"Kommunikation\",\"News\",\"Studien\",\"Tipps\",\"Vermischtes\"],\"inLanguage\":\"de\"},{\"@type\":\"WebPage\",\"@id\":\"https:\\\/\\\/zewo.ch\\\/de\\\/freikirchliche-kreise-lobbyieren-gegen-deza-und-zewo\\\/#webpage\",\"url\":\"https:\\\/\\\/zewo.ch\\\/de\\\/freikirchliche-kreise-lobbyieren-gegen-deza-und-zewo\\\/#webpage\",\"name\":\"\",\"isPartOf\":{\"@id\":\"https:\\\/\\\/zewo.ch\\\/de\\\/#website\"},\"primaryImageOfPage\":{\"@id\":\"https:\\\/\\\/zewo.ch\\\/de\\\/freikirchliche-kreise-lobbyieren-gegen-deza-und-zewo\\\/#primaryimage\"},\"image\":{\"@id\":\"https:\\\/\\\/zewo.ch\\\/de\\\/freikirchliche-kreise-lobbyieren-gegen-deza-und-zewo\\\/#primaryimage\"},\"thumbnailUrl\":\"https:\\\/\\\/zewo.ch\\\/wp-content\\\/uploads\\\/2022\\\/06\\\/news-zewo-210622.jpg\",\"datePublished\":\"2022-06-22T07:30:05+00:00\",\"dateModified\":\"2022-06-22T07:30:07+00:00\",\"description\":\"Ein Artikel der CH Media sorgt f\u00fcr Aufruhr. Er ist einseitig, enth\u00e4lt Fehler und verschweigt mehr, als dass er aussagt.\",\"breadcrumb\":{\"@id\":\"https:\\\/\\\/zewo.ch\\\/de\\\/freikirchliche-kreise-lobbyieren-gegen-deza-und-zewo\\\/#breadcrumb\"},\"inLanguage\":\"de\",\"potentialAction\":[{\"@type\":\"ReadAction\",\"target\":[\"https:\\\/\\\/zewo.ch\\\/de\\\/freikirchliche-kreise-lobbyieren-gegen-deza-und-zewo\\\/\"]}]},{\"@type\":\"ImageObject\",\"inLanguage\":\"de\",\"@id\":\"https:\\\/\\\/zewo.ch\\\/de\\\/freikirchliche-kreise-lobbyieren-gegen-deza-und-zewo\\\/#primaryimage\",\"url\":\"https:\\\/\\\/zewo.ch\\\/wp-content\\\/uploads\\\/2022\\\/06\\\/news-zewo-210622.jpg\",\"contentUrl\":\"https:\\\/\\\/zewo.ch\\\/wp-content\\\/uploads\\\/2022\\\/06\\\/news-zewo-210622.jpg\",\"width\":1200,\"height\":600,\"caption\":\"Zewo-News-210622\"},{\"@type\":\"BreadcrumbList\",\"@id\":\"https:\\\/\\\/zewo.ch\\\/de\\\/freikirchliche-kreise-lobbyieren-gegen-deza-und-zewo\\\/#breadcrumb\",\"itemListElement\":[{\"@type\":\"ListItem\",\"position\":1,\"name\":\"Home\",\"item\":\"https:\\\/\\\/zewo.ch\\\/de\\\/\"},{\"@type\":\"ListItem\",\"position\":2,\"name\":\"Freikirchliche Kreise lobbyieren gegen Deza und Zewo \u2013 CH Media l\u00e4sst sich daf\u00fcr einspannen\"}]},{\"@type\":\"WebSite\",\"@id\":\"https:\\\/\\\/zewo.ch\\\/de\\\/#website\",\"url\":\"https:\\\/\\\/zewo.ch\\\/de\\\/\",\"name\":\"Zewo\",\"description\":\"Ihre Spende in guten H\u00e4nden.\",\"publisher\":{\"@id\":\"https:\\\/\\\/zewo.ch\\\/de\\\/#organization\"},\"potentialAction\":[{\"@type\":\"SearchAction\",\"target\":{\"@type\":\"EntryPoint\",\"urlTemplate\":\"https:\\\/\\\/zewo.ch\\\/de\\\/?s={search_term_string}\"},\"query-input\":{\"@type\":\"PropertyValueSpecification\",\"valueRequired\":true,\"valueName\":\"search_term_string\"}}],\"inLanguage\":\"de\"},{\"@type\":\"Organization\",\"@id\":\"https:\\\/\\\/zewo.ch\\\/de\\\/#organization\",\"name\":\"Stiftung Zewo\",\"url\":\"https:\\\/\\\/zewo.ch\\\/de\\\/\",\"logo\":{\"@type\":\"ImageObject\",\"inLanguage\":\"de\",\"@id\":\"https:\\\/\\\/zewo.ch\\\/de\\\/#\\\/schema\\\/logo\\\/image\\\/\",\"url\":\"https:\\\/\\\/zewo.ch\\\/wp-content\\\/uploads\\\/2019\\\/08\\\/Zewo_Logo_Claim_D.svg\",\"contentUrl\":\"https:\\\/\\\/zewo.ch\\\/wp-content\\\/uploads\\\/2019\\\/08\\\/Zewo_Logo_Claim_D.svg\",\"width\":1,\"height\":1,\"caption\":\"Stiftung Zewo\"},\"image\":{\"@id\":\"https:\\\/\\\/zewo.ch\\\/de\\\/#\\\/schema\\\/logo\\\/image\\\/\"},\"sameAs\":[\"https:\\\/\\\/www.facebook.com\\\/Stiftung.ZEWO\\\/\",\"https:\\\/\\\/x.com\\\/stiftung_zewo\",\"https:\\\/\\\/www.linkedin.com\\\/company\\\/stiftung-zewo\",\"https:\\\/\\\/www.youtube.com\\\/channel\\\/UCzjsVJro12OXcvvx1LQP8tw\",\"https:\\\/\\\/de.wikipedia.org\\\/wiki\\\/Zewo\"]},{\"@type\":\"Person\",\"@id\":\"https:\\\/\\\/zewo.ch\\\/de\\\/#\\\/schema\\\/person\\\/5cf31137a255c852ba66f794541c3f8f\",\"name\":\"Maja Gloor\",\"image\":{\"@type\":\"ImageObject\",\"inLanguage\":\"de\",\"@id\":\"https:\\\/\\\/secure.gravatar.com\\\/avatar\\\/433bbbc6f9ae2f3d867b9b184d8b32145a34edb2acdc04b544aa2d6023aaa24d?s=96&d=mm&r=g\",\"url\":\"https:\\\/\\\/secure.gravatar.com\\\/avatar\\\/433bbbc6f9ae2f3d867b9b184d8b32145a34edb2acdc04b544aa2d6023aaa24d?s=96&d=mm&r=g\",\"contentUrl\":\"https:\\\/\\\/secure.gravatar.com\\\/avatar\\\/433bbbc6f9ae2f3d867b9b184d8b32145a34edb2acdc04b544aa2d6023aaa24d?s=96&d=mm&r=g\",\"caption\":\"Maja Gloor\"},\"sameAs\":[\"https:\\\/\\\/www.zewo.ch\\\/\"]}]}<\/script>\n<!-- \/ Yoast SEO Premium plugin. -->","yoast_head_json":{"title":"Zewo","description":"Ein Artikel der CH Media sorgt f\u00fcr Aufruhr. Er ist einseitig, enth\u00e4lt Fehler und verschweigt mehr, als dass er aussagt.","robots":{"index":"index","follow":"follow","max-snippet":"max-snippet:-1","max-image-preview":"max-image-preview:large","max-video-preview":"max-video-preview:-1"},"canonical":"https:\/\/zewo.ch\/de\/freikirchliche-kreise-lobbyieren-gegen-deza-und-zewo\/","og_locale":"de_DE","og_type":"article","og_description":"Ein Artikel der CH Media sorgt f\u00fcr Aufruhr. Er ist einseitig, enth\u00e4lt Fehler und verschweigt mehr, als dass er aussagt.","og_url":"https:\/\/zewo.ch\/de\/freikirchliche-kreise-lobbyieren-gegen-deza-und-zewo\/","og_site_name":"Zewo","article_publisher":"https:\/\/www.facebook.com\/Stiftung.ZEWO\/","article_published_time":"2022-06-22T07:30:05+00:00","article_modified_time":"2022-06-22T07:30:07+00:00","og_image":[{"width":1200,"height":600,"url":"https:\/\/zewo.ch\/wp-content\/uploads\/2022\/06\/news-zewo-210622.jpg","type":"image\/jpeg"}],"author":"Maja Gloor","twitter_card":"summary_large_image","twitter_creator":"@stiftung_zewo","twitter_site":"@stiftung_zewo","twitter_misc":{"Verfasst von":"Maja Gloor","Gesch\u00e4tzte Lesezeit":"3\u00a0Minuten"},"schema":{"@context":"https:\/\/schema.org","@graph":[{"@type":"Article","@id":"https:\/\/zewo.ch\/de\/freikirchliche-kreise-lobbyieren-gegen-deza-und-zewo\/#article","isPartOf":{"@id":"https:\/\/zewo.ch\/de\/freikirchliche-kreise-lobbyieren-gegen-deza-und-zewo\/"},"author":{"name":"Maja Gloor","@id":"https:\/\/zewo.ch\/de\/#\/schema\/person\/5cf31137a255c852ba66f794541c3f8f"},"headline":"Freikirchliche Kreise lobbyieren gegen Deza und Zewo \u2013 CH Media l\u00e4sst sich daf\u00fcr einspannen","datePublished":"2022-06-22T07:30:05+00:00","dateModified":"2022-06-22T07:30:07+00:00","mainEntityOfPage":{"@id":"https:\/\/zewo.ch\/de\/freikirchliche-kreise-lobbyieren-gegen-deza-und-zewo\/"},"wordCount":753,"publisher":{"@id":"https:\/\/zewo.ch\/de\/#organization"},"image":{"@id":"https:\/\/zewo.ch\/de\/freikirchliche-kreise-lobbyieren-gegen-deza-und-zewo\/#primaryimage"},"thumbnailUrl":"https:\/\/zewo.ch\/wp-content\/uploads\/2022\/06\/news-zewo-210622.jpg","keywords":["Zewo-NPO","Zewo-Standards"],"articleSection":["Kommunikation","News","Studien","Tipps","Vermischtes"],"inLanguage":"de"},{"@type":"WebPage","@id":"https:\/\/zewo.ch\/de\/freikirchliche-kreise-lobbyieren-gegen-deza-und-zewo\/#webpage","url":"https:\/\/zewo.ch\/de\/freikirchliche-kreise-lobbyieren-gegen-deza-und-zewo\/#webpage","name":"","isPartOf":{"@id":"https:\/\/zewo.ch\/de\/#website"},"primaryImageOfPage":{"@id":"https:\/\/zewo.ch\/de\/freikirchliche-kreise-lobbyieren-gegen-deza-und-zewo\/#primaryimage"},"image":{"@id":"https:\/\/zewo.ch\/de\/freikirchliche-kreise-lobbyieren-gegen-deza-und-zewo\/#primaryimage"},"thumbnailUrl":"https:\/\/zewo.ch\/wp-content\/uploads\/2022\/06\/news-zewo-210622.jpg","datePublished":"2022-06-22T07:30:05+00:00","dateModified":"2022-06-22T07:30:07+00:00","description":"Ein Artikel der CH Media sorgt f\u00fcr Aufruhr. Er ist einseitig, enth\u00e4lt Fehler und verschweigt mehr, als dass er aussagt.","breadcrumb":{"@id":"https:\/\/zewo.ch\/de\/freikirchliche-kreise-lobbyieren-gegen-deza-und-zewo\/#breadcrumb"},"inLanguage":"de","potentialAction":[{"@type":"ReadAction","target":["https:\/\/zewo.ch\/de\/freikirchliche-kreise-lobbyieren-gegen-deza-und-zewo\/"]}]},{"@type":"ImageObject","inLanguage":"de","@id":"https:\/\/zewo.ch\/de\/freikirchliche-kreise-lobbyieren-gegen-deza-und-zewo\/#primaryimage","url":"https:\/\/zewo.ch\/wp-content\/uploads\/2022\/06\/news-zewo-210622.jpg","contentUrl":"https:\/\/zewo.ch\/wp-content\/uploads\/2022\/06\/news-zewo-210622.jpg","width":1200,"height":600,"caption":"Zewo-News-210622"},{"@type":"BreadcrumbList","@id":"https:\/\/zewo.ch\/de\/freikirchliche-kreise-lobbyieren-gegen-deza-und-zewo\/#breadcrumb","itemListElement":[{"@type":"ListItem","position":1,"name":"Home","item":"https:\/\/zewo.ch\/de\/"},{"@type":"ListItem","position":2,"name":"Freikirchliche Kreise lobbyieren gegen Deza und Zewo \u2013 CH Media l\u00e4sst sich daf\u00fcr einspannen"}]},{"@type":"WebSite","@id":"https:\/\/zewo.ch\/de\/#website","url":"https:\/\/zewo.ch\/de\/","name":"Zewo","description":"Ihre Spende in guten H\u00e4nden.","publisher":{"@id":"https:\/\/zewo.ch\/de\/#organization"},"potentialAction":[{"@type":"SearchAction","target":{"@type":"EntryPoint","urlTemplate":"https:\/\/zewo.ch\/de\/?s={search_term_string}"},"query-input":{"@type":"PropertyValueSpecification","valueRequired":true,"valueName":"search_term_string"}}],"inLanguage":"de"},{"@type":"Organization","@id":"https:\/\/zewo.ch\/de\/#organization","name":"Stiftung Zewo","url":"https:\/\/zewo.ch\/de\/","logo":{"@type":"ImageObject","inLanguage":"de","@id":"https:\/\/zewo.ch\/de\/#\/schema\/logo\/image\/","url":"https:\/\/zewo.ch\/wp-content\/uploads\/2019\/08\/Zewo_Logo_Claim_D.svg","contentUrl":"https:\/\/zewo.ch\/wp-content\/uploads\/2019\/08\/Zewo_Logo_Claim_D.svg","width":1,"height":1,"caption":"Stiftung Zewo"},"image":{"@id":"https:\/\/zewo.ch\/de\/#\/schema\/logo\/image\/"},"sameAs":["https:\/\/www.facebook.com\/Stiftung.ZEWO\/","https:\/\/x.com\/stiftung_zewo","https:\/\/www.linkedin.com\/company\/stiftung-zewo","https:\/\/www.youtube.com\/channel\/UCzjsVJro12OXcvvx1LQP8tw","https:\/\/de.wikipedia.org\/wiki\/Zewo"]},{"@type":"Person","@id":"https:\/\/zewo.ch\/de\/#\/schema\/person\/5cf31137a255c852ba66f794541c3f8f","name":"Maja Gloor","image":{"@type":"ImageObject","inLanguage":"de","@id":"https:\/\/secure.gravatar.com\/avatar\/433bbbc6f9ae2f3d867b9b184d8b32145a34edb2acdc04b544aa2d6023aaa24d?s=96&d=mm&r=g","url":"https:\/\/secure.gravatar.com\/avatar\/433bbbc6f9ae2f3d867b9b184d8b32145a34edb2acdc04b544aa2d6023aaa24d?s=96&d=mm&r=g","contentUrl":"https:\/\/secure.gravatar.com\/avatar\/433bbbc6f9ae2f3d867b9b184d8b32145a34edb2acdc04b544aa2d6023aaa24d?s=96&d=mm&r=g","caption":"Maja Gloor"},"sameAs":["https:\/\/www.zewo.ch\/"]}]}},"publishpress_future_action":{"enabled":false,"date":"2026-05-08 06:50:12","action":"change-status","newStatus":"draft","terms":[],"taxonomy":"category","extraData":[]},"publishpress_future_workflow_manual_trigger":{"enabledWorkflows":[]},"_links":{"self":[{"href":"https:\/\/zewo.ch\/de\/wp-json\/wp\/v2\/posts\/5789208","targetHints":{"allow":["GET"]}}],"collection":[{"href":"https:\/\/zewo.ch\/de\/wp-json\/wp\/v2\/posts"}],"about":[{"href":"https:\/\/zewo.ch\/de\/wp-json\/wp\/v2\/types\/post"}],"author":[{"embeddable":true,"href":"https:\/\/zewo.ch\/de\/wp-json\/wp\/v2\/users\/38"}],"replies":[{"embeddable":true,"href":"https:\/\/zewo.ch\/de\/wp-json\/wp\/v2\/comments?post=5789208"}],"version-history":[{"count":10,"href":"https:\/\/zewo.ch\/de\/wp-json\/wp\/v2\/posts\/5789208\/revisions"}],"predecessor-version":[{"id":5789226,"href":"https:\/\/zewo.ch\/de\/wp-json\/wp\/v2\/posts\/5789208\/revisions\/5789226"}],"wp:featuredmedia":[{"embeddable":true,"href":"https:\/\/zewo.ch\/de\/wp-json\/wp\/v2\/media\/5789216"}],"wp:attachment":[{"href":"https:\/\/zewo.ch\/de\/wp-json\/wp\/v2\/media?parent=5789208"}],"wp:term":[{"taxonomy":"category","embeddable":true,"href":"https:\/\/zewo.ch\/de\/wp-json\/wp\/v2\/categories?post=5789208"},{"taxonomy":"post_tag","embeddable":true,"href":"https:\/\/zewo.ch\/de\/wp-json\/wp\/v2\/tags?post=5789208"}],"curies":[{"name":"wp","href":"https:\/\/api.w.org\/{rel}","templated":true}]}}