{"id":4619862,"date":"2018-03-31T09:00:00","date_gmt":"2018-03-31T07:00:00","guid":{"rendered":"https:\/\/zewo.ch\/?p=4619862"},"modified":"2021-01-05T14:04:55","modified_gmt":"2021-01-05T13:04:55","slug":"news-zewoforum-01-2018","status":"publish","type":"post","link":"https:\/\/zewo.ch\/de\/news-zewoforum-01-2018\/","title":{"rendered":"Zewoforum 01_2018"},"content":{"rendered":"\n<p>Fruchtbarer Boden, viel Sonne und ab und zu etwas Regen \u2013 schon wachsen die Tomaten im Garten. Die Erdbeeren reifen und der Salat spriesst. Wer einen gr\u00fcnen Daumen hat, weiss, wieviel Arbeit dahintersteckt: Erde umgegraben, anpflanzen, Unkraut j\u00e4ten. Zarte Setzlinge in kalten&nbsp;N\u00e4chten vor dem Frost sch\u00fctzen. An heissen Tagen f\u00fcr Schatten sorgen, giessen und massvoll d\u00fcngen. Ebenso m\u00fchsam wie unerl\u00e4sslich ist der stete Kampf gegen Schnecken, Blattl\u00e4use und K\u00e4fer, die es auf die Bl\u00e4tter, Knospen und die Wurzeln abgesehen und haben. Kurz: Ein prachtvoller&nbsp;Garten will gepflegt sein. \u00c4hnlich ist es mit der Kultur des Spendens.<\/p>\n\n\n\n<h2 class=\"wp-block-heading\">Kultur des Spendens ergr\u00fcnden<\/h2>\n\n\n\n<p>Die Schweiz geh\u00f6rt weltweit zu den f\u00fchrenden Nationen punkto Spenden. Umso mehr heisst es: Sorge tragen und die Kultur des Spendens pflegen.\u00a0An der\u00a0Zewo-Tagung vom 4. September\u00a0gehen wir dieser Kultur auf den Grund. Ethik-Professor Markus -Huppenbauer beleuchtet die Solidarit\u00e4t unserer Gesellschaft. Neuromarketing-Experte Hans-Georg H\u00e4usel blickt ins Hirn von Spendenden. Und der Verhaltens\u00f6konom, Gerhard Fehr, lotet den Einsatz und die Grenzen sanfter Stupser aus. Den Blick in die Zukunft wagt Toni Caradonna. Der Autor des ersten Smart-Contracts f\u00fcr die UNO zeigt, wie Blockchain die Welt der NPO und die\u00a0Kultur des Spendens revolutioniert. <\/p>\n\n\n\n<h2 class=\"wp-block-heading\">Wie steht es um die Verg\u00fctungen?<\/h2>\n\n\n\n<p>Wenn es um das Vertrauen der Spenderinnen und Spender geht, sind hohe Verg\u00fctungen von Vorstand, Stiftungsrat oder Gesch\u00e4ftsleitung besonders sensibel. Die neuste Studie der Zewo zeigt, dass sich die meisten NPO dieser Verantwortung bewusst sind. Mehr als 60 Prozent der&nbsp;Stiftungsr\u00e4te und Vorst\u00e4nde sind rein ehrenamtlich t\u00e4tig. Werden Verg\u00fctungen entrichtet, sind diese in der Regel moderat. Nur wenige schwingen oben aus. Einblick in die Studie erhalten Sie im Beitrag. <\/p>\n\n\n\n<pre class=\"wp-block-preformatted\"><style>.embed-container { position: relative; padding-bottom:56.25%; height:0; overflow: hidden; max-width: 100%; } .embed-container iframe, .embed-container object, .embed-container embed { position: absolute; top: 0; left: 0; width: 100%; height: 100%;}<\/style><div class=\"embed-container\" data-page-width=\"452\" data-page-height=\"640\" id=\"ypembedcontainer\"><iframe src=\"https:\/\/www.yumpu.com\/xx\/embed\/view\/oThiQWNFBMr3U41c\" allowfullscreen=\"true\" allowtransparency=\"true\" frameborder=\"0\"><\/iframe><\/div><script src=\"https:\/\/players.yumpu.com\/modules\/embed\/yp_r_iframe.js\"><\/script><\/pre>\n\n\n\n<h2 class=\"wp-block-heading\">Inhalt 01.2018<\/h2>\n\n\n\n<ul class=\"wp-block-list\"><li><strong>Blick ins Hirn, sanfte Stupser und Blockchain f\u00fcr NPO<\/strong><br>Zewo-Tagung 2018 mit Top-Referaten rund ums Spenden moderiert von Ladina Spiess<\/li><li><strong>60 Prozent der Vorst\u00e4nde und Stiftungsr\u00e4te ohne Bez\u00fcge<\/strong><br>Zewo-Studie zeigt: viel ehrenamtliches Engagement in Schweizer Hilfswerken<\/li><li><strong>Legate f\u00fcr Hilfswerke mit Zewo-G\u00fctesiegel<\/strong><br>Dein Adieu.ch bietet zertifizierten NPO neuen Service<\/li><li><strong>Wer tr\u00e4gt neu das Zewo-G\u00fctesiegel \u2013 wer nicht mehr?<\/strong><br>Jetzt Zewo-Jahresbericht 2017 online bl\u00e4ttern<\/li><\/ul>\n\n\n\n<ul class=\"list-icons wp-block-list\"><li><a rel=\"noreferrer noopener\" href=\"https:\/\/zewo.ch\/wp-content\/uploads\/2019\/08\/zewoforum-01-2018-D.pdf\" target=\"_blank\">Zewoforum 01_2018<\/a><\/li><\/ul>\n","protected":false},"excerpt":{"rendered":"<p>Spendenkultur pflegen<\/p>\n","protected":false},"author":7,"featured_media":4620388,"comment_status":"closed","ping_status":"closed","sticky":false,"template":"","format":"standard","meta":{"_acf_changed":false,"footnotes":""},"categories":[1311,1327,1,1860],"tags":[2043,290,15812,1706,4642],"class_list":["post-4619862","post","type-post","status-publish","format-standard","has-post-thumbnail","hentry","category-finanzen","category-fuehrung-organisation","category-fundraising_de","category-news","tag-npo-mit-guetesiegel","tag-spenden","tag-spendenverstaerker","tag-zewo-npo","tag-zewoforum"],"acf":[],"yoast_head":"<!-- This site is optimized with the Yoast SEO Premium plugin v26.0 (Yoast SEO v26.0) - https:\/\/yoast.com\/wordpress\/plugins\/seo\/ -->\n<title>Zewo<\/title>\n<meta name=\"description\" content=\"Die Schweiz geh\u00f6rt weltweit zu den f\u00fchrenden Nationen punkto Spenden. Umso mehr heisst es: Sorge tragen und die Kultur des Spendens pflegen.\" \/>\n<meta name=\"robots\" content=\"index, follow, max-snippet:-1, max-image-preview:large, max-video-preview:-1\" \/>\n<link rel=\"canonical\" href=\"https:\/\/zewo.ch\/de\/news-zewoforum-01-2018\/\" \/>\n<meta property=\"og:locale\" content=\"de_DE\" \/>\n<meta property=\"og:type\" content=\"article\" \/>\n<meta property=\"og:description\" content=\"Die Schweiz geh\u00f6rt weltweit zu den f\u00fchrenden Nationen punkto Spenden. Umso mehr heisst es: Sorge tragen und die Kultur des Spendens pflegen.\" \/>\n<meta property=\"og:url\" content=\"https:\/\/zewo.ch\/de\/news-zewoforum-01-2018\/\" \/>\n<meta property=\"og:site_name\" content=\"Zewo\" \/>\n<meta property=\"article:publisher\" content=\"https:\/\/www.facebook.com\/Stiftung.ZEWO\/\" \/>\n<meta property=\"article:published_time\" content=\"2018-03-31T07:00:00+00:00\" \/>\n<meta property=\"article:modified_time\" content=\"2021-01-05T13:04:55+00:00\" \/>\n<meta property=\"og:image\" content=\"https:\/\/zewo.ch\/wp-content\/uploads\/2020\/12\/Zewoforum-DE-2018_1.jpg\" \/>\n\t<meta property=\"og:image:width\" content=\"1200\" \/>\n\t<meta property=\"og:image:height\" content=\"600\" \/>\n\t<meta property=\"og:image:type\" content=\"image\/jpeg\" \/>\n<meta name=\"author\" content=\"Martina Ziegerer\" \/>\n<meta name=\"twitter:card\" content=\"summary_large_image\" \/>\n<meta name=\"twitter:creator\" content=\"@stiftung_zewo\" \/>\n<meta name=\"twitter:site\" content=\"@stiftung_zewo\" \/>\n<meta name=\"twitter:label1\" content=\"Verfasst von\" \/>\n\t<meta name=\"twitter:data1\" content=\"Martina Ziegerer\" \/>\n\t<meta name=\"twitter:label2\" content=\"Gesch\u00e4tzte Lesezeit\" \/>\n\t<meta name=\"twitter:data2\" content=\"2\u00a0Minuten\" \/>\n<script type=\"application\/ld+json\" class=\"yoast-schema-graph\">{\"@context\":\"https:\/\/schema.org\",\"@graph\":[{\"@type\":\"Article\",\"@id\":\"https:\/\/zewo.ch\/de\/news-zewoforum-01-2018\/#article\",\"isPartOf\":{\"@id\":\"https:\/\/zewo.ch\/de\/news-zewoforum-01-2018\/\"},\"author\":{\"name\":\"Martina Ziegerer\",\"@id\":\"https:\/\/zewo.ch\/de\/#\/schema\/person\/96b10222a0cd263eca56b23cdad51c90\"},\"headline\":\"Zewoforum 01_2018\",\"datePublished\":\"2018-03-31T07:00:00+00:00\",\"dateModified\":\"2021-01-05T13:04:55+00:00\",\"mainEntityOfPage\":{\"@id\":\"https:\/\/zewo.ch\/de\/news-zewoforum-01-2018\/\"},\"wordCount\":366,\"publisher\":{\"@id\":\"https:\/\/zewo.ch\/de\/#organization\"},\"image\":{\"@id\":\"https:\/\/zewo.ch\/de\/news-zewoforum-01-2018\/#primaryimage\"},\"thumbnailUrl\":\"https:\/\/zewo.ch\/wp-content\/uploads\/2020\/12\/Zewoforum-DE-2018_1.jpg\",\"keywords\":[\"NPO mit G\u00fctesiegel\",\"Spenden\",\"Spendenverst\u00e4rker\",\"Zewo-NPO\",\"Zewoforum\"],\"articleSection\":[\"Finanzen\",\"F\u00fchrung &amp; Organisation\",\"Fundraising\",\"News\"],\"inLanguage\":\"de\"},{\"@type\":\"WebPage\",\"@id\":\"https:\/\/zewo.ch\/de\/news-zewoforum-01-2018\/#webpage\",\"url\":\"https:\/\/zewo.ch\/de\/news-zewoforum-01-2018\/#webpage\",\"name\":\"\",\"isPartOf\":{\"@id\":\"https:\/\/zewo.ch\/de\/#website\"},\"primaryImageOfPage\":{\"@id\":\"https:\/\/zewo.ch\/de\/news-zewoforum-01-2018\/#primaryimage\"},\"image\":{\"@id\":\"https:\/\/zewo.ch\/de\/news-zewoforum-01-2018\/#primaryimage\"},\"thumbnailUrl\":\"https:\/\/zewo.ch\/wp-content\/uploads\/2020\/12\/Zewoforum-DE-2018_1.jpg\",\"datePublished\":\"2018-03-31T07:00:00+00:00\",\"dateModified\":\"2021-01-05T13:04:55+00:00\",\"description\":\"Die Schweiz geh\u00f6rt weltweit zu den f\u00fchrenden Nationen punkto Spenden. Umso mehr heisst es: Sorge tragen und die Kultur des Spendens pflegen.\",\"breadcrumb\":{\"@id\":\"https:\/\/zewo.ch\/de\/news-zewoforum-01-2018\/#breadcrumb\"},\"inLanguage\":\"de\",\"potentialAction\":[{\"@type\":\"ReadAction\",\"target\":[\"https:\/\/zewo.ch\/de\/news-zewoforum-01-2018\/\"]}]},{\"@type\":\"ImageObject\",\"inLanguage\":\"de\",\"@id\":\"https:\/\/zewo.ch\/de\/news-zewoforum-01-2018\/#primaryimage\",\"url\":\"https:\/\/zewo.ch\/wp-content\/uploads\/2020\/12\/Zewoforum-DE-2018_1.jpg\",\"contentUrl\":\"https:\/\/zewo.ch\/wp-content\/uploads\/2020\/12\/Zewoforum-DE-2018_1.jpg\",\"width\":1200,\"height\":600},{\"@type\":\"BreadcrumbList\",\"@id\":\"https:\/\/zewo.ch\/de\/news-zewoforum-01-2018\/#breadcrumb\",\"itemListElement\":[{\"@type\":\"ListItem\",\"position\":1,\"name\":\"Home\",\"item\":\"https:\/\/zewo.ch\/de\/\"},{\"@type\":\"ListItem\",\"position\":2,\"name\":\"Zewoforum 01_2018\"}]},{\"@type\":\"WebSite\",\"@id\":\"https:\/\/zewo.ch\/de\/#website\",\"url\":\"https:\/\/zewo.ch\/de\/\",\"name\":\"Zewo\",\"description\":\"Ihre Spende in guten H\u00e4nden.\",\"publisher\":{\"@id\":\"https:\/\/zewo.ch\/de\/#organization\"},\"potentialAction\":[{\"@type\":\"SearchAction\",\"target\":{\"@type\":\"EntryPoint\",\"urlTemplate\":\"https:\/\/zewo.ch\/de\/?s={search_term_string}\"},\"query-input\":{\"@type\":\"PropertyValueSpecification\",\"valueRequired\":true,\"valueName\":\"search_term_string\"}}],\"inLanguage\":\"de\"},{\"@type\":\"Organization\",\"@id\":\"https:\/\/zewo.ch\/de\/#organization\",\"name\":\"Stiftung Zewo\",\"url\":\"https:\/\/zewo.ch\/de\/\",\"logo\":{\"@type\":\"ImageObject\",\"inLanguage\":\"de\",\"@id\":\"https:\/\/zewo.ch\/de\/#\/schema\/logo\/image\/\",\"url\":\"https:\/\/zewo.ch\/wp-content\/uploads\/2019\/08\/Zewo_Logo_Claim_D.svg\",\"contentUrl\":\"https:\/\/zewo.ch\/wp-content\/uploads\/2019\/08\/Zewo_Logo_Claim_D.svg\",\"width\":1,\"height\":1,\"caption\":\"Stiftung Zewo\"},\"image\":{\"@id\":\"https:\/\/zewo.ch\/de\/#\/schema\/logo\/image\/\"},\"sameAs\":[\"https:\/\/www.facebook.com\/Stiftung.ZEWO\/\",\"https:\/\/x.com\/stiftung_zewo\",\"https:\/\/www.linkedin.com\/company\/stiftung-zewo\",\"https:\/\/www.youtube.com\/channel\/UCzjsVJro12OXcvvx1LQP8tw\",\"https:\/\/de.wikipedia.org\/wiki\/Zewo\"]},{\"@type\":\"Person\",\"@id\":\"https:\/\/zewo.ch\/de\/#\/schema\/person\/96b10222a0cd263eca56b23cdad51c90\",\"name\":\"Martina Ziegerer\",\"image\":{\"@type\":\"ImageObject\",\"inLanguage\":\"de\",\"@id\":\"https:\/\/zewo.ch\/de\/#\/schema\/person\/image\/\",\"url\":\"https:\/\/secure.gravatar.com\/avatar\/94cb36f58dbc034cdf9b7032ddc49ce2e1b34ebecaad083aa00e2fe46d3f299b?s=96&d=mm&r=g\",\"contentUrl\":\"https:\/\/secure.gravatar.com\/avatar\/94cb36f58dbc034cdf9b7032ddc49ce2e1b34ebecaad083aa00e2fe46d3f299b?s=96&d=mm&r=g\",\"caption\":\"Martina Ziegerer\"},\"sameAs\":[\"https:\/\/www.zewo.ch\/\"]}]}<\/script>\n<!-- \/ Yoast SEO Premium plugin. -->","yoast_head_json":{"title":"Zewo","description":"Die Schweiz geh\u00f6rt weltweit zu den f\u00fchrenden Nationen punkto Spenden. Umso mehr heisst es: Sorge tragen und die Kultur des Spendens pflegen.","robots":{"index":"index","follow":"follow","max-snippet":"max-snippet:-1","max-image-preview":"max-image-preview:large","max-video-preview":"max-video-preview:-1"},"canonical":"https:\/\/zewo.ch\/de\/news-zewoforum-01-2018\/","og_locale":"de_DE","og_type":"article","og_description":"Die Schweiz geh\u00f6rt weltweit zu den f\u00fchrenden Nationen punkto Spenden. Umso mehr heisst es: Sorge tragen und die Kultur des Spendens pflegen.","og_url":"https:\/\/zewo.ch\/de\/news-zewoforum-01-2018\/","og_site_name":"Zewo","article_publisher":"https:\/\/www.facebook.com\/Stiftung.ZEWO\/","article_published_time":"2018-03-31T07:00:00+00:00","article_modified_time":"2021-01-05T13:04:55+00:00","og_image":[{"width":1200,"height":600,"url":"https:\/\/zewo.ch\/wp-content\/uploads\/2020\/12\/Zewoforum-DE-2018_1.jpg","type":"image\/jpeg"}],"author":"Martina Ziegerer","twitter_card":"summary_large_image","twitter_creator":"@stiftung_zewo","twitter_site":"@stiftung_zewo","twitter_misc":{"Verfasst von":"Martina Ziegerer","Gesch\u00e4tzte Lesezeit":"2\u00a0Minuten"},"schema":{"@context":"https:\/\/schema.org","@graph":[{"@type":"Article","@id":"https:\/\/zewo.ch\/de\/news-zewoforum-01-2018\/#article","isPartOf":{"@id":"https:\/\/zewo.ch\/de\/news-zewoforum-01-2018\/"},"author":{"name":"Martina Ziegerer","@id":"https:\/\/zewo.ch\/de\/#\/schema\/person\/96b10222a0cd263eca56b23cdad51c90"},"headline":"Zewoforum 01_2018","datePublished":"2018-03-31T07:00:00+00:00","dateModified":"2021-01-05T13:04:55+00:00","mainEntityOfPage":{"@id":"https:\/\/zewo.ch\/de\/news-zewoforum-01-2018\/"},"wordCount":366,"publisher":{"@id":"https:\/\/zewo.ch\/de\/#organization"},"image":{"@id":"https:\/\/zewo.ch\/de\/news-zewoforum-01-2018\/#primaryimage"},"thumbnailUrl":"https:\/\/zewo.ch\/wp-content\/uploads\/2020\/12\/Zewoforum-DE-2018_1.jpg","keywords":["NPO mit G\u00fctesiegel","Spenden","Spendenverst\u00e4rker","Zewo-NPO","Zewoforum"],"articleSection":["Finanzen","F\u00fchrung &amp; Organisation","Fundraising","News"],"inLanguage":"de"},{"@type":"WebPage","@id":"https:\/\/zewo.ch\/de\/news-zewoforum-01-2018\/#webpage","url":"https:\/\/zewo.ch\/de\/news-zewoforum-01-2018\/#webpage","name":"","isPartOf":{"@id":"https:\/\/zewo.ch\/de\/#website"},"primaryImageOfPage":{"@id":"https:\/\/zewo.ch\/de\/news-zewoforum-01-2018\/#primaryimage"},"image":{"@id":"https:\/\/zewo.ch\/de\/news-zewoforum-01-2018\/#primaryimage"},"thumbnailUrl":"https:\/\/zewo.ch\/wp-content\/uploads\/2020\/12\/Zewoforum-DE-2018_1.jpg","datePublished":"2018-03-31T07:00:00+00:00","dateModified":"2021-01-05T13:04:55+00:00","description":"Die Schweiz geh\u00f6rt weltweit zu den f\u00fchrenden Nationen punkto Spenden. Umso mehr heisst es: Sorge tragen und die Kultur des Spendens pflegen.","breadcrumb":{"@id":"https:\/\/zewo.ch\/de\/news-zewoforum-01-2018\/#breadcrumb"},"inLanguage":"de","potentialAction":[{"@type":"ReadAction","target":["https:\/\/zewo.ch\/de\/news-zewoforum-01-2018\/"]}]},{"@type":"ImageObject","inLanguage":"de","@id":"https:\/\/zewo.ch\/de\/news-zewoforum-01-2018\/#primaryimage","url":"https:\/\/zewo.ch\/wp-content\/uploads\/2020\/12\/Zewoforum-DE-2018_1.jpg","contentUrl":"https:\/\/zewo.ch\/wp-content\/uploads\/2020\/12\/Zewoforum-DE-2018_1.jpg","width":1200,"height":600},{"@type":"BreadcrumbList","@id":"https:\/\/zewo.ch\/de\/news-zewoforum-01-2018\/#breadcrumb","itemListElement":[{"@type":"ListItem","position":1,"name":"Home","item":"https:\/\/zewo.ch\/de\/"},{"@type":"ListItem","position":2,"name":"Zewoforum 01_2018"}]},{"@type":"WebSite","@id":"https:\/\/zewo.ch\/de\/#website","url":"https:\/\/zewo.ch\/de\/","name":"Zewo","description":"Ihre Spende in guten H\u00e4nden.","publisher":{"@id":"https:\/\/zewo.ch\/de\/#organization"},"potentialAction":[{"@type":"SearchAction","target":{"@type":"EntryPoint","urlTemplate":"https:\/\/zewo.ch\/de\/?s={search_term_string}"},"query-input":{"@type":"PropertyValueSpecification","valueRequired":true,"valueName":"search_term_string"}}],"inLanguage":"de"},{"@type":"Organization","@id":"https:\/\/zewo.ch\/de\/#organization","name":"Stiftung Zewo","url":"https:\/\/zewo.ch\/de\/","logo":{"@type":"ImageObject","inLanguage":"de","@id":"https:\/\/zewo.ch\/de\/#\/schema\/logo\/image\/","url":"https:\/\/zewo.ch\/wp-content\/uploads\/2019\/08\/Zewo_Logo_Claim_D.svg","contentUrl":"https:\/\/zewo.ch\/wp-content\/uploads\/2019\/08\/Zewo_Logo_Claim_D.svg","width":1,"height":1,"caption":"Stiftung Zewo"},"image":{"@id":"https:\/\/zewo.ch\/de\/#\/schema\/logo\/image\/"},"sameAs":["https:\/\/www.facebook.com\/Stiftung.ZEWO\/","https:\/\/x.com\/stiftung_zewo","https:\/\/www.linkedin.com\/company\/stiftung-zewo","https:\/\/www.youtube.com\/channel\/UCzjsVJro12OXcvvx1LQP8tw","https:\/\/de.wikipedia.org\/wiki\/Zewo"]},{"@type":"Person","@id":"https:\/\/zewo.ch\/de\/#\/schema\/person\/96b10222a0cd263eca56b23cdad51c90","name":"Martina Ziegerer","image":{"@type":"ImageObject","inLanguage":"de","@id":"https:\/\/zewo.ch\/de\/#\/schema\/person\/image\/","url":"https:\/\/secure.gravatar.com\/avatar\/94cb36f58dbc034cdf9b7032ddc49ce2e1b34ebecaad083aa00e2fe46d3f299b?s=96&d=mm&r=g","contentUrl":"https:\/\/secure.gravatar.com\/avatar\/94cb36f58dbc034cdf9b7032ddc49ce2e1b34ebecaad083aa00e2fe46d3f299b?s=96&d=mm&r=g","caption":"Martina Ziegerer"},"sameAs":["https:\/\/www.zewo.ch\/"]}]}},"publishpress_future_action":{"enabled":false,"date":"2026-05-07 06:25:42","action":"change-status","newStatus":"draft","terms":[],"taxonomy":"category","extraData":[]},"publishpress_future_workflow_manual_trigger":{"enabledWorkflows":[]},"_links":{"self":[{"href":"https:\/\/zewo.ch\/de\/wp-json\/wp\/v2\/posts\/4619862","targetHints":{"allow":["GET"]}}],"collection":[{"href":"https:\/\/zewo.ch\/de\/wp-json\/wp\/v2\/posts"}],"about":[{"href":"https:\/\/zewo.ch\/de\/wp-json\/wp\/v2\/types\/post"}],"author":[{"embeddable":true,"href":"https:\/\/zewo.ch\/de\/wp-json\/wp\/v2\/users\/7"}],"replies":[{"embeddable":true,"href":"https:\/\/zewo.ch\/de\/wp-json\/wp\/v2\/comments?post=4619862"}],"version-history":[{"count":11,"href":"https:\/\/zewo.ch\/de\/wp-json\/wp\/v2\/posts\/4619862\/revisions"}],"predecessor-version":[{"id":4623419,"href":"https:\/\/zewo.ch\/de\/wp-json\/wp\/v2\/posts\/4619862\/revisions\/4623419"}],"wp:featuredmedia":[{"embeddable":true,"href":"https:\/\/zewo.ch\/de\/wp-json\/wp\/v2\/media\/4620388"}],"wp:attachment":[{"href":"https:\/\/zewo.ch\/de\/wp-json\/wp\/v2\/media?parent=4619862"}],"wp:term":[{"taxonomy":"category","embeddable":true,"href":"https:\/\/zewo.ch\/de\/wp-json\/wp\/v2\/categories?post=4619862"},{"taxonomy":"post_tag","embeddable":true,"href":"https:\/\/zewo.ch\/de\/wp-json\/wp\/v2\/tags?post=4619862"}],"curies":[{"name":"wp","href":"https:\/\/api.w.org\/{rel}","templated":true}]}}