{"id":371102,"date":"2019-07-08T19:14:14","date_gmt":"2019-07-08T17:14:14","guid":{"rendered":"https:\/\/www.zewo.ch\/?p=371102"},"modified":"2025-02-13T15:44:05","modified_gmt":"2025-02-13T14:44:05","slug":"news-swiss-gaap-fer-dient-nicht-der-kontrolle-von-subventionen","status":"publish","type":"post","link":"https:\/\/zewo.ch\/de\/news-swiss-gaap-fer-dient-nicht-der-kontrolle-von-subventionen\/","title":{"rendered":"\u00abSwiss GAAP FER dient nicht der Kontrolle von Subventionen\u00bb"},"content":{"rendered":"\n<p><strong>Die Stiftung FER hat ein neues Projekt f\u00fcr Subventionen, Beitr\u00e4ge und Zusch\u00fcsse eingef\u00e4delt. Was hat es damit auf sich? Der Projektleiter, Michael Annen, beantwortet die Fragen der Zewo<\/strong>.<\/p>\n\n\n\n<h3 class=\"wp-block-heading\"><strong>Herr Annen, wieso braucht es in Swiss GAAP FER neue Regeln f\u00fcr Subventionen?<\/strong> <\/h3>\n\n\n\n<p>Subventionen, Beitr\u00e4ge und Zusch\u00fcsse sind ein signifikanter Ausgabeposten im \u00f6ffentlichen Haushalt und ein entsprechend wichtiger Wirtschaftsfaktor. Im Jahr 2018 betrugen die Bundessubventionen rund 40 Milliarden Franken. Die Empf\u00e4nger m\u00fcssen die erhaltenen Betr\u00e4ge und Zusch\u00fcsse in der Jahresrechnung abbilden. Dabei kommt Swiss GAAP FER eine tragende Rolle zu.<\/p>\n\n\n\n<h3 class=\"wp-block-heading\">Inwiefern m\u00fcssen die Fachempfehlungen zur Rechnungslegung von Swiss GAAP FER \u00fcberarbeitet werden? <\/h3>\n\n\n\n<p>Die bestehenden Fachempfehlungen enthalten nur punktuell explizite Vorgaben zur Behandlung von Subventionen, Beitr\u00e4gen und Zusch\u00fcssen, namentlich in Swiss GAAP FER 21, 24 und 41. Ansonsten dienen die bestehenden Fachempfehlungen und das Rahmenkonzept als Richtlinien f\u00fcr die Bilanzierung und die Berichterstattung. Sowohl Empf\u00e4nger wie auch Anwender w\u00fcnschen sich zus\u00e4tzliche Orientierungshilfe, damit die unterschiedliche Handhabung gleichartiger Sachverhalte vermieden wird und die Vergleichbarkeit und Transparenz verbessert wird.<\/p>\n\n\n\n<h3 class=\"wp-block-heading\">Ihre Arbeitsgruppe hat bereits eine Vorstudie durchgef\u00fchrt. Wo sehen Sie den gr\u00f6ssten Handlungsbedarf? <\/h3>\n\n\n\n<p>Im Rahmen des \u00dcberpr\u00fcfungsverfahrens wurden Recherchen, Experteninterviews, Beratungen in der Arbeitsgruppe und in den Gremien der Swiss GAAP FER, Workshops und eine \u00f6ffentliche Befragung durchgef\u00fchrt. Die Ergebnisse zeigen eine grosse Bandbreite an Problemfeldern. Es beginnt schon mit der Themenabgrenzung: An welche Kriterien soll die Ertragsrealisierung gekn\u00fcpft werden? Soll sie nach dem Brutto- oder der Nettoprinzip verbucht werden? Gem\u00e4ss dem Rahmenkonzept Ziffer 14 von Swiss GAAP FER gilt grunds\u00e4tzlich das Bruttoprinzips. Aber es gibt Ausnahmen. Zum Beispiel wenn eine andere Fachempfehlung das Nettoprinzip verlangt oder zumindest erlaubt. Manchmal stellt das Nettoprinzip den wirtschaftlichen Gehalt sogar besser dar. So zeigt das Bruttoprinzip bei verm\u00f6genswertbezogenen Zusch\u00fcssen das Nutzenpotenzial in der Bilanz und bietet Transparenz in der Erfolgsrechnung. Bei erfolgsbezogenen Zusch\u00fcssen ist das Bruttoprinzip mitunter schwer anzuwenden.<\/p>\n\n\n\n<h3 class=\"wp-block-heading\"><strong>K\u00f6nnen Sie ein Beispiel machen?<\/strong> <\/h3>\n\n\n\n<p>Zum Beispiel wenn man die Zuwendungen nicht objektiv messen kann, etwa bei verg\u00fcnstigten Mieten oder unentgeltliche Dienstleistungen. Weiteren Handlungsbedarf hat die Arbeitsgruppe bei m\u00f6glichen R\u00fcckforderungen und Eigentumsvorbehalten sowie bei unentgeltlichen oder verbilligten Sach- und Dienstleistungen identifiziert. Ebenso, wenn es um die Frage geht, was offenzulegen ist.<\/p>\n\n\n\n<h3 class=\"wp-block-heading\"><strong>Reicht es nicht, wenn die Geber den Empf\u00e4ngern Vorgaben machen, wie die Subventionen zu verbuchen sind?<\/strong> <\/h3>\n\n\n\n<p>Die Swiss GAAP FER wollen Jahresrechnungen den tats\u00e4chlichen Verh\u00e4ltnissen entsprechend darstellen. Die Empf\u00e4nger von Zusch\u00fcssen und Subventionen sollen ihre Verm\u00f6gens-, Finanz- und Ertragslage also \u00abtrue and fair\u00bb zeigen. Die Kontrolle von Subvention ist sicherlich ein berichtigtes Interesse der Subventionsgeber. Sie verfolgt aber ein anderes Ziel als Berichterstattung nach Swiss GAAP FER. Es braucht dazu nicht unbedingt eine \u00abtrue and fair\u00bb Darstellung.<\/p>\n\n\n\n<h3 class=\"wp-block-heading\">Was, wenn Subventionsgeber besondere Anliegen haben? <\/h3>\n\n\n\n<p>Swiss GAAP FER verfolgt einen Ansatz, der alle Interessengruppen in einem ausgewogenen Verh\u00e4ltnis ber\u00fccksichtigt. Die Fachkommission wird sich treu bleiben und die Subventionen prinzipienbasiert regeln. Auf spezifische Sachverhalte kann Swiss GAAP FER deshalb nicht im Detail eingehen. Falls die Subventionsgeber weitere Informationen ben\u00f6tigen, k\u00f6nnen die Empf\u00e4nger diese in ihrer Jahresrechnung offenlegen. Allerdings stehen sie manchmal vor der Herausforderungen, unterschiedliche Vorgaben von unterschiedlichen Gebern einhalten zu m\u00fcssen. Die Vorgaben einzelner Geber k\u00f6nnen sich sogar widersprechen.<\/p>\n\n\n\n<h3 class=\"wp-block-heading\"><strong>Das ist ein guter Punkt. NPO erhalten ja Gelder vom Bund, Kantonen und Gemeinden. Wie gelingt es, diese riesige Vielfalt unter einen Hut zu bringen?<\/strong> <\/h3>\n\n\n\n<p>Durch ein einheitliches Regelwerk, das die Swiss GAAP FER bietet und \u2013 wie gesagt \u2013 Prinzipen basiert bleibt. Aufgrund der Heterogenit\u00e4t von Subventionen, Beitr\u00e4gen und Zusch\u00fcssen wird es allerdings anspruchsvoll, buchhalterische Regeln zu erlassen, die in jedem Fall eine \u00abtrue and fair view\u00bb gew\u00e4hrleisten. Es wird deshalb kaum f\u00fcr alle eine einheitliche Regelung geben. Wichtig scheint uns aber, dass die Regeln auf einem einheitlichen Konzept beruhen. Zudem muss die Vergleichbarkeit gew\u00e4hrt sein, beispielsweise durch Offenlegungen.<\/p>\n\n\n\n<h3 class=\"wp-block-heading\">Wie vermeiden Sie, dass die neuen Regeln im Widerspruch zu Swiss GAAP FER 21 stehen? <\/h3>\n\n\n\n<p>Swiss GAAP FER 21 ist nicht losgel\u00f6st von den restlichen Swiss GAAP FER zu sehen, sondern vielmehr als eine Erg\u00e4nzung, welche die Besonderheiten von Non-Profit Organisationen ber\u00fccksichtigt. Die \u00abtrue and fair view\u00bb gilt auch f\u00fcr die Swiss GAAP FER 21 Anwender. Das Rahmenkonzept und die Kern-FER sind entsprechend anzuwenden, soweit Swiss GAAP FER 21 keine abweichenden Regelungen enth\u00e4lt. Die bestehenden Regeln von Swiss GAAP FER 21 werden bei der Erarbeitung von Regeln zu Subventionen, Beitr\u00e4gen und Zusch\u00fcssen ber\u00fccksichtigt. Anpassungen und Erg\u00e4nzungen sind aber m\u00f6glich auch bei anderen Fachempfehlungen. Doch immer mit Augenmass und unter Ber\u00fccksichtigung des Kosten-Nutzen-Verh\u00e4ltnisses. Diese Ziel wurde auch bei fr\u00fcheren Weiterentwicklungen von Swiss GAAP FER erfolgreich verfolgt.<\/p>\n\n\n\n<h3 class=\"wp-block-heading\"><strong>Entwickelt die Projektgruppe einen zus\u00e4tzlichen FER-Standard f\u00fcr Subventionen? <\/strong><\/h3>\n\n\n\n<p>Dies ist im aktuellen Stadium des Projekts noch offen. Die Erarbeitung eines zus\u00e4tzlichen FER-Standards ist eine Option. Sie h\u00e4tte den Vorteil, dass alle Regeln zum Thema geb\u00fcndelt w\u00e4ren. Realistischer scheint es jedoch, die bestehenden Fachempfehlungen zu erg\u00e4nzen. Die vollst\u00e4ndige Regelung des Themas w\u00fcrde den Rahmen von Swiss GAAP FER wohl sprengen. Deshalb sind Wahlrechte und Offenlegungsvorgabe, die bestehende Standards erg\u00e4nzen, auch ein Szenario. Es wird die Aufgabe der Projektgruppe sein, das Konzept festzulegen und die Regeln auszuarbeiten.<\/p>\n\n\n\n<h3 class=\"wp-block-heading\"><strong>Wie ist die Sicht von NPO in der Projektgruppe vertreten?<\/strong> <\/h3>\n\n\n\n<p>In der Arbeitsgruppe sollen m\u00f6glichst alle Anspruchsgruppen vertreten sein. Insbesondere Anwender von Swiss GAAP FER, die Subventionen empfangen, und Adressaten, die Subventionen vergeben. Sie sollten sich in der Praxis mit dieser Thematik auseinandersetzen und eine entsprechende Expertise vorweisen. Zudem sind Revisoren und Berater vertreten, die ihre Erfahrungen einbringen. Nonprofit-Organisationen geh\u00f6ren zu der Anwendergruppe, welche besonders von Subventionen, Beitr\u00e4gen und Zusch\u00fcssen betroffen sind. Die neuen Regeln werden sich auf sie auswirken. Darum ist es wichtig, dass neben Vertretern von For-Profit Unternehmen auch NPO repr\u00e4sentativ vertreten sind. Wir sind zur Zeit daran, die Arbeitsgruppe zu erweitern. <\/p>\n\n\n\n<h3 class=\"wp-block-heading\"><strong>Wer hat Erfahrung im NPO-Bereich?<\/strong> <\/h3>\n\n\n\n<p>Es freut uns, dass sich Pius Bernet, Direktor der Stiftung f\u00fcr Schwerbehinderte Luzern, bereit erkl\u00e4rt hat, die Arbeitsgruppe zu erg\u00e4nzen. Aber auch die anderen Mitglieder der Arbeitsgruppe sind grosse Kenner der Thematik und bringen wichtige Erfahrung und Know-how in das Projekt ein. Damit ist sichergestellt, dass die NPO Sicht ausreichend vertreten sein wird<\/p>\n\n\n\n<h3 class=\"wp-block-heading\"><strong>Wann k\u00f6nnen NPO Stellung nehmen?<\/strong> <\/h3>\n\n\n\n<p>Nach dem vorl\u00e4ufigen Projektplan soll die Vernehmlassung in der zweiten Jahresh\u00e4lfte 2020 stattfinden. Fragen oder Anmerkungen zum Projekt k\u00f6nnen allerdings auch im Vorfeld an die Arbeitsgruppe gerichtet werden: <a rel=\"noreferrer noopener\" aria-label=\"www.fer.ch\/projekte\/subventionen\/  (\u00f6ffnet in neuem Tab)\" href=\"http:\/\/www.fer.ch\/projekte\/subventionen\/\" target=\"_blank\">www.fer.ch\/projekte\/subventionen\/ <\/a>oder via Email: <a href=\"mailto:fachsekretaer@fer.ch\">fachsekretaer@fer.ch<\/a>.<\/p>\n\n\n\n<h3 class=\"wp-block-heading\">Wann treten die neuen Regeln voraussichtlich in Kraft? <\/h3>\n\n\n\n<p>Die Verabschiedung ist fr\u00fchestens f\u00fcr Ende 2020 geplant. Mit einer verpflichtenden Anwendung ist somit nicht vor 2021\/2022 zu rechnen.<\/p>\n","protected":false},"excerpt":{"rendered":"<p>Interview mit Michael Annen zum j\u00fcngsten FER-Projekt<\/p>\n","protected":false},"author":7,"featured_media":389856,"comment_status":"closed","ping_status":"closed","sticky":false,"template":"","format":"standard","meta":{"_acf_changed":false,"footnotes":""},"categories":[1311,1860],"tags":[4650,4640,4648,4632],"class_list":["post-371102","post","type-post","status-publish","format-standard","has-post-thumbnail","hentry","category-finanzen","category-news","tag-einheitliches-regelwerk","tag-npo","tag-subventionen","tag-swiss-gaap-fer-21"],"acf":[],"yoast_head":"<!-- This site is optimized with the Yoast SEO Premium plugin v26.0 (Yoast SEO v26.0) - https:\/\/yoast.com\/wordpress\/plugins\/seo\/ -->\n<title>Zewo<\/title>\n<meta name=\"description\" content=\"Die Stiftung FER hat ein neues Projekt f\u00fcr Subventionen eingef\u00e4delt. Der Projektleiter beantwortet im Interview die Fragen der Zewo.\" \/>\n<meta name=\"robots\" content=\"index, follow, max-snippet:-1, max-image-preview:large, max-video-preview:-1\" \/>\n<link rel=\"canonical\" href=\"https:\/\/zewo.ch\/de\/news-swiss-gaap-fer-dient-nicht-der-kontrolle-von-subventionen\/\" \/>\n<meta property=\"og:locale\" content=\"de_DE\" \/>\n<meta property=\"og:type\" content=\"article\" \/>\n<meta property=\"og:description\" content=\"Die Stiftung FER hat ein neues Projekt f\u00fcr Subventionen eingef\u00e4delt. Der Projektleiter beantwortet im Interview die Fragen der Zewo.\" \/>\n<meta property=\"og:url\" content=\"https:\/\/zewo.ch\/de\/news-swiss-gaap-fer-dient-nicht-der-kontrolle-von-subventionen\/\" \/>\n<meta property=\"og:site_name\" content=\"Zewo\" \/>\n<meta property=\"article:publisher\" content=\"https:\/\/www.facebook.com\/Stiftung.ZEWO\/\" \/>\n<meta property=\"article:published_time\" content=\"2019-07-08T17:14:14+00:00\" \/>\n<meta property=\"article:modified_time\" content=\"2025-02-13T14:44:05+00:00\" \/>\n<meta property=\"og:image\" content=\"https:\/\/zewo.ch\/wp-content\/uploads\/2019\/07\/einfaedeln-FER.jpg\" \/>\n\t<meta property=\"og:image:width\" content=\"700\" \/>\n\t<meta property=\"og:image:height\" content=\"500\" \/>\n\t<meta property=\"og:image:type\" content=\"image\/jpeg\" \/>\n<meta name=\"author\" content=\"Martina Ziegerer\" \/>\n<meta name=\"twitter:card\" content=\"summary_large_image\" \/>\n<meta name=\"twitter:creator\" content=\"@stiftung_zewo\" \/>\n<meta name=\"twitter:site\" content=\"@stiftung_zewo\" \/>\n<meta name=\"twitter:label1\" content=\"Verfasst von\" \/>\n\t<meta name=\"twitter:data1\" content=\"Martina Ziegerer\" \/>\n\t<meta name=\"twitter:label2\" content=\"Gesch\u00e4tzte Lesezeit\" \/>\n\t<meta name=\"twitter:data2\" content=\"7\u00a0Minuten\" \/>\n<script type=\"application\/ld+json\" class=\"yoast-schema-graph\">{\"@context\":\"https:\/\/schema.org\",\"@graph\":[{\"@type\":\"Article\",\"@id\":\"https:\/\/zewo.ch\/de\/news-swiss-gaap-fer-dient-nicht-der-kontrolle-von-subventionen\/#article\",\"isPartOf\":{\"@id\":\"https:\/\/zewo.ch\/de\/news-swiss-gaap-fer-dient-nicht-der-kontrolle-von-subventionen\/\"},\"author\":{\"name\":\"Martina Ziegerer\",\"@id\":\"https:\/\/zewo.ch\/de\/#\/schema\/person\/96b10222a0cd263eca56b23cdad51c90\"},\"headline\":\"\u00abSwiss GAAP FER dient nicht der Kontrolle von Subventionen\u00bb\",\"datePublished\":\"2019-07-08T17:14:14+00:00\",\"dateModified\":\"2025-02-13T14:44:05+00:00\",\"mainEntityOfPage\":{\"@id\":\"https:\/\/zewo.ch\/de\/news-swiss-gaap-fer-dient-nicht-der-kontrolle-von-subventionen\/\"},\"wordCount\":1132,\"publisher\":{\"@id\":\"https:\/\/zewo.ch\/de\/#organization\"},\"image\":{\"@id\":\"https:\/\/zewo.ch\/de\/news-swiss-gaap-fer-dient-nicht-der-kontrolle-von-subventionen\/#primaryimage\"},\"thumbnailUrl\":\"https:\/\/zewo.ch\/wp-content\/uploads\/2019\/07\/einfaedeln-FER.jpg\",\"keywords\":[\"einheitliches Regelwerk\",\"NPO\",\"Subventionen\",\"Swiss GAAP FER 21\"],\"articleSection\":[\"Finanzen\",\"News\"],\"inLanguage\":\"de\"},{\"@type\":\"WebPage\",\"@id\":\"https:\/\/zewo.ch\/de\/news-swiss-gaap-fer-dient-nicht-der-kontrolle-von-subventionen\/#webpage\",\"url\":\"https:\/\/zewo.ch\/de\/news-swiss-gaap-fer-dient-nicht-der-kontrolle-von-subventionen\/#webpage\",\"name\":\"\",\"isPartOf\":{\"@id\":\"https:\/\/zewo.ch\/de\/#website\"},\"primaryImageOfPage\":{\"@id\":\"https:\/\/zewo.ch\/de\/news-swiss-gaap-fer-dient-nicht-der-kontrolle-von-subventionen\/#primaryimage\"},\"image\":{\"@id\":\"https:\/\/zewo.ch\/de\/news-swiss-gaap-fer-dient-nicht-der-kontrolle-von-subventionen\/#primaryimage\"},\"thumbnailUrl\":\"https:\/\/zewo.ch\/wp-content\/uploads\/2019\/07\/einfaedeln-FER.jpg\",\"datePublished\":\"2019-07-08T17:14:14+00:00\",\"dateModified\":\"2025-02-13T14:44:05+00:00\",\"description\":\"Die Stiftung FER hat ein neues Projekt f\u00fcr Subventionen eingef\u00e4delt. Der Projektleiter beantwortet im Interview die Fragen der Zewo.\",\"breadcrumb\":{\"@id\":\"https:\/\/zewo.ch\/de\/news-swiss-gaap-fer-dient-nicht-der-kontrolle-von-subventionen\/#breadcrumb\"},\"inLanguage\":\"de\",\"potentialAction\":[{\"@type\":\"ReadAction\",\"target\":[\"https:\/\/zewo.ch\/de\/news-swiss-gaap-fer-dient-nicht-der-kontrolle-von-subventionen\/\"]}]},{\"@type\":\"ImageObject\",\"inLanguage\":\"de\",\"@id\":\"https:\/\/zewo.ch\/de\/news-swiss-gaap-fer-dient-nicht-der-kontrolle-von-subventionen\/#primaryimage\",\"url\":\"https:\/\/zewo.ch\/wp-content\/uploads\/2019\/07\/einfaedeln-FER.jpg\",\"contentUrl\":\"https:\/\/zewo.ch\/wp-content\/uploads\/2019\/07\/einfaedeln-FER.jpg\",\"width\":700,\"height\":500,\"caption\":\"FER\"},{\"@type\":\"BreadcrumbList\",\"@id\":\"https:\/\/zewo.ch\/de\/news-swiss-gaap-fer-dient-nicht-der-kontrolle-von-subventionen\/#breadcrumb\",\"itemListElement\":[{\"@type\":\"ListItem\",\"position\":1,\"name\":\"Home\",\"item\":\"https:\/\/zewo.ch\/de\/\"},{\"@type\":\"ListItem\",\"position\":2,\"name\":\"\u00abSwiss GAAP FER dient nicht der Kontrolle von Subventionen\u00bb\"}]},{\"@type\":\"WebSite\",\"@id\":\"https:\/\/zewo.ch\/de\/#website\",\"url\":\"https:\/\/zewo.ch\/de\/\",\"name\":\"Zewo\",\"description\":\"Ihre Spende in guten H\u00e4nden.\",\"publisher\":{\"@id\":\"https:\/\/zewo.ch\/de\/#organization\"},\"potentialAction\":[{\"@type\":\"SearchAction\",\"target\":{\"@type\":\"EntryPoint\",\"urlTemplate\":\"https:\/\/zewo.ch\/de\/?s={search_term_string}\"},\"query-input\":{\"@type\":\"PropertyValueSpecification\",\"valueRequired\":true,\"valueName\":\"search_term_string\"}}],\"inLanguage\":\"de\"},{\"@type\":\"Organization\",\"@id\":\"https:\/\/zewo.ch\/de\/#organization\",\"name\":\"Stiftung Zewo\",\"url\":\"https:\/\/zewo.ch\/de\/\",\"logo\":{\"@type\":\"ImageObject\",\"inLanguage\":\"de\",\"@id\":\"https:\/\/zewo.ch\/de\/#\/schema\/logo\/image\/\",\"url\":\"https:\/\/zewo.ch\/wp-content\/uploads\/2019\/08\/Zewo_Logo_Claim_D.svg\",\"contentUrl\":\"https:\/\/zewo.ch\/wp-content\/uploads\/2019\/08\/Zewo_Logo_Claim_D.svg\",\"width\":1,\"height\":1,\"caption\":\"Stiftung Zewo\"},\"image\":{\"@id\":\"https:\/\/zewo.ch\/de\/#\/schema\/logo\/image\/\"},\"sameAs\":[\"https:\/\/www.facebook.com\/Stiftung.ZEWO\/\",\"https:\/\/x.com\/stiftung_zewo\",\"https:\/\/www.linkedin.com\/company\/stiftung-zewo\",\"https:\/\/www.youtube.com\/channel\/UCzjsVJro12OXcvvx1LQP8tw\",\"https:\/\/de.wikipedia.org\/wiki\/Zewo\"]},{\"@type\":\"Person\",\"@id\":\"https:\/\/zewo.ch\/de\/#\/schema\/person\/96b10222a0cd263eca56b23cdad51c90\",\"name\":\"Martina Ziegerer\",\"image\":{\"@type\":\"ImageObject\",\"inLanguage\":\"de\",\"@id\":\"https:\/\/zewo.ch\/de\/#\/schema\/person\/image\/\",\"url\":\"https:\/\/secure.gravatar.com\/avatar\/94cb36f58dbc034cdf9b7032ddc49ce2e1b34ebecaad083aa00e2fe46d3f299b?s=96&d=mm&r=g\",\"contentUrl\":\"https:\/\/secure.gravatar.com\/avatar\/94cb36f58dbc034cdf9b7032ddc49ce2e1b34ebecaad083aa00e2fe46d3f299b?s=96&d=mm&r=g\",\"caption\":\"Martina Ziegerer\"},\"sameAs\":[\"https:\/\/www.zewo.ch\/\"]}]}<\/script>\n<!-- \/ Yoast SEO Premium plugin. -->","yoast_head_json":{"title":"Zewo","description":"Die Stiftung FER hat ein neues Projekt f\u00fcr Subventionen eingef\u00e4delt. Der Projektleiter beantwortet im Interview die Fragen der Zewo.","robots":{"index":"index","follow":"follow","max-snippet":"max-snippet:-1","max-image-preview":"max-image-preview:large","max-video-preview":"max-video-preview:-1"},"canonical":"https:\/\/zewo.ch\/de\/news-swiss-gaap-fer-dient-nicht-der-kontrolle-von-subventionen\/","og_locale":"de_DE","og_type":"article","og_description":"Die Stiftung FER hat ein neues Projekt f\u00fcr Subventionen eingef\u00e4delt. Der Projektleiter beantwortet im Interview die Fragen der Zewo.","og_url":"https:\/\/zewo.ch\/de\/news-swiss-gaap-fer-dient-nicht-der-kontrolle-von-subventionen\/","og_site_name":"Zewo","article_publisher":"https:\/\/www.facebook.com\/Stiftung.ZEWO\/","article_published_time":"2019-07-08T17:14:14+00:00","article_modified_time":"2025-02-13T14:44:05+00:00","og_image":[{"width":700,"height":500,"url":"https:\/\/zewo.ch\/wp-content\/uploads\/2019\/07\/einfaedeln-FER.jpg","type":"image\/jpeg"}],"author":"Martina Ziegerer","twitter_card":"summary_large_image","twitter_creator":"@stiftung_zewo","twitter_site":"@stiftung_zewo","twitter_misc":{"Verfasst von":"Martina Ziegerer","Gesch\u00e4tzte Lesezeit":"7\u00a0Minuten"},"schema":{"@context":"https:\/\/schema.org","@graph":[{"@type":"Article","@id":"https:\/\/zewo.ch\/de\/news-swiss-gaap-fer-dient-nicht-der-kontrolle-von-subventionen\/#article","isPartOf":{"@id":"https:\/\/zewo.ch\/de\/news-swiss-gaap-fer-dient-nicht-der-kontrolle-von-subventionen\/"},"author":{"name":"Martina Ziegerer","@id":"https:\/\/zewo.ch\/de\/#\/schema\/person\/96b10222a0cd263eca56b23cdad51c90"},"headline":"\u00abSwiss GAAP FER dient nicht der Kontrolle von Subventionen\u00bb","datePublished":"2019-07-08T17:14:14+00:00","dateModified":"2025-02-13T14:44:05+00:00","mainEntityOfPage":{"@id":"https:\/\/zewo.ch\/de\/news-swiss-gaap-fer-dient-nicht-der-kontrolle-von-subventionen\/"},"wordCount":1132,"publisher":{"@id":"https:\/\/zewo.ch\/de\/#organization"},"image":{"@id":"https:\/\/zewo.ch\/de\/news-swiss-gaap-fer-dient-nicht-der-kontrolle-von-subventionen\/#primaryimage"},"thumbnailUrl":"https:\/\/zewo.ch\/wp-content\/uploads\/2019\/07\/einfaedeln-FER.jpg","keywords":["einheitliches Regelwerk","NPO","Subventionen","Swiss GAAP FER 21"],"articleSection":["Finanzen","News"],"inLanguage":"de"},{"@type":"WebPage","@id":"https:\/\/zewo.ch\/de\/news-swiss-gaap-fer-dient-nicht-der-kontrolle-von-subventionen\/#webpage","url":"https:\/\/zewo.ch\/de\/news-swiss-gaap-fer-dient-nicht-der-kontrolle-von-subventionen\/#webpage","name":"","isPartOf":{"@id":"https:\/\/zewo.ch\/de\/#website"},"primaryImageOfPage":{"@id":"https:\/\/zewo.ch\/de\/news-swiss-gaap-fer-dient-nicht-der-kontrolle-von-subventionen\/#primaryimage"},"image":{"@id":"https:\/\/zewo.ch\/de\/news-swiss-gaap-fer-dient-nicht-der-kontrolle-von-subventionen\/#primaryimage"},"thumbnailUrl":"https:\/\/zewo.ch\/wp-content\/uploads\/2019\/07\/einfaedeln-FER.jpg","datePublished":"2019-07-08T17:14:14+00:00","dateModified":"2025-02-13T14:44:05+00:00","description":"Die Stiftung FER hat ein neues Projekt f\u00fcr Subventionen eingef\u00e4delt. Der Projektleiter beantwortet im Interview die Fragen der Zewo.","breadcrumb":{"@id":"https:\/\/zewo.ch\/de\/news-swiss-gaap-fer-dient-nicht-der-kontrolle-von-subventionen\/#breadcrumb"},"inLanguage":"de","potentialAction":[{"@type":"ReadAction","target":["https:\/\/zewo.ch\/de\/news-swiss-gaap-fer-dient-nicht-der-kontrolle-von-subventionen\/"]}]},{"@type":"ImageObject","inLanguage":"de","@id":"https:\/\/zewo.ch\/de\/news-swiss-gaap-fer-dient-nicht-der-kontrolle-von-subventionen\/#primaryimage","url":"https:\/\/zewo.ch\/wp-content\/uploads\/2019\/07\/einfaedeln-FER.jpg","contentUrl":"https:\/\/zewo.ch\/wp-content\/uploads\/2019\/07\/einfaedeln-FER.jpg","width":700,"height":500,"caption":"FER"},{"@type":"BreadcrumbList","@id":"https:\/\/zewo.ch\/de\/news-swiss-gaap-fer-dient-nicht-der-kontrolle-von-subventionen\/#breadcrumb","itemListElement":[{"@type":"ListItem","position":1,"name":"Home","item":"https:\/\/zewo.ch\/de\/"},{"@type":"ListItem","position":2,"name":"\u00abSwiss GAAP FER dient nicht der Kontrolle von Subventionen\u00bb"}]},{"@type":"WebSite","@id":"https:\/\/zewo.ch\/de\/#website","url":"https:\/\/zewo.ch\/de\/","name":"Zewo","description":"Ihre Spende in guten H\u00e4nden.","publisher":{"@id":"https:\/\/zewo.ch\/de\/#organization"},"potentialAction":[{"@type":"SearchAction","target":{"@type":"EntryPoint","urlTemplate":"https:\/\/zewo.ch\/de\/?s={search_term_string}"},"query-input":{"@type":"PropertyValueSpecification","valueRequired":true,"valueName":"search_term_string"}}],"inLanguage":"de"},{"@type":"Organization","@id":"https:\/\/zewo.ch\/de\/#organization","name":"Stiftung Zewo","url":"https:\/\/zewo.ch\/de\/","logo":{"@type":"ImageObject","inLanguage":"de","@id":"https:\/\/zewo.ch\/de\/#\/schema\/logo\/image\/","url":"https:\/\/zewo.ch\/wp-content\/uploads\/2019\/08\/Zewo_Logo_Claim_D.svg","contentUrl":"https:\/\/zewo.ch\/wp-content\/uploads\/2019\/08\/Zewo_Logo_Claim_D.svg","width":1,"height":1,"caption":"Stiftung Zewo"},"image":{"@id":"https:\/\/zewo.ch\/de\/#\/schema\/logo\/image\/"},"sameAs":["https:\/\/www.facebook.com\/Stiftung.ZEWO\/","https:\/\/x.com\/stiftung_zewo","https:\/\/www.linkedin.com\/company\/stiftung-zewo","https:\/\/www.youtube.com\/channel\/UCzjsVJro12OXcvvx1LQP8tw","https:\/\/de.wikipedia.org\/wiki\/Zewo"]},{"@type":"Person","@id":"https:\/\/zewo.ch\/de\/#\/schema\/person\/96b10222a0cd263eca56b23cdad51c90","name":"Martina Ziegerer","image":{"@type":"ImageObject","inLanguage":"de","@id":"https:\/\/zewo.ch\/de\/#\/schema\/person\/image\/","url":"https:\/\/secure.gravatar.com\/avatar\/94cb36f58dbc034cdf9b7032ddc49ce2e1b34ebecaad083aa00e2fe46d3f299b?s=96&d=mm&r=g","contentUrl":"https:\/\/secure.gravatar.com\/avatar\/94cb36f58dbc034cdf9b7032ddc49ce2e1b34ebecaad083aa00e2fe46d3f299b?s=96&d=mm&r=g","caption":"Martina Ziegerer"},"sameAs":["https:\/\/www.zewo.ch\/"]}]}},"publishpress_future_action":{"enabled":false,"date":"2026-05-07 02:00:35","action":"change-status","newStatus":"draft","terms":[],"taxonomy":"category","extraData":[]},"publishpress_future_workflow_manual_trigger":{"enabledWorkflows":[]},"_links":{"self":[{"href":"https:\/\/zewo.ch\/de\/wp-json\/wp\/v2\/posts\/371102","targetHints":{"allow":["GET"]}}],"collection":[{"href":"https:\/\/zewo.ch\/de\/wp-json\/wp\/v2\/posts"}],"about":[{"href":"https:\/\/zewo.ch\/de\/wp-json\/wp\/v2\/types\/post"}],"author":[{"embeddable":true,"href":"https:\/\/zewo.ch\/de\/wp-json\/wp\/v2\/users\/7"}],"replies":[{"embeddable":true,"href":"https:\/\/zewo.ch\/de\/wp-json\/wp\/v2\/comments?post=371102"}],"version-history":[{"count":11,"href":"https:\/\/zewo.ch\/de\/wp-json\/wp\/v2\/posts\/371102\/revisions"}],"predecessor-version":[{"id":4566590,"href":"https:\/\/zewo.ch\/de\/wp-json\/wp\/v2\/posts\/371102\/revisions\/4566590"}],"wp:featuredmedia":[{"embeddable":true,"href":"https:\/\/zewo.ch\/de\/wp-json\/wp\/v2\/media\/389856"}],"wp:attachment":[{"href":"https:\/\/zewo.ch\/de\/wp-json\/wp\/v2\/media?parent=371102"}],"wp:term":[{"taxonomy":"category","embeddable":true,"href":"https:\/\/zewo.ch\/de\/wp-json\/wp\/v2\/categories?post=371102"},{"taxonomy":"post_tag","embeddable":true,"href":"https:\/\/zewo.ch\/de\/wp-json\/wp\/v2\/tags?post=371102"}],"curies":[{"name":"wp","href":"https:\/\/api.w.org\/{rel}","templated":true}]}}