{"id":353300,"date":"2019-07-05T18:06:56","date_gmt":"2019-07-05T16:06:56","guid":{"rendered":"https:\/\/www.zewo.ch\/?p=353300"},"modified":"2020-10-15T12:40:26","modified_gmt":"2020-10-15T10:40:26","slug":"news-npo-in-politischen-debatten","status":"publish","type":"post","link":"https:\/\/zewo.ch\/de\/news-npo-in-politischen-debatten\/","title":{"rendered":"NPO in politischen Debatten"},"content":{"rendered":"\n<p><strong>Politische Debatten pr\u00e4gen die Arbeit von NPO und NPO pr\u00e4gen politische Debatten. Die Zewo-Tagung zeigt, welche Themen auf der Agenda stehen. Es erwartet Sie ein spannendes Programm.  <\/strong><\/p>\n\n\n\n<p>An der Zewo-Tagung erfahren Sie, wie NPO ihre politische Arbeit gestalten und wie sie ihren Anliegen Geh\u00f6r verschaffen. Der Anlass findet am 19. September im Volkshaus Z\u00fcrich statt. Halten Sie Ihre politische Agenda \u00e0 jour. Nutzen Sie die Gelegenheit, um den Kontakt mit andern NPO zu pflegen. <\/p>\n\n\n\n<h3 class=\"wp-block-heading\">Das bietet der Morgen<\/h3>\n\n\n\n<p><strong>9.00: T\u00fcr\u00f6ffnung und Kaffee. <\/strong>Fr\u00fch sein lohnt sich. Sie treffen Berufskolleginnen und -kollegen oder entdecken neue Gesichter. <br> <br><strong>9.30: Begr\u00fcssung durch Kurt Gr\u00fcter, <\/strong>Pr\u00e4sident Stiftung Zewo.<br><strong>9.40: Politische Landkarte f\u00fcr NPO<\/strong>. <strong>Michael Hermann, Politikgeograf und Gesch\u00e4ftsleiter Sotomo<\/strong>. Einordnender \u00dcberblick zu den brisanten Themen in der Sozial-, Gesundheits-, Umwelt-, Migrations- und Entwicklungspolitik. Wer sind die wichtigsten Akteure und welche Rolle spielen NPO im politischen Diskurs?<br><strong>10.10<\/strong>: <strong>Neue Wege in der Entwicklungspolitik. Philipp Aerni<\/strong>, <strong>Direktor des Zentrums f\u00fcr Unternehmensverantwortung und Nachhaltigkeit an der Universit\u00e4t Z\u00fcrich<\/strong>. Wie Kooperationen mit dem Privatsektor f\u00fcr inklusives Wachstum sorgen. Warum gen\u00fcgt es nicht, die Lage von Kleinstbauern und Slumbewohnern zu verbessern oder Fair Trade und Bio-Produkte zu f\u00f6rdern?<br><strong>10.40: La politique sociale et de sant\u00e9 \u00e0 la loupe Val\u00e9rie Hugentobler, Professeure \u00e0 l&#8217;Haute \u00e9cole de travail social et de la sant\u00e9 (HES\u00b7SO) Lausanne<\/strong>. Quels sont les d\u00e9bats qui font bouger le secteur? Qu&#8217;est-ce qui soutient le travail des organisations sociales, qu&#8217;est-ce qui les g\u00eane? Quels sont les d\u00e9fis dans le secteur?<br><strong>11.10: Kaffeepause: <\/strong>Nutzen Sie die Gelegenheit zum Austausch.<\/p>\n\n\n\n<h3 class=\"wp-block-heading\">Eine spannende Runde auf dem Podium<\/h3>\n\n\n\n<p><strong>11.30 Diskussionsrunde:<\/strong> Wie nehmen verschiedene Akteure die Debatten wahr? Was sind ihre Anliegen? Welche Erwartungen haben sie an andere? Wie nehmen sie ihre Rolle wahr? <strong>Ladina Spiess<\/strong> diskutiert diese und andere Fragen mit den folgenden G\u00e4sten: <strong>Miriam Behrens, <\/strong>Direktorin Schweiz.&nbsp;Fl\u00fcchtlingshilfe SFH<strong>, Rahel B\u00f6sch<\/strong>,<strong> <\/strong>Leiterin Institutionelle Partnerschaften Deza,<strong> Mark Herkenrath<\/strong>, Alliance Sud,<strong> Christine Kopp<\/strong>,<strong> <\/strong>Stv. Direktorin Schweiz. Rotes Kreuz und Departementsleiterin Gesundheit und Integration sowie<strong> Walter Schmid<\/strong>,<strong> <\/strong>Pr\u00e4sident Heks.<br><br><strong>12.30&nbsp;Stehlunch: <\/strong>Nutzen Sie die Gelegenheit zur Vernetzung. <\/p>\n\n\n\n<h3 class=\"wp-block-heading\">Fokusgruppen bieten Einblick in die Praxis<\/h3>\n\n\n\n<p>Polit-Profis geben Einblick in Ihre Arbeit. Vertiefen Sie ein Thema, das Sie besonders interessiert. Diskutieren Sie die Erfahrung aus der Praxis in kleinen Gruppen:<\/p>\n\n\n\n<p><strong>13.30:  Fokusgruppen \u2013 Sie haben die Wahl: <\/strong><br><br><strong>1 | Lobbying auf dem politischen Parkett, Felix Wirz, Gesch\u00e4ftsf\u00fchrer Ecopolitics.<\/strong> Politik verstehen und bewegen. Wie NPO ihre St\u00e4rken beim Lobbying einsetzen, richtig argumentieren, zielgruppen\u00adgerecht kommunizieren und sich in den richtigen Allianzen wirksam in die Politik einbringen.&nbsp;<br><strong>2 | Campaigning einer investigativen NGO Oliver Classen, Mediensprecher Public Eye<\/strong>: Wie werden aus gr\u00fcndlichen Recherchen zu komplexen Themen erfolgreiche wirtschaftspolitische Kampagnen? Ein paar Einblicke in die Kommunikationsstrategie und Arbeitsweise von Public Eye.<br><strong>3 | Public Affairs einer NPO. Martin Fl\u00fcgel, Politik und Public Affaires, Caritas Schweiz<\/strong>: Wie sich Caritas in die politische Debatte einbringt. Aktuelle Themen, Herausforderungen und Erfolgsfaktoren f\u00fcr die Public Affaires von NPO.<br><strong>4 | Dachverband der Behinderten-Selbstvertretung. Suzanne Auer, Zentralsekret\u00e4rin Agile.ch<\/strong>: Wie es gelingt, die Interessen von 41 Mitgliederorganisationen und 1,8 Millionen Menschen mit Behinderung gegen\u00fcber der Politik, der Verwaltung und in der \u00d6ffentlichkeit zu vertreten und worauf es dabei ankommt.<br><strong>5 | Politikmonitoring f\u00fcr NPO. Yvan Rielle, Partner und Co-Gesch\u00e4ftsf\u00fchrer bei polsan:<\/strong> Gesundheits- und sozialpolitische Themen auf dem Radar haben: So entwickeln NPO politische Strategien und positionieren ihre Anliegen richtig. Erfahrungen und Hinweise.<\/p>\n\n\n\n<p><strong>14.10 Kaffeepause: <\/strong>Nutzen Sie die Gelegenheit, um Kontakte zu pflegen.<\/p>\n\n\n\n<h3 class=\"wp-block-heading\">Das Schlussbouquet am Nachmittag<\/h3>\n\n\n\n<p><strong>14.30: NPO-Politik in den Medien. Mark Eisenegger, Professor Universit\u00e4t Z\u00fcrich, Leiter Forschungsinstitut \u00d6ffentlichkeit und Gesellschaft (f\u00f6g). <\/strong>Wie die Medien \u00fcber politische Debatten im NPO-Bereich berichten.<br><strong>15.00: Macht es Greta vor?<\/strong> <strong>Urs Leugger, Zentralsekret\u00e4r Pro Natura<\/strong>. Natur- und Umweltorganisationen fordern und wie sie sich in politischen Debatten Geh\u00f6r verschaffen.<br><strong>15.30: NPO als Beruf \u2013 Politik als Berufung<\/strong>. <strong>Jon Pult, Politiker und Polit-Campaigner von Feinheit. <\/strong>Gedanken zur politischen Kommunikation von NPO und Fazit der Tagung.<br><strong>16.00: Ausblick der Zewo und Schlusswort von Martina Ziegerer, <\/strong>Gesch\u00e4ftsleiterin Stiftung Zewo.<br><strong>16.10: Ende der Tagung<\/strong><\/p>\n\n\n\n<h3 class=\"wp-block-heading\">Die praktischen Informationen im \u00dcberblick<\/h3>\n\n\n\n<p><strong>Datum: <\/strong>Donnerstag, 19. September 2019<strong> <\/strong><br><strong>Ort<\/strong>: Volkshaus Z\u00fcrich, Stauffacherstrasse 60, 8004 Z\u00fcrich<br><strong>Anfahrt:<\/strong> Vom Bahnhof Z\u00fcrich, Hardbr\u00fccke mit dem Tram 8 bis Haltestelle Helvetiaplatz. Vom Hauptbahnhof Z\u00fcrich mit dem Tram 3 oder 14 bis Haltestelle Stauffacher. <br><strong>T\u00fcr\u00f6ffnung:<\/strong> 9.00 Uhr<br><strong>Dauer:<\/strong> 9.30 bis 16.10 Uhr <br><strong>\u00dcbersetzung:<\/strong> Wir sorgen f\u00fcr eine simultane \u00dcbersetzung der Referate und der gr\u00f6ssten Fokusgruppe ( Deutsch \u2013 Franz\u00f6sisch \u2013 Deutsch}<br><strong>Dokumente:<\/strong> Sie erhalten im Anschluss der Tagung Zugang zu einer gesch\u00fctzten Webseite mit den Unterlagen. <\/p>\n\n\n\n<p><strong>Preis f\u00fcr NPO mit Zewo-G\u00fctesiegel:<\/strong> 280 Franken pro Person<br><strong>Regul\u00e4rer Preis:<\/strong> 420 Franken pro Person<br><strong>Multipack:<\/strong> Melden Sich gleichzeitig mehr als drei Personen der selben NPO an, erhalten sie 15 Prozent Rabatt.<\/p>\n","protected":false},"excerpt":{"rendered":"<p>Jetzt anmelden f\u00fcr Zewo-Tagung am Donnerstag 19. September 2019<\/p>\n","protected":false},"author":7,"featured_media":377240,"comment_status":"closed","ping_status":"closed","sticky":false,"template":"","format":"standard","meta":{"_acf_changed":false,"footnotes":""},"categories":[1327,1860],"tags":[4661,2043,4660,4657,4658],"class_list":["post-353300","post","type-post","status-publish","format-standard","has-post-thumbnail","hentry","category-fuehrung-organisation","category-news","tag-fokusgruppen","tag-npo-mit-guetesiegel","tag-volkshaus-zuerich","tag-zewo","tag-zewo-tagung"],"acf":[],"yoast_head":"<!-- This site is optimized with the Yoast SEO Premium plugin v26.0 (Yoast SEO v26.0) - https:\/\/yoast.com\/wordpress\/plugins\/seo\/ -->\n<title>Zewo<\/title>\n<meta name=\"description\" content=\"Politische Debatten pr\u00e4gen die Arbeit von NPO und NPO pr\u00e4gen politische Debatten. Halten Sie Ihre Agenda \u00e0 jour. Jetzt anmelden f\u00fcr die Zewo-Tagung 2019.\" \/>\n<meta name=\"robots\" content=\"index, follow, max-snippet:-1, max-image-preview:large, max-video-preview:-1\" \/>\n<link rel=\"canonical\" href=\"https:\/\/zewo.ch\/de\/news-npo-in-politischen-debatten\/\" \/>\n<meta property=\"og:locale\" content=\"de_DE\" \/>\n<meta property=\"og:type\" content=\"article\" \/>\n<meta property=\"og:description\" content=\"Politische Debatten pr\u00e4gen die Arbeit von NPO und NPO pr\u00e4gen politische Debatten. Halten Sie Ihre Agenda \u00e0 jour. Jetzt anmelden f\u00fcr die Zewo-Tagung 2019.\" \/>\n<meta property=\"og:url\" content=\"https:\/\/zewo.ch\/de\/news-npo-in-politischen-debatten\/\" \/>\n<meta property=\"og:site_name\" content=\"Zewo\" \/>\n<meta property=\"article:publisher\" content=\"https:\/\/www.facebook.com\/Stiftung.ZEWO\/\" \/>\n<meta property=\"article:published_time\" content=\"2019-07-05T16:06:56+00:00\" \/>\n<meta property=\"article:modified_time\" content=\"2020-10-15T10:40:26+00:00\" \/>\n<meta property=\"og:image\" content=\"https:\/\/zewo.ch\/wp-content\/uploads\/2019\/07\/politische-Debatten-700x500.jpg\" \/>\n\t<meta property=\"og:image:width\" content=\"700\" \/>\n\t<meta property=\"og:image:height\" content=\"500\" \/>\n\t<meta property=\"og:image:type\" content=\"image\/jpeg\" \/>\n<meta name=\"author\" content=\"Martina Ziegerer\" \/>\n<meta name=\"twitter:card\" content=\"summary_large_image\" \/>\n<meta name=\"twitter:creator\" content=\"@stiftung_zewo\" \/>\n<meta name=\"twitter:site\" content=\"@stiftung_zewo\" \/>\n<meta name=\"twitter:label1\" content=\"Verfasst von\" \/>\n\t<meta name=\"twitter:data1\" content=\"Martina Ziegerer\" \/>\n\t<meta name=\"twitter:label2\" content=\"Gesch\u00e4tzte Lesezeit\" \/>\n\t<meta name=\"twitter:data2\" content=\"4\u00a0Minuten\" \/>\n<script type=\"application\/ld+json\" class=\"yoast-schema-graph\">{\"@context\":\"https:\/\/schema.org\",\"@graph\":[{\"@type\":\"Article\",\"@id\":\"https:\/\/zewo.ch\/de\/news-npo-in-politischen-debatten\/#article\",\"isPartOf\":{\"@id\":\"https:\/\/zewo.ch\/de\/news-npo-in-politischen-debatten\/\"},\"author\":{\"name\":\"Martina Ziegerer\",\"@id\":\"https:\/\/zewo.ch\/de\/#\/schema\/person\/96b10222a0cd263eca56b23cdad51c90\"},\"headline\":\"NPO in politischen Debatten\",\"datePublished\":\"2019-07-05T16:06:56+00:00\",\"dateModified\":\"2020-10-15T10:40:26+00:00\",\"mainEntityOfPage\":{\"@id\":\"https:\/\/zewo.ch\/de\/news-npo-in-politischen-debatten\/\"},\"wordCount\":783,\"publisher\":{\"@id\":\"https:\/\/zewo.ch\/de\/#organization\"},\"image\":{\"@id\":\"https:\/\/zewo.ch\/de\/news-npo-in-politischen-debatten\/#primaryimage\"},\"thumbnailUrl\":\"https:\/\/zewo.ch\/wp-content\/uploads\/2019\/07\/politische-Debatten-700x500.jpg\",\"keywords\":[\"Fokusgruppen\",\"NPO mit G\u00fctesiegel\",\"Volkshaus Z\u00fcrich\",\"Zewo\",\"Zewo-Tagung\"],\"articleSection\":[\"F\u00fchrung &amp; Organisation\",\"News\"],\"inLanguage\":\"de\"},{\"@type\":\"WebPage\",\"@id\":\"https:\/\/zewo.ch\/de\/news-npo-in-politischen-debatten\/#webpage\",\"url\":\"https:\/\/zewo.ch\/de\/news-npo-in-politischen-debatten\/#webpage\",\"name\":\"\",\"isPartOf\":{\"@id\":\"https:\/\/zewo.ch\/de\/#website\"},\"primaryImageOfPage\":{\"@id\":\"https:\/\/zewo.ch\/de\/news-npo-in-politischen-debatten\/#primaryimage\"},\"image\":{\"@id\":\"https:\/\/zewo.ch\/de\/news-npo-in-politischen-debatten\/#primaryimage\"},\"thumbnailUrl\":\"https:\/\/zewo.ch\/wp-content\/uploads\/2019\/07\/politische-Debatten-700x500.jpg\",\"datePublished\":\"2019-07-05T16:06:56+00:00\",\"dateModified\":\"2020-10-15T10:40:26+00:00\",\"description\":\"Politische Debatten pr\u00e4gen die Arbeit von NPO und NPO pr\u00e4gen politische Debatten. Halten Sie Ihre Agenda \u00e0 jour. Jetzt anmelden f\u00fcr die Zewo-Tagung 2019.\",\"breadcrumb\":{\"@id\":\"https:\/\/zewo.ch\/de\/news-npo-in-politischen-debatten\/#breadcrumb\"},\"inLanguage\":\"de\",\"potentialAction\":[{\"@type\":\"ReadAction\",\"target\":[\"https:\/\/zewo.ch\/de\/news-npo-in-politischen-debatten\/\"]}]},{\"@type\":\"ImageObject\",\"inLanguage\":\"de\",\"@id\":\"https:\/\/zewo.ch\/de\/news-npo-in-politischen-debatten\/#primaryimage\",\"url\":\"https:\/\/zewo.ch\/wp-content\/uploads\/2019\/07\/politische-Debatten-700x500.jpg\",\"contentUrl\":\"https:\/\/zewo.ch\/wp-content\/uploads\/2019\/07\/politische-Debatten-700x500.jpg\",\"width\":700,\"height\":500,\"caption\":\"NPO in politischen Debatten\"},{\"@type\":\"BreadcrumbList\",\"@id\":\"https:\/\/zewo.ch\/de\/news-npo-in-politischen-debatten\/#breadcrumb\",\"itemListElement\":[{\"@type\":\"ListItem\",\"position\":1,\"name\":\"Home\",\"item\":\"https:\/\/zewo.ch\/de\/\"},{\"@type\":\"ListItem\",\"position\":2,\"name\":\"NPO in politischen Debatten\"}]},{\"@type\":\"WebSite\",\"@id\":\"https:\/\/zewo.ch\/de\/#website\",\"url\":\"https:\/\/zewo.ch\/de\/\",\"name\":\"Zewo\",\"description\":\"Ihre Spende in guten H\u00e4nden.\",\"publisher\":{\"@id\":\"https:\/\/zewo.ch\/de\/#organization\"},\"potentialAction\":[{\"@type\":\"SearchAction\",\"target\":{\"@type\":\"EntryPoint\",\"urlTemplate\":\"https:\/\/zewo.ch\/de\/?s={search_term_string}\"},\"query-input\":{\"@type\":\"PropertyValueSpecification\",\"valueRequired\":true,\"valueName\":\"search_term_string\"}}],\"inLanguage\":\"de\"},{\"@type\":\"Organization\",\"@id\":\"https:\/\/zewo.ch\/de\/#organization\",\"name\":\"Stiftung Zewo\",\"url\":\"https:\/\/zewo.ch\/de\/\",\"logo\":{\"@type\":\"ImageObject\",\"inLanguage\":\"de\",\"@id\":\"https:\/\/zewo.ch\/de\/#\/schema\/logo\/image\/\",\"url\":\"https:\/\/zewo.ch\/wp-content\/uploads\/2019\/08\/Zewo_Logo_Claim_D.svg\",\"contentUrl\":\"https:\/\/zewo.ch\/wp-content\/uploads\/2019\/08\/Zewo_Logo_Claim_D.svg\",\"width\":1,\"height\":1,\"caption\":\"Stiftung Zewo\"},\"image\":{\"@id\":\"https:\/\/zewo.ch\/de\/#\/schema\/logo\/image\/\"},\"sameAs\":[\"https:\/\/www.facebook.com\/Stiftung.ZEWO\/\",\"https:\/\/x.com\/stiftung_zewo\",\"https:\/\/www.linkedin.com\/company\/stiftung-zewo\",\"https:\/\/www.youtube.com\/channel\/UCzjsVJro12OXcvvx1LQP8tw\",\"https:\/\/de.wikipedia.org\/wiki\/Zewo\"]},{\"@type\":\"Person\",\"@id\":\"https:\/\/zewo.ch\/de\/#\/schema\/person\/96b10222a0cd263eca56b23cdad51c90\",\"name\":\"Martina Ziegerer\",\"image\":{\"@type\":\"ImageObject\",\"inLanguage\":\"de\",\"@id\":\"https:\/\/zewo.ch\/de\/#\/schema\/person\/image\/\",\"url\":\"https:\/\/secure.gravatar.com\/avatar\/94cb36f58dbc034cdf9b7032ddc49ce2e1b34ebecaad083aa00e2fe46d3f299b?s=96&d=mm&r=g\",\"contentUrl\":\"https:\/\/secure.gravatar.com\/avatar\/94cb36f58dbc034cdf9b7032ddc49ce2e1b34ebecaad083aa00e2fe46d3f299b?s=96&d=mm&r=g\",\"caption\":\"Martina Ziegerer\"},\"sameAs\":[\"https:\/\/www.zewo.ch\/\"]}]}<\/script>\n<!-- \/ Yoast SEO Premium plugin. -->","yoast_head_json":{"title":"Zewo","description":"Politische Debatten pr\u00e4gen die Arbeit von NPO und NPO pr\u00e4gen politische Debatten. Halten Sie Ihre Agenda \u00e0 jour. Jetzt anmelden f\u00fcr die Zewo-Tagung 2019.","robots":{"index":"index","follow":"follow","max-snippet":"max-snippet:-1","max-image-preview":"max-image-preview:large","max-video-preview":"max-video-preview:-1"},"canonical":"https:\/\/zewo.ch\/de\/news-npo-in-politischen-debatten\/","og_locale":"de_DE","og_type":"article","og_description":"Politische Debatten pr\u00e4gen die Arbeit von NPO und NPO pr\u00e4gen politische Debatten. Halten Sie Ihre Agenda \u00e0 jour. Jetzt anmelden f\u00fcr die Zewo-Tagung 2019.","og_url":"https:\/\/zewo.ch\/de\/news-npo-in-politischen-debatten\/","og_site_name":"Zewo","article_publisher":"https:\/\/www.facebook.com\/Stiftung.ZEWO\/","article_published_time":"2019-07-05T16:06:56+00:00","article_modified_time":"2020-10-15T10:40:26+00:00","og_image":[{"width":700,"height":500,"url":"https:\/\/zewo.ch\/wp-content\/uploads\/2019\/07\/politische-Debatten-700x500.jpg","type":"image\/jpeg"}],"author":"Martina Ziegerer","twitter_card":"summary_large_image","twitter_creator":"@stiftung_zewo","twitter_site":"@stiftung_zewo","twitter_misc":{"Verfasst von":"Martina Ziegerer","Gesch\u00e4tzte Lesezeit":"4\u00a0Minuten"},"schema":{"@context":"https:\/\/schema.org","@graph":[{"@type":"Article","@id":"https:\/\/zewo.ch\/de\/news-npo-in-politischen-debatten\/#article","isPartOf":{"@id":"https:\/\/zewo.ch\/de\/news-npo-in-politischen-debatten\/"},"author":{"name":"Martina Ziegerer","@id":"https:\/\/zewo.ch\/de\/#\/schema\/person\/96b10222a0cd263eca56b23cdad51c90"},"headline":"NPO in politischen Debatten","datePublished":"2019-07-05T16:06:56+00:00","dateModified":"2020-10-15T10:40:26+00:00","mainEntityOfPage":{"@id":"https:\/\/zewo.ch\/de\/news-npo-in-politischen-debatten\/"},"wordCount":783,"publisher":{"@id":"https:\/\/zewo.ch\/de\/#organization"},"image":{"@id":"https:\/\/zewo.ch\/de\/news-npo-in-politischen-debatten\/#primaryimage"},"thumbnailUrl":"https:\/\/zewo.ch\/wp-content\/uploads\/2019\/07\/politische-Debatten-700x500.jpg","keywords":["Fokusgruppen","NPO mit G\u00fctesiegel","Volkshaus Z\u00fcrich","Zewo","Zewo-Tagung"],"articleSection":["F\u00fchrung &amp; Organisation","News"],"inLanguage":"de"},{"@type":"WebPage","@id":"https:\/\/zewo.ch\/de\/news-npo-in-politischen-debatten\/#webpage","url":"https:\/\/zewo.ch\/de\/news-npo-in-politischen-debatten\/#webpage","name":"","isPartOf":{"@id":"https:\/\/zewo.ch\/de\/#website"},"primaryImageOfPage":{"@id":"https:\/\/zewo.ch\/de\/news-npo-in-politischen-debatten\/#primaryimage"},"image":{"@id":"https:\/\/zewo.ch\/de\/news-npo-in-politischen-debatten\/#primaryimage"},"thumbnailUrl":"https:\/\/zewo.ch\/wp-content\/uploads\/2019\/07\/politische-Debatten-700x500.jpg","datePublished":"2019-07-05T16:06:56+00:00","dateModified":"2020-10-15T10:40:26+00:00","description":"Politische Debatten pr\u00e4gen die Arbeit von NPO und NPO pr\u00e4gen politische Debatten. Halten Sie Ihre Agenda \u00e0 jour. Jetzt anmelden f\u00fcr die Zewo-Tagung 2019.","breadcrumb":{"@id":"https:\/\/zewo.ch\/de\/news-npo-in-politischen-debatten\/#breadcrumb"},"inLanguage":"de","potentialAction":[{"@type":"ReadAction","target":["https:\/\/zewo.ch\/de\/news-npo-in-politischen-debatten\/"]}]},{"@type":"ImageObject","inLanguage":"de","@id":"https:\/\/zewo.ch\/de\/news-npo-in-politischen-debatten\/#primaryimage","url":"https:\/\/zewo.ch\/wp-content\/uploads\/2019\/07\/politische-Debatten-700x500.jpg","contentUrl":"https:\/\/zewo.ch\/wp-content\/uploads\/2019\/07\/politische-Debatten-700x500.jpg","width":700,"height":500,"caption":"NPO in politischen Debatten"},{"@type":"BreadcrumbList","@id":"https:\/\/zewo.ch\/de\/news-npo-in-politischen-debatten\/#breadcrumb","itemListElement":[{"@type":"ListItem","position":1,"name":"Home","item":"https:\/\/zewo.ch\/de\/"},{"@type":"ListItem","position":2,"name":"NPO in politischen Debatten"}]},{"@type":"WebSite","@id":"https:\/\/zewo.ch\/de\/#website","url":"https:\/\/zewo.ch\/de\/","name":"Zewo","description":"Ihre Spende in guten H\u00e4nden.","publisher":{"@id":"https:\/\/zewo.ch\/de\/#organization"},"potentialAction":[{"@type":"SearchAction","target":{"@type":"EntryPoint","urlTemplate":"https:\/\/zewo.ch\/de\/?s={search_term_string}"},"query-input":{"@type":"PropertyValueSpecification","valueRequired":true,"valueName":"search_term_string"}}],"inLanguage":"de"},{"@type":"Organization","@id":"https:\/\/zewo.ch\/de\/#organization","name":"Stiftung Zewo","url":"https:\/\/zewo.ch\/de\/","logo":{"@type":"ImageObject","inLanguage":"de","@id":"https:\/\/zewo.ch\/de\/#\/schema\/logo\/image\/","url":"https:\/\/zewo.ch\/wp-content\/uploads\/2019\/08\/Zewo_Logo_Claim_D.svg","contentUrl":"https:\/\/zewo.ch\/wp-content\/uploads\/2019\/08\/Zewo_Logo_Claim_D.svg","width":1,"height":1,"caption":"Stiftung Zewo"},"image":{"@id":"https:\/\/zewo.ch\/de\/#\/schema\/logo\/image\/"},"sameAs":["https:\/\/www.facebook.com\/Stiftung.ZEWO\/","https:\/\/x.com\/stiftung_zewo","https:\/\/www.linkedin.com\/company\/stiftung-zewo","https:\/\/www.youtube.com\/channel\/UCzjsVJro12OXcvvx1LQP8tw","https:\/\/de.wikipedia.org\/wiki\/Zewo"]},{"@type":"Person","@id":"https:\/\/zewo.ch\/de\/#\/schema\/person\/96b10222a0cd263eca56b23cdad51c90","name":"Martina Ziegerer","image":{"@type":"ImageObject","inLanguage":"de","@id":"https:\/\/zewo.ch\/de\/#\/schema\/person\/image\/","url":"https:\/\/secure.gravatar.com\/avatar\/94cb36f58dbc034cdf9b7032ddc49ce2e1b34ebecaad083aa00e2fe46d3f299b?s=96&d=mm&r=g","contentUrl":"https:\/\/secure.gravatar.com\/avatar\/94cb36f58dbc034cdf9b7032ddc49ce2e1b34ebecaad083aa00e2fe46d3f299b?s=96&d=mm&r=g","caption":"Martina Ziegerer"},"sameAs":["https:\/\/www.zewo.ch\/"]}]}},"publishpress_future_action":{"enabled":false,"date":"2026-05-07 02:00:42","action":"change-status","newStatus":"draft","terms":[],"taxonomy":"category","extraData":[]},"publishpress_future_workflow_manual_trigger":{"enabledWorkflows":[]},"_links":{"self":[{"href":"https:\/\/zewo.ch\/de\/wp-json\/wp\/v2\/posts\/353300","targetHints":{"allow":["GET"]}}],"collection":[{"href":"https:\/\/zewo.ch\/de\/wp-json\/wp\/v2\/posts"}],"about":[{"href":"https:\/\/zewo.ch\/de\/wp-json\/wp\/v2\/types\/post"}],"author":[{"embeddable":true,"href":"https:\/\/zewo.ch\/de\/wp-json\/wp\/v2\/users\/7"}],"replies":[{"embeddable":true,"href":"https:\/\/zewo.ch\/de\/wp-json\/wp\/v2\/comments?post=353300"}],"version-history":[{"count":11,"href":"https:\/\/zewo.ch\/de\/wp-json\/wp\/v2\/posts\/353300\/revisions"}],"predecessor-version":[{"id":527746,"href":"https:\/\/zewo.ch\/de\/wp-json\/wp\/v2\/posts\/353300\/revisions\/527746"}],"wp:featuredmedia":[{"embeddable":true,"href":"https:\/\/zewo.ch\/de\/wp-json\/wp\/v2\/media\/377240"}],"wp:attachment":[{"href":"https:\/\/zewo.ch\/de\/wp-json\/wp\/v2\/media?parent=353300"}],"wp:term":[{"taxonomy":"category","embeddable":true,"href":"https:\/\/zewo.ch\/de\/wp-json\/wp\/v2\/categories?post=353300"},{"taxonomy":"post_tag","embeddable":true,"href":"https:\/\/zewo.ch\/de\/wp-json\/wp\/v2\/tags?post=353300"}],"curies":[{"name":"wp","href":"https:\/\/api.w.org\/{rel}","templated":true}]}}