{"id":346939,"date":"2019-07-04T09:02:39","date_gmt":"2019-07-04T07:02:39","guid":{"rendered":"https:\/\/www.zewo.ch\/?p=346939"},"modified":"2020-10-15T12:41:23","modified_gmt":"2020-10-15T10:41:23","slug":"news-erfrischende-literatur-fuer-die-heissen-tage","status":"publish","type":"post","link":"https:\/\/zewo.ch\/de\/news-erfrischende-literatur-fuer-die-heissen-tage\/","title":{"rendered":"Erfrischende Literatur f\u00fcr die heissen Tage"},"content":{"rendered":"\n<p><strong>Damit die B\u00fccherw\u00fcrmer in den Sommerferien nicht ins Schwitzen kommen: Hier unsere aktuellen Geheimtipps, passend zu den heissen Tagen eiskalt serviert.<\/strong><\/p>\n\n\n\n<h3 class=\"wp-block-heading\">Agentenroman<\/h3>\n\n\n\n<p><em>John le Carr\u00e9<\/em><br><strong>Der Spion, der aus der K\u00e4lte kam<\/strong><em><br><\/em>Der Klassiker aus dem&nbsp;Kalten Krieg ist genau das Richtige f\u00fcr heisse Tage. F\u00fcr alle, die Geschichten von Agenten, \u00dcberl\u00e4ufern und kalt berechnenden Geheimdiensten lieben.<\/p>\n\n\n\n<p>Ullstein Verlag, ISBN 978-3-548-28725-6<\/p>\n\n\n\n<h3 class=\"wp-block-heading\">Island-Krimi<\/h3>\n\n\n\n<p><em>Arnaldur Indridason<\/em><br><strong>Eisesk\u00e4lte<\/strong><br>Reisen Sie mit Kommissar Erlendur in die Ostfjorde. Sein elfter Fall f\u00fchrt ihn in die Gegend, wo der seine Kindheit verbracht und seinen kleinen Bruder im Schneesturm verloren hat.<\/p>\n\n\n\n<p>L\u00fcbbe Verlag, ISBN 978-3-7857-2462-0<\/p>\n\n\n\n<h3 class=\"wp-block-heading\">Lyrik<\/h3>\n\n\n\n<p><em>Lars Ruppel<\/em><br><strong>Die Kuh vom Eis<br><\/strong>Neue Gedichte \u00fcber Redensarten. Wer heisse Eisen anpackt, l\u00f6st gelegentlich einen Shitstorm aus. F\u00fcr alle, die wissen wollen, wie sie die Kuh wieder vom Eis bringen, hat der Poetry-Slammer neue Reime auf alte Redensarten gemacht.<\/p>\n\n\n\n<p>Satyr Verlag, ISBN 78-3-944035-85-7<\/p>\n\n\n\n<h3 class=\"wp-block-heading\">Tatsachenroman<\/h3>\n\n\n\n<p><em>Truman Capote<\/em><br><strong>Kaltbl\u00fctig<br><\/strong>Wahrheitsgem\u00e4sser Bericht \u00fcber einen mehrfachen Mord und seine Folgen.<br>F\u00fcr alle, die mehr brauchen als einen Krimi, damit das Blut in den Adern gefriert. Der Tatsachenroman von Truman Capote zeigt, wie Menschen zu M\u00f6rdern werden. Der internationale Bestseller wurde mehrmals verfilmt.<\/p>\n\n\n\n<p>Hrsg. v. Anuschka Roshani, Kein + Aber Verlag, ISBN 978-3-0369-5161-4<\/p>\n\n\n\n<h3 class=\"wp-block-heading\">Literarischer Thriller<\/h3>\n\n\n\n<p><em>Peter Hoeg<\/em><br><strong>Smilla\u2019s Sense of Snow (Fr\u00e4ulein Smillas Gesp\u00fcr f\u00fcr Schnee) <\/strong><br>F\u00fcr alle, die es erfrischend finden, beim Sonnenbaden Spuren im Schnee zu lesen. Lassen Sie sich nicht t\u00e4uschen, und gehen Sie wie Smilla den&nbsp; Dingen auf den&nbsp; Grund. Angesichts des deutschen Titels empfehlen wir die englische Ausgabe zu lesen.<\/p>\n\n\n\n<p>Dell Verlag, ISBN-13: 978-0440218531<\/p>\n\n\n\n<h3 class=\"wp-block-heading\">Kinderbuch<\/h3>\n\n\n\n<p><em>Hans de Beer<\/em><br><strong>Wohin f\u00e4hrst du, kleiner Eisb\u00e4r?<\/strong><br>Lars, der kleine Eisb\u00e4r, lebt hoch im kalten Norden, wo es nur Schnee und Eis gibt. Seine Geschichten l\u00f6sen bei Gross und Klein angenehm k\u00fchle Bilder aus. <\/p>\n\n\n\n<p>Ellermann Verlag, ISBN 978-3-7707-7700-6<\/p>\n","protected":false},"excerpt":{"rendered":"<p>B\u00fcchertipps f\u00fcr die Sommerferien<\/p>\n","protected":false},"author":7,"featured_media":377155,"comment_status":"closed","ping_status":"closed","sticky":false,"template":"","format":"standard","meta":{"_acf_changed":false,"footnotes":""},"categories":[1860,1329],"tags":[4627,4628],"class_list":["post-346939","post","type-post","status-publish","format-standard","has-post-thumbnail","hentry","category-news","category-vermischtes","tag-buecher","tag-literatur"],"acf":[],"yoast_head":"<!-- This site is optimized with the Yoast SEO Premium plugin v26.0 (Yoast SEO v26.0) - https:\/\/yoast.com\/wordpress\/plugins\/seo\/ -->\n<title>Zewo<\/title>\n<meta name=\"description\" content=\"Damit die B\u00fccherw\u00fcrmer in den Sommerferien nicht ins Schwitzen kommen: Hier unsere aktuellen Lesetipps, passend zu den heissen Tagen eiskalt serviert.\" \/>\n<meta name=\"robots\" content=\"index, follow, max-snippet:-1, max-image-preview:large, max-video-preview:-1\" \/>\n<link rel=\"canonical\" href=\"https:\/\/zewo.ch\/de\/news-erfrischende-literatur-fuer-die-heissen-tage\/\" \/>\n<meta property=\"og:locale\" content=\"de_DE\" \/>\n<meta property=\"og:type\" content=\"article\" \/>\n<meta property=\"og:description\" content=\"Damit die B\u00fccherw\u00fcrmer in den Sommerferien nicht ins Schwitzen kommen: Hier unsere aktuellen Lesetipps, passend zu den heissen Tagen eiskalt serviert.\" \/>\n<meta property=\"og:url\" content=\"https:\/\/zewo.ch\/de\/news-erfrischende-literatur-fuer-die-heissen-tage\/\" \/>\n<meta property=\"og:site_name\" content=\"Zewo\" \/>\n<meta property=\"article:publisher\" content=\"https:\/\/www.facebook.com\/Stiftung.ZEWO\/\" \/>\n<meta property=\"article:published_time\" content=\"2019-07-04T07:02:39+00:00\" \/>\n<meta property=\"article:modified_time\" content=\"2020-10-15T10:41:23+00:00\" \/>\n<meta property=\"og:image\" content=\"https:\/\/zewo.ch\/wp-content\/uploads\/2019\/07\/Sommerliteratur-700x500.png\" \/>\n\t<meta property=\"og:image:width\" content=\"700\" \/>\n\t<meta property=\"og:image:height\" content=\"500\" \/>\n\t<meta property=\"og:image:type\" content=\"image\/png\" \/>\n<meta name=\"author\" content=\"Martina Ziegerer\" \/>\n<meta name=\"twitter:card\" content=\"summary_large_image\" \/>\n<meta name=\"twitter:creator\" content=\"@stiftung_zewo\" \/>\n<meta name=\"twitter:site\" content=\"@stiftung_zewo\" \/>\n<meta name=\"twitter:label1\" content=\"Verfasst von\" \/>\n\t<meta name=\"twitter:data1\" content=\"Martina Ziegerer\" \/>\n\t<meta name=\"twitter:label2\" content=\"Gesch\u00e4tzte Lesezeit\" \/>\n\t<meta name=\"twitter:data2\" content=\"2\u00a0Minuten\" \/>\n<script type=\"application\/ld+json\" class=\"yoast-schema-graph\">{\"@context\":\"https:\/\/schema.org\",\"@graph\":[{\"@type\":\"Article\",\"@id\":\"https:\/\/zewo.ch\/de\/news-erfrischende-literatur-fuer-die-heissen-tage\/#article\",\"isPartOf\":{\"@id\":\"https:\/\/zewo.ch\/de\/news-erfrischende-literatur-fuer-die-heissen-tage\/\"},\"author\":{\"name\":\"Martina Ziegerer\",\"@id\":\"https:\/\/zewo.ch\/de\/#\/schema\/person\/96b10222a0cd263eca56b23cdad51c90\"},\"headline\":\"Erfrischende Literatur f\u00fcr die heissen Tage\",\"datePublished\":\"2019-07-04T07:02:39+00:00\",\"dateModified\":\"2020-10-15T10:41:23+00:00\",\"mainEntityOfPage\":{\"@id\":\"https:\/\/zewo.ch\/de\/news-erfrischende-literatur-fuer-die-heissen-tage\/\"},\"wordCount\":345,\"publisher\":{\"@id\":\"https:\/\/zewo.ch\/de\/#organization\"},\"image\":{\"@id\":\"https:\/\/zewo.ch\/de\/news-erfrischende-literatur-fuer-die-heissen-tage\/#primaryimage\"},\"thumbnailUrl\":\"https:\/\/zewo.ch\/wp-content\/uploads\/2019\/07\/Sommerliteratur-700x500.png\",\"keywords\":[\"B\u00fccher\",\"Literatur\"],\"articleSection\":[\"News\",\"Vermischtes\"],\"inLanguage\":\"de\"},{\"@type\":\"WebPage\",\"@id\":\"https:\/\/zewo.ch\/de\/news-erfrischende-literatur-fuer-die-heissen-tage\/#webpage\",\"url\":\"https:\/\/zewo.ch\/de\/news-erfrischende-literatur-fuer-die-heissen-tage\/#webpage\",\"name\":\"\",\"isPartOf\":{\"@id\":\"https:\/\/zewo.ch\/de\/#website\"},\"primaryImageOfPage\":{\"@id\":\"https:\/\/zewo.ch\/de\/news-erfrischende-literatur-fuer-die-heissen-tage\/#primaryimage\"},\"image\":{\"@id\":\"https:\/\/zewo.ch\/de\/news-erfrischende-literatur-fuer-die-heissen-tage\/#primaryimage\"},\"thumbnailUrl\":\"https:\/\/zewo.ch\/wp-content\/uploads\/2019\/07\/Sommerliteratur-700x500.png\",\"datePublished\":\"2019-07-04T07:02:39+00:00\",\"dateModified\":\"2020-10-15T10:41:23+00:00\",\"description\":\"Damit die B\u00fccherw\u00fcrmer in den Sommerferien nicht ins Schwitzen kommen: Hier unsere aktuellen Lesetipps, passend zu den heissen Tagen eiskalt serviert.\",\"breadcrumb\":{\"@id\":\"https:\/\/zewo.ch\/de\/news-erfrischende-literatur-fuer-die-heissen-tage\/#breadcrumb\"},\"inLanguage\":\"de\",\"potentialAction\":[{\"@type\":\"ReadAction\",\"target\":[\"https:\/\/zewo.ch\/de\/news-erfrischende-literatur-fuer-die-heissen-tage\/\"]}]},{\"@type\":\"ImageObject\",\"inLanguage\":\"de\",\"@id\":\"https:\/\/zewo.ch\/de\/news-erfrischende-literatur-fuer-die-heissen-tage\/#primaryimage\",\"url\":\"https:\/\/zewo.ch\/wp-content\/uploads\/2019\/07\/Sommerliteratur-700x500.png\",\"contentUrl\":\"https:\/\/zewo.ch\/wp-content\/uploads\/2019\/07\/Sommerliteratur-700x500.png\",\"width\":700,\"height\":500,\"caption\":\"Erfrischende Literatur\"},{\"@type\":\"BreadcrumbList\",\"@id\":\"https:\/\/zewo.ch\/de\/news-erfrischende-literatur-fuer-die-heissen-tage\/#breadcrumb\",\"itemListElement\":[{\"@type\":\"ListItem\",\"position\":1,\"name\":\"Home\",\"item\":\"https:\/\/zewo.ch\/de\/\"},{\"@type\":\"ListItem\",\"position\":2,\"name\":\"Erfrischende Literatur f\u00fcr die heissen Tage\"}]},{\"@type\":\"WebSite\",\"@id\":\"https:\/\/zewo.ch\/de\/#website\",\"url\":\"https:\/\/zewo.ch\/de\/\",\"name\":\"Zewo\",\"description\":\"Ihre Spende in guten H\u00e4nden.\",\"publisher\":{\"@id\":\"https:\/\/zewo.ch\/de\/#organization\"},\"potentialAction\":[{\"@type\":\"SearchAction\",\"target\":{\"@type\":\"EntryPoint\",\"urlTemplate\":\"https:\/\/zewo.ch\/de\/?s={search_term_string}\"},\"query-input\":{\"@type\":\"PropertyValueSpecification\",\"valueRequired\":true,\"valueName\":\"search_term_string\"}}],\"inLanguage\":\"de\"},{\"@type\":\"Organization\",\"@id\":\"https:\/\/zewo.ch\/de\/#organization\",\"name\":\"Stiftung Zewo\",\"url\":\"https:\/\/zewo.ch\/de\/\",\"logo\":{\"@type\":\"ImageObject\",\"inLanguage\":\"de\",\"@id\":\"https:\/\/zewo.ch\/de\/#\/schema\/logo\/image\/\",\"url\":\"https:\/\/zewo.ch\/wp-content\/uploads\/2019\/08\/Zewo_Logo_Claim_D.svg\",\"contentUrl\":\"https:\/\/zewo.ch\/wp-content\/uploads\/2019\/08\/Zewo_Logo_Claim_D.svg\",\"width\":1,\"height\":1,\"caption\":\"Stiftung Zewo\"},\"image\":{\"@id\":\"https:\/\/zewo.ch\/de\/#\/schema\/logo\/image\/\"},\"sameAs\":[\"https:\/\/www.facebook.com\/Stiftung.ZEWO\/\",\"https:\/\/x.com\/stiftung_zewo\",\"https:\/\/www.linkedin.com\/company\/stiftung-zewo\",\"https:\/\/www.youtube.com\/channel\/UCzjsVJro12OXcvvx1LQP8tw\",\"https:\/\/de.wikipedia.org\/wiki\/Zewo\"]},{\"@type\":\"Person\",\"@id\":\"https:\/\/zewo.ch\/de\/#\/schema\/person\/96b10222a0cd263eca56b23cdad51c90\",\"name\":\"Martina Ziegerer\",\"image\":{\"@type\":\"ImageObject\",\"inLanguage\":\"de\",\"@id\":\"https:\/\/zewo.ch\/de\/#\/schema\/person\/image\/\",\"url\":\"https:\/\/secure.gravatar.com\/avatar\/94cb36f58dbc034cdf9b7032ddc49ce2e1b34ebecaad083aa00e2fe46d3f299b?s=96&d=mm&r=g\",\"contentUrl\":\"https:\/\/secure.gravatar.com\/avatar\/94cb36f58dbc034cdf9b7032ddc49ce2e1b34ebecaad083aa00e2fe46d3f299b?s=96&d=mm&r=g\",\"caption\":\"Martina Ziegerer\"},\"sameAs\":[\"https:\/\/www.zewo.ch\/\"]}]}<\/script>\n<!-- \/ Yoast SEO Premium plugin. -->","yoast_head_json":{"title":"Zewo","description":"Damit die B\u00fccherw\u00fcrmer in den Sommerferien nicht ins Schwitzen kommen: Hier unsere aktuellen Lesetipps, passend zu den heissen Tagen eiskalt serviert.","robots":{"index":"index","follow":"follow","max-snippet":"max-snippet:-1","max-image-preview":"max-image-preview:large","max-video-preview":"max-video-preview:-1"},"canonical":"https:\/\/zewo.ch\/de\/news-erfrischende-literatur-fuer-die-heissen-tage\/","og_locale":"de_DE","og_type":"article","og_description":"Damit die B\u00fccherw\u00fcrmer in den Sommerferien nicht ins Schwitzen kommen: Hier unsere aktuellen Lesetipps, passend zu den heissen Tagen eiskalt serviert.","og_url":"https:\/\/zewo.ch\/de\/news-erfrischende-literatur-fuer-die-heissen-tage\/","og_site_name":"Zewo","article_publisher":"https:\/\/www.facebook.com\/Stiftung.ZEWO\/","article_published_time":"2019-07-04T07:02:39+00:00","article_modified_time":"2020-10-15T10:41:23+00:00","og_image":[{"width":700,"height":500,"url":"https:\/\/zewo.ch\/wp-content\/uploads\/2019\/07\/Sommerliteratur-700x500.png","type":"image\/png"}],"author":"Martina Ziegerer","twitter_card":"summary_large_image","twitter_creator":"@stiftung_zewo","twitter_site":"@stiftung_zewo","twitter_misc":{"Verfasst von":"Martina Ziegerer","Gesch\u00e4tzte Lesezeit":"2\u00a0Minuten"},"schema":{"@context":"https:\/\/schema.org","@graph":[{"@type":"Article","@id":"https:\/\/zewo.ch\/de\/news-erfrischende-literatur-fuer-die-heissen-tage\/#article","isPartOf":{"@id":"https:\/\/zewo.ch\/de\/news-erfrischende-literatur-fuer-die-heissen-tage\/"},"author":{"name":"Martina Ziegerer","@id":"https:\/\/zewo.ch\/de\/#\/schema\/person\/96b10222a0cd263eca56b23cdad51c90"},"headline":"Erfrischende Literatur f\u00fcr die heissen Tage","datePublished":"2019-07-04T07:02:39+00:00","dateModified":"2020-10-15T10:41:23+00:00","mainEntityOfPage":{"@id":"https:\/\/zewo.ch\/de\/news-erfrischende-literatur-fuer-die-heissen-tage\/"},"wordCount":345,"publisher":{"@id":"https:\/\/zewo.ch\/de\/#organization"},"image":{"@id":"https:\/\/zewo.ch\/de\/news-erfrischende-literatur-fuer-die-heissen-tage\/#primaryimage"},"thumbnailUrl":"https:\/\/zewo.ch\/wp-content\/uploads\/2019\/07\/Sommerliteratur-700x500.png","keywords":["B\u00fccher","Literatur"],"articleSection":["News","Vermischtes"],"inLanguage":"de"},{"@type":"WebPage","@id":"https:\/\/zewo.ch\/de\/news-erfrischende-literatur-fuer-die-heissen-tage\/#webpage","url":"https:\/\/zewo.ch\/de\/news-erfrischende-literatur-fuer-die-heissen-tage\/#webpage","name":"","isPartOf":{"@id":"https:\/\/zewo.ch\/de\/#website"},"primaryImageOfPage":{"@id":"https:\/\/zewo.ch\/de\/news-erfrischende-literatur-fuer-die-heissen-tage\/#primaryimage"},"image":{"@id":"https:\/\/zewo.ch\/de\/news-erfrischende-literatur-fuer-die-heissen-tage\/#primaryimage"},"thumbnailUrl":"https:\/\/zewo.ch\/wp-content\/uploads\/2019\/07\/Sommerliteratur-700x500.png","datePublished":"2019-07-04T07:02:39+00:00","dateModified":"2020-10-15T10:41:23+00:00","description":"Damit die B\u00fccherw\u00fcrmer in den Sommerferien nicht ins Schwitzen kommen: Hier unsere aktuellen Lesetipps, passend zu den heissen Tagen eiskalt serviert.","breadcrumb":{"@id":"https:\/\/zewo.ch\/de\/news-erfrischende-literatur-fuer-die-heissen-tage\/#breadcrumb"},"inLanguage":"de","potentialAction":[{"@type":"ReadAction","target":["https:\/\/zewo.ch\/de\/news-erfrischende-literatur-fuer-die-heissen-tage\/"]}]},{"@type":"ImageObject","inLanguage":"de","@id":"https:\/\/zewo.ch\/de\/news-erfrischende-literatur-fuer-die-heissen-tage\/#primaryimage","url":"https:\/\/zewo.ch\/wp-content\/uploads\/2019\/07\/Sommerliteratur-700x500.png","contentUrl":"https:\/\/zewo.ch\/wp-content\/uploads\/2019\/07\/Sommerliteratur-700x500.png","width":700,"height":500,"caption":"Erfrischende Literatur"},{"@type":"BreadcrumbList","@id":"https:\/\/zewo.ch\/de\/news-erfrischende-literatur-fuer-die-heissen-tage\/#breadcrumb","itemListElement":[{"@type":"ListItem","position":1,"name":"Home","item":"https:\/\/zewo.ch\/de\/"},{"@type":"ListItem","position":2,"name":"Erfrischende Literatur f\u00fcr die heissen Tage"}]},{"@type":"WebSite","@id":"https:\/\/zewo.ch\/de\/#website","url":"https:\/\/zewo.ch\/de\/","name":"Zewo","description":"Ihre Spende in guten H\u00e4nden.","publisher":{"@id":"https:\/\/zewo.ch\/de\/#organization"},"potentialAction":[{"@type":"SearchAction","target":{"@type":"EntryPoint","urlTemplate":"https:\/\/zewo.ch\/de\/?s={search_term_string}"},"query-input":{"@type":"PropertyValueSpecification","valueRequired":true,"valueName":"search_term_string"}}],"inLanguage":"de"},{"@type":"Organization","@id":"https:\/\/zewo.ch\/de\/#organization","name":"Stiftung Zewo","url":"https:\/\/zewo.ch\/de\/","logo":{"@type":"ImageObject","inLanguage":"de","@id":"https:\/\/zewo.ch\/de\/#\/schema\/logo\/image\/","url":"https:\/\/zewo.ch\/wp-content\/uploads\/2019\/08\/Zewo_Logo_Claim_D.svg","contentUrl":"https:\/\/zewo.ch\/wp-content\/uploads\/2019\/08\/Zewo_Logo_Claim_D.svg","width":1,"height":1,"caption":"Stiftung Zewo"},"image":{"@id":"https:\/\/zewo.ch\/de\/#\/schema\/logo\/image\/"},"sameAs":["https:\/\/www.facebook.com\/Stiftung.ZEWO\/","https:\/\/x.com\/stiftung_zewo","https:\/\/www.linkedin.com\/company\/stiftung-zewo","https:\/\/www.youtube.com\/channel\/UCzjsVJro12OXcvvx1LQP8tw","https:\/\/de.wikipedia.org\/wiki\/Zewo"]},{"@type":"Person","@id":"https:\/\/zewo.ch\/de\/#\/schema\/person\/96b10222a0cd263eca56b23cdad51c90","name":"Martina Ziegerer","image":{"@type":"ImageObject","inLanguage":"de","@id":"https:\/\/zewo.ch\/de\/#\/schema\/person\/image\/","url":"https:\/\/secure.gravatar.com\/avatar\/94cb36f58dbc034cdf9b7032ddc49ce2e1b34ebecaad083aa00e2fe46d3f299b?s=96&d=mm&r=g","contentUrl":"https:\/\/secure.gravatar.com\/avatar\/94cb36f58dbc034cdf9b7032ddc49ce2e1b34ebecaad083aa00e2fe46d3f299b?s=96&d=mm&r=g","caption":"Martina Ziegerer"},"sameAs":["https:\/\/www.zewo.ch\/"]}]}},"publishpress_future_action":{"enabled":false,"date":"2026-05-06 23:31:35","action":"change-status","newStatus":"draft","terms":[],"taxonomy":"category","extraData":[]},"publishpress_future_workflow_manual_trigger":{"enabledWorkflows":[]},"_links":{"self":[{"href":"https:\/\/zewo.ch\/de\/wp-json\/wp\/v2\/posts\/346939","targetHints":{"allow":["GET"]}}],"collection":[{"href":"https:\/\/zewo.ch\/de\/wp-json\/wp\/v2\/posts"}],"about":[{"href":"https:\/\/zewo.ch\/de\/wp-json\/wp\/v2\/types\/post"}],"author":[{"embeddable":true,"href":"https:\/\/zewo.ch\/de\/wp-json\/wp\/v2\/users\/7"}],"replies":[{"embeddable":true,"href":"https:\/\/zewo.ch\/de\/wp-json\/wp\/v2\/comments?post=346939"}],"version-history":[{"count":18,"href":"https:\/\/zewo.ch\/de\/wp-json\/wp\/v2\/posts\/346939\/revisions"}],"predecessor-version":[{"id":377351,"href":"https:\/\/zewo.ch\/de\/wp-json\/wp\/v2\/posts\/346939\/revisions\/377351"}],"wp:featuredmedia":[{"embeddable":true,"href":"https:\/\/zewo.ch\/de\/wp-json\/wp\/v2\/media\/377155"}],"wp:attachment":[{"href":"https:\/\/zewo.ch\/de\/wp-json\/wp\/v2\/media?parent=346939"}],"wp:term":[{"taxonomy":"category","embeddable":true,"href":"https:\/\/zewo.ch\/de\/wp-json\/wp\/v2\/categories?post=346939"},{"taxonomy":"post_tag","embeddable":true,"href":"https:\/\/zewo.ch\/de\/wp-json\/wp\/v2\/tags?post=346939"}],"curies":[{"name":"wp","href":"https:\/\/api.w.org\/{rel}","templated":true}]}}